{"id":79758,"date":"2025-07-29T08:31:04","date_gmt":"2025-07-29T11:31:04","guid":{"rendered":"https:\/\/www.tvnovelas.com.br\/tvnews\/?p=79758"},"modified":"2025-07-29T08:31:04","modified_gmt":"2025-07-29T11:31:04","slug":"em-eta-mundo-melhor-margarida-consegue-nova-chance-para-dita-na-radio","status":"publish","type":"post","link":"https:\/\/www.tvnovelas.com.br\/tvnews\/em-eta-mundo-melhor-margarida-consegue-nova-chance-para-dita-na-radio\/","title":{"rendered":"Em \u00cata Mundo Melhor!, Margarida consegue nova chance para Dita na r\u00e1dio"},"content":{"rendered":"<figure id=\"attachment_79759\" aria-describedby=\"caption-attachment-79759\" style=\"width: 728px\" class=\"wp-caption alignnone\"><img data-recalc-dims=\"1\" decoding=\"async\" class=\"wp-image-79759 size-full\" title=\"(Foto: TV Globo\/\u00cata Mundo Melhor!)\" src=\"https:\/\/i0.wp.com\/www.tvnovelas.com.br\/tvnews\/wp-content\/uploads\/2025\/07\/11631.jpg?resize=728%2C409&#038;ssl=1\" alt=\"Foto erm Em \u00cata Mundo Melhor!, Margarida consegue nova chance para Dita na r\u00e1dio\" width=\"728\" height=\"409\" srcset=\"https:\/\/i0.wp.com\/www.tvnovelas.com.br\/tvnews\/wp-content\/uploads\/2025\/07\/11631.jpg?w=728&amp;ssl=1 728w, https:\/\/i0.wp.com\/www.tvnovelas.com.br\/tvnews\/wp-content\/uploads\/2025\/07\/11631.jpg?resize=250%2C140&amp;ssl=1 250w\" sizes=\"(max-width: 728px) 100vw, 728px\" \/><figcaption id=\"caption-attachment-79759\" class=\"wp-caption-text\">Em \u00cata Mundo Melhor!, Margarida consegue nova chance para Dita na r\u00e1dio<\/figcaption><\/figure>\n<p>Em \u00cata Mundo Melhor!, uma verdadeira prova de amizade vai dar o tom na trama. Margarida (N\u00edvea Maria), que tem apoiado Dita (Jeniffer Nascimento) desde que ela chegou a S\u00e3o Paulo, vai fazer de tudo para que sua h\u00f3spede da pens\u00e3o tenha mais uma chance na r\u00e1dio.<\/p>\n<p>E, para isso, ela vai lan\u00e7ar m\u00e3o de seu pr\u00f3prio passado. Margarida d\u00e1 a entender que j\u00e1 viveu uma hist\u00f3ria em comum com L\u00facio (Tony Tornado), o dono da r\u00e1dio.<\/p>\n<p>&#8220;Conhe\u00e7o L\u00facio muito bem. De outros carnavais.&#8221;<\/p>\n<p>&#8220;I \u00e9? E pur qui\u00e9 qui a sinhora nunca fal\u00f4 nada pra n\u00f3is esse tempo todo?&#8221;, indaga Dita.<\/p>\n<p>&#8220;Tem coisas que prefiro deixar no passado&#8221;, responde a dona da pens\u00e3o, misteriosa.<\/p>\n<p>Elas, ent\u00e3o, partem para a r\u00e1dio. Ao ver Margarida, L\u00facio n\u00e3o esconde a alegria, e o passado dela vem \u00e0 tona: a dona da pens\u00e3o j\u00e1 foi dan\u00e7arina do teatro de revista! Manoela (Dhu Moraes) mal acredita quando descobre:<\/p>\n<p>&#8220;A sinhora dan\u00e7ava no parco?&#8221;<\/p>\n<p>&#8220;S\u00f3 de maiozinho. Era coberto de lantejoulas. Usava tamb\u00e9m uma cauda de pav\u00e3o. Tinham que ver!&#8221;, ela responde, orgulhosa.]<\/p>\n<p>Determinada, Margarida diz a L\u00facio que foi at\u00e9 a r\u00e1dio interceder por Dita, pedindo uma nova chance \u00e0 cantora. Surge um clima de flerte entre os dois, e L\u00facio cede ao pedido:<\/p>\n<p>&#8220;Seu pedido \u00e9 uma ordem, Mimi. Dita subir\u00e1 ao palco hoje mesmo, mas preciso alertar: a plateia \u00e9 soberana. Se aplaudir, ela fica, mas, se vaiar, est\u00e1 fora.&#8221;<br \/>\n<!--FIM DO POST--><\/p>\n<h2>Sobre a novela:<\/h2>\n<p><a href=\"https:\/\/tvnovelas.com.br\/page2\/arquivo\/eta-mundo-melhor-a-volta-de-candinho-e-policarpo\/&quot;\" target=\"_blank\" rel=\"noopener\">\u00cata Mundo Melhor!: A volta de Candinho e Policarpo<\/a> (Sinopse)<br \/>\n<a href=\"https:\/\/pt.wikipedia.org\/wiki\/%C3%8Ata_Mundo_Melhor!\" target=\"_blank\" rel=\"noopener\">Sobre \u00cata Mundo Melhor!, na Wikipedia<\/a><\/p>\n<div style=\"font-size: 120%;\"><h3>Confira tamb\u00e9m<\/h3>\r\n<a href=\"https:\/\/tvnovelas.com.br\/novelas\/\" rel=\"noopener\" target=\"_blank\"><strong>Todos os resumos de novelas<\/strong><\/a><\/br>\r\n<a href=\"https:\/\/www.tvnovelas.com.br\/tvnews\/\" rel=\"noopener\" target=\"_blank\"><strong>\u00daltimas not\u00edcias das novelas<\/strong><\/a><\/br>\r\n<a href=\"https:\/\/www.tvnovelas.com.br\/filmes\/\" target=\"_blank\" rel=\"noopener noreferrer\"><strong>Programa\u00e7\u00e3o de filmes na TV aberta<\/strong><\/a><\/br>\r\n<a href=\"https:\/\/caetenews.com.br\/semana\/filmes-da-globo-na-sessao-da-tarde-desta-semana\/\" target=\"_blank\" rel=\"noopener\"><strong>Confira os filmes da semana na Sess\u00e3o da Tarde<\/strong><\/a><\/br>\r\n<a href=\"https:\/\/classindportal.mj.gov.br\/consulta-filmes\" target=\"_blank\" rel=\"noopener\"><strong>Consulte a classifica\u00e7\u00e3o indicativa dos filmes e novelas<\/strong><\/a><\/br><\/div>\n","protected":false},"excerpt":{"rendered":"<p>Em \u00cata Mundo Melhor!, Margarida consegue nova chance para Dita na r\u00e1dio&#8230; Em \u00cata Mundo Melhor!, uma verdadeira prova de amizade vai dar o tom na trama&#8230;<\/p>\n","protected":false},"author":1,"featured_media":79759,"comment_status":"closed","ping_status":"closed","sticky":false,"template":"","format":"standard","meta":{"_uf_show_specific_survey":0,"_uf_disable_surveys":false,"_jetpack_memberships_contains_paid_content":false,"footnotes":"","_wp_rev_ctl_limit":""},"categories":[920],"tags":[921,5,64],"class_list":["post-79758","post","type-post","status-publish","format-standard","has-post-thumbnail","hentry","category-eta-mundo-melhor","tag-eta-mundo-melhor","tag-globo","tag-novelas","wpcat-920-id"],"aioseo_notices":[],"jetpack_featured_media_url":"https:\/\/i0.wp.com\/www.tvnovelas.com.br\/tvnews\/wp-content\/uploads\/2025\/07\/11631.jpg?fit=728%2C409&ssl=1","jetpack_shortlink":"https:\/\/wp.me\/pdP2BO-kKq","jetpack_sharing_enabled":true,"_links":{"self":[{"href":"https:\/\/www.tvnovelas.com.br\/tvnews\/wp-json\/wp\/v2\/posts\/79758","targetHints":{"allow":["GET"]}}],"collection":[{"href":"https:\/\/www.tvnovelas.com.br\/tvnews\/wp-json\/wp\/v2\/posts"}],"about":[{"href":"https:\/\/www.tvnovelas.com.br\/tvnews\/wp-json\/wp\/v2\/types\/post"}],"author":[{"embeddable":true,"href":"https:\/\/www.tvnovelas.com.br\/tvnews\/wp-json\/wp\/v2\/users\/1"}],"replies":[{"embeddable":true,"href":"https:\/\/www.tvnovelas.com.br\/tvnews\/wp-json\/wp\/v2\/comments?post=79758"}],"version-history":[{"count":1,"href":"https:\/\/www.tvnovelas.com.br\/tvnews\/wp-json\/wp\/v2\/posts\/79758\/revisions"}],"predecessor-version":[{"id":79760,"href":"https:\/\/www.tvnovelas.com.br\/tvnews\/wp-json\/wp\/v2\/posts\/79758\/revisions\/79760"}],"wp:featuredmedia":[{"embeddable":true,"href":"https:\/\/www.tvnovelas.com.br\/tvnews\/wp-json\/wp\/v2\/media\/79759"}],"wp:attachment":[{"href":"https:\/\/www.tvnovelas.com.br\/tvnews\/wp-json\/wp\/v2\/media?parent=79758"}],"wp:term":[{"taxonomy":"category","embeddable":true,"href":"https:\/\/www.tvnovelas.com.br\/tvnews\/wp-json\/wp\/v2\/categories?post=79758"},{"taxonomy":"post_tag","embeddable":true,"href":"https:\/\/www.tvnovelas.com.br\/tvnews\/wp-json\/wp\/v2\/tags?post=79758"}],"curies":[{"name":"wp","href":"https:\/\/api.w.org\/{rel}","templated":true}]}}