{"id":79762,"date":"2025-07-29T08:43:47","date_gmt":"2025-07-29T11:43:47","guid":{"rendered":"https:\/\/www.tvnovelas.com.br\/tvnews\/?p=79762"},"modified":"2025-07-29T08:43:47","modified_gmt":"2025-07-29T11:43:47","slug":"dona-de-mim-nina-rouba-beijo-de-danilo","status":"publish","type":"post","link":"https:\/\/www.tvnovelas.com.br\/tvnews\/dona-de-mim-nina-rouba-beijo-de-danilo\/","title":{"rendered":"Dona de Mim: Nina rouba beijo de Danilo"},"content":{"rendered":"<figure id=\"attachment_79763\" aria-describedby=\"caption-attachment-79763\" style=\"width: 726px\" class=\"wp-caption alignnone\"><img data-recalc-dims=\"1\" decoding=\"async\" class=\"wp-image-79763 size-full\" title=\"(Foto: TV Globo\/Dona de Mim)\" src=\"https:\/\/i0.wp.com\/www.tvnovelas.com.br\/tvnews\/wp-content\/uploads\/2025\/07\/11632.jpg?resize=726%2C410&#038;ssl=1\" alt=\"Foto em Dona de Mim: Nina rouba beijo de Danilo\" width=\"726\" height=\"410\" srcset=\"https:\/\/i0.wp.com\/www.tvnovelas.com.br\/tvnews\/wp-content\/uploads\/2025\/07\/11632.jpg?w=726&amp;ssl=1 726w, https:\/\/i0.wp.com\/www.tvnovelas.com.br\/tvnews\/wp-content\/uploads\/2025\/07\/11632.jpg?resize=250%2C141&amp;ssl=1 250w\" sizes=\"(max-width: 726px) 100vw, 726px\" \/><figcaption id=\"caption-attachment-79763\" class=\"wp-caption-text\">Dona de Mim: Nina rouba beijo de Danilo<\/figcaption><\/figure>\n<p>Em Dona de Mim, desde que voltou ao Brasil, Nina (Flora Camolese) est\u00e1 desconfiada de que entre sua m\u00e3e, Filipa (Cl\u00e1udia Abreu), e Danilo (Felipe Simas) h\u00e1 mais do que uma rela\u00e7\u00e3o profissional. E ela tentar\u00e1 descobrir o que o motorista tem de especial. Para isso, Nina roubar\u00e1 um beijo de Danilo!<\/p>\n<p>Primeiro, Nina ir\u00e1 questionar Danilo sobre seus sentimentos por Filipa, ap\u00f3s flagrar mais uma conversa entre os dois na mans\u00e3o.<\/p>\n<p>\u201cO encontro amoroso j\u00e1 acabou?\u201d, ironiza Nina.<\/p>\n<p>\u201cPara de falar besteira, garota\u201d, reage Danilo.<br \/>\n]<br \/>\nDanilo, ent\u00e3o, ir\u00e1 entregar que de fato j\u00e1 quis ter algo a mais com Filipa.<\/p>\n<p>\u201cEst\u00e1 querendo me constranger no trabalho? Fui a fim da tua m\u00e3e, e da\u00ed? N\u00e3o sou mais. Fim.\u201d<\/p>\n<p>\u201cFim mesmo? N\u00e3o achei. Nem da sua parte e&#8230; nem da parte dela. O que ser\u00e1 que voc\u00ea tem de n\u00e3o especial?\u201d, questiona ela.]<\/p>\n<p>Danilo ficar\u00e1 impaciente, mas Nina o pegar\u00e1 de surpresa e lhe roubar\u00e1 um beijo!<br \/>\n<!--FIM--><br \/>\n<strong>Sobre a novela<\/strong><br \/>\n<a href=\"https:\/\/wp.me\/pfspD2-UO\" target=\"_blank\" rel=\"noopener\">Dona de Mim: A trama da novela<\/a><br \/>\n<a href=\"https:\/\/wp.me\/pfspD2-UG\" target=\"_blank\" rel=\"noopener\">Dona de Mim: A fam\u00edlia Boaz e seu imp\u00e9rio de lingerie<\/a><\/p>\n<div style=\"font-size: 120%;\"><h3>Confira tamb\u00e9m<\/h3>\r\n<a href=\"https:\/\/tvnovelas.com.br\/novelas\/\" rel=\"noopener\" target=\"_blank\"><strong>Todos os resumos de novelas<\/strong><\/a><\/br>\r\n<a href=\"https:\/\/www.tvnovelas.com.br\/tvnews\/\" rel=\"noopener\" target=\"_blank\"><strong>\u00daltimas not\u00edcias das novelas<\/strong><\/a><\/br>\r\n<a href=\"https:\/\/www.tvnovelas.com.br\/filmes\/\" target=\"_blank\" rel=\"noopener noreferrer\"><strong>Programa\u00e7\u00e3o de filmes na TV aberta<\/strong><\/a><\/br>\r\n<a href=\"https:\/\/caetenews.com.br\/semana\/filmes-da-globo-na-sessao-da-tarde-desta-semana\/\" target=\"_blank\" rel=\"noopener\"><strong>Confira os filmes da semana na Sess\u00e3o da Tarde<\/strong><\/a><\/br>\r\n<a href=\"https:\/\/classindportal.mj.gov.br\/consulta-filmes\" target=\"_blank\" rel=\"noopener\"><strong>Consulte a classifica\u00e7\u00e3o indicativa dos filmes e novelas<\/strong><\/a><\/br><\/div>\n","protected":false},"excerpt":{"rendered":"<p>Dona de Mim: Nina rouba beijo de Danilo&#8230; Em Dona de Mim, desde que voltou ao Brasil, Nina (Flora Camolese) est\u00e1 desconfiada de que entre sua m\u00e3e&#8230;<\/p>\n","protected":false},"author":1,"featured_media":79763,"comment_status":"closed","ping_status":"closed","sticky":false,"template":"","format":"standard","meta":{"_uf_show_specific_survey":0,"_uf_disable_surveys":false,"_jetpack_memberships_contains_paid_content":false,"footnotes":"","_wp_rev_ctl_limit":""},"categories":[884],"tags":[883,5,64],"class_list":["post-79762","post","type-post","status-publish","format-standard","has-post-thumbnail","hentry","category-dona-de-mim","tag-dona-de-mim","tag-globo","tag-novelas","wpcat-884-id"],"aioseo_notices":[],"jetpack_featured_media_url":"https:\/\/i0.wp.com\/www.tvnovelas.com.br\/tvnews\/wp-content\/uploads\/2025\/07\/11632.jpg?fit=726%2C410&ssl=1","jetpack_shortlink":"https:\/\/wp.me\/pdP2BO-kKu","jetpack_sharing_enabled":true,"_links":{"self":[{"href":"https:\/\/www.tvnovelas.com.br\/tvnews\/wp-json\/wp\/v2\/posts\/79762","targetHints":{"allow":["GET"]}}],"collection":[{"href":"https:\/\/www.tvnovelas.com.br\/tvnews\/wp-json\/wp\/v2\/posts"}],"about":[{"href":"https:\/\/www.tvnovelas.com.br\/tvnews\/wp-json\/wp\/v2\/types\/post"}],"author":[{"embeddable":true,"href":"https:\/\/www.tvnovelas.com.br\/tvnews\/wp-json\/wp\/v2\/users\/1"}],"replies":[{"embeddable":true,"href":"https:\/\/www.tvnovelas.com.br\/tvnews\/wp-json\/wp\/v2\/comments?post=79762"}],"version-history":[{"count":1,"href":"https:\/\/www.tvnovelas.com.br\/tvnews\/wp-json\/wp\/v2\/posts\/79762\/revisions"}],"predecessor-version":[{"id":79764,"href":"https:\/\/www.tvnovelas.com.br\/tvnews\/wp-json\/wp\/v2\/posts\/79762\/revisions\/79764"}],"wp:featuredmedia":[{"embeddable":true,"href":"https:\/\/www.tvnovelas.com.br\/tvnews\/wp-json\/wp\/v2\/media\/79763"}],"wp:attachment":[{"href":"https:\/\/www.tvnovelas.com.br\/tvnews\/wp-json\/wp\/v2\/media?parent=79762"}],"wp:term":[{"taxonomy":"category","embeddable":true,"href":"https:\/\/www.tvnovelas.com.br\/tvnews\/wp-json\/wp\/v2\/categories?post=79762"},{"taxonomy":"post_tag","embeddable":true,"href":"https:\/\/www.tvnovelas.com.br\/tvnews\/wp-json\/wp\/v2\/tags?post=79762"}],"curies":[{"name":"wp","href":"https:\/\/api.w.org\/{rel}","templated":true}]}}