{"id":79767,"date":"2025-07-29T09:07:51","date_gmt":"2025-07-29T12:07:51","guid":{"rendered":"https:\/\/www.tvnovelas.com.br\/tvnews\/?p=79767"},"modified":"2025-07-29T09:07:51","modified_gmt":"2025-07-29T12:07:51","slug":"vale-tudo-heleninha-sumiu","status":"publish","type":"post","link":"https:\/\/www.tvnovelas.com.br\/tvnews\/vale-tudo-heleninha-sumiu\/","title":{"rendered":"Vale Tudo: Heleninha sumiu!"},"content":{"rendered":"<figure id=\"attachment_79768\" aria-describedby=\"caption-attachment-79768\" style=\"width: 728px\" class=\"wp-caption alignnone\"><img data-recalc-dims=\"1\" decoding=\"async\" class=\"wp-image-79768 size-full\" title=\"(Foto: TV Globo\/Vale Tudo)\" src=\"https:\/\/i0.wp.com\/www.tvnovelas.com.br\/tvnews\/wp-content\/uploads\/2025\/07\/11633.jpg?resize=728%2C410&#038;ssl=1\" alt=\"Foto em Vale Tudo: Heleninha sumiu!\" width=\"728\" height=\"410\" srcset=\"https:\/\/i0.wp.com\/www.tvnovelas.com.br\/tvnews\/wp-content\/uploads\/2025\/07\/11633.jpg?w=728&amp;ssl=1 728w, https:\/\/i0.wp.com\/www.tvnovelas.com.br\/tvnews\/wp-content\/uploads\/2025\/07\/11633.jpg?resize=250%2C141&amp;ssl=1 250w\" sizes=\"(max-width: 728px) 100vw, 728px\" \/><figcaption id=\"caption-attachment-79768\" class=\"wp-caption-text\">Vale Tudo: Heleninha sumiu!<\/figcaption><\/figure>\n<p>Em Vale Tudo, Heleninha Roitman (Paolla Oliveira) voltar\u00e1 com toda a intensidade \u00e0 sua espiral de autodestrui\u00e7\u00e3o. Ap\u00f3s Ivan (Renato G\u00f3es) anunciar que deseja se separar, a pintora ir\u00e1 sumir da mans\u00e3o de Celina (Malu Galli), sem dar not\u00edcias a ningu\u00e9m.<\/p>\n<p>Sabendo que a m\u00e3e est\u00e1 em crise, Tiago (Pedro Waddington) ir\u00e1 visit\u00e1-la, mas, ao chegar no quarto, n\u00e3o vai encontr\u00e1-la.<\/p>\n<p>\u201cTia Celina, a minha m\u00e3e n\u00e3o est\u00e1 aqui\u201d, ir\u00e1 dizer o jovem.<\/p>\n<p>\u201cMas eu vi a Heleninha subindo quando ela chegou da terapia\u201d, lembrar\u00e1 a madame.<\/p>\n<p>Neste momento, Eug\u00eanio (Lu\u00eds Salem) chegar\u00e1, trazendo uma not\u00edcia preocupante \u00e0 fam\u00edlia.<\/p>\n<p>\u201cDona Celina, o seguran\u00e7a acabou de me avisar que a dona Heleninha saiu da casa a p\u00e9\u201d, avisar\u00e1 o mordomo.<\/p>\n<p>\u201cEu n\u00e3o acredito nisso&#8230; pra onde ser\u00e1 que a ela foi agora?\u201d, questionar\u00e1 Celina, j\u00e1 aflita, pois conhece melhor que ningu\u00e9m o hist\u00f3rico da sobrinha.<\/p>\n<p>O sumi\u00e7o de Heleninha abalar\u00e1 as estruturas da fam\u00edlia Roitman.<br \/>\n<!--FIM--><br \/>\n<strong>Sobre a novela<\/strong><\/p>\n<p><a href=\"https:\/\/wp.me\/pfspD2-U7\" target=\"_blank\" rel=\"noopener\">Vale Tudo: Conflitos de princ\u00edpios e valores (Sinopse)<\/a><\/p>\n<p><a href=\"https:\/\/wp.me\/pfspD2-oI\" target=\"_blank\" rel=\"noopener\">Vale Tudo: Invers\u00e3o de valores no final dos anos 1980<\/a> (Sinopse)<\/p>\n<div style=\"font-size: 120%;\"><h3>Confira tamb\u00e9m<\/h3>\r\n<a href=\"https:\/\/tvnovelas.com.br\/novelas\/\" rel=\"noopener\" target=\"_blank\"><strong>Todos os resumos de novelas<\/strong><\/a><\/br>\r\n<a href=\"https:\/\/www.tvnovelas.com.br\/tvnews\/\" rel=\"noopener\" target=\"_blank\"><strong>\u00daltimas not\u00edcias das novelas<\/strong><\/a><\/br>\r\n<a href=\"https:\/\/www.tvnovelas.com.br\/filmes\/\" target=\"_blank\" rel=\"noopener noreferrer\"><strong>Programa\u00e7\u00e3o de filmes na TV aberta<\/strong><\/a><\/br>\r\n<a href=\"https:\/\/caetenews.com.br\/semana\/filmes-da-globo-na-sessao-da-tarde-desta-semana\/\" target=\"_blank\" rel=\"noopener\"><strong>Confira os filmes da semana na Sess\u00e3o da Tarde<\/strong><\/a><\/br>\r\n<a href=\"https:\/\/classindportal.mj.gov.br\/consulta-filmes\" target=\"_blank\" rel=\"noopener\"><strong>Consulte a classifica\u00e7\u00e3o indicativa dos filmes e novelas<\/strong><\/a><\/br><br \/>\n&lt;\/div<\/div>\n","protected":false},"excerpt":{"rendered":"<p>Vale Tudo: Heleninha sumiu!&#8230; Em Vale Tudo, Heleninha Roitman (Paolla Oliveira) voltar\u00e1 com toda a intensidade \u00e0 sua espiral de autodestrui\u00e7\u00e3o. Ap\u00f3s Ivan&#8230;<\/p>\n","protected":false},"author":1,"featured_media":79768,"comment_status":"closed","ping_status":"closed","sticky":false,"template":"","format":"standard","meta":{"_uf_show_specific_survey":0,"_uf_disable_surveys":false,"_jetpack_memberships_contains_paid_content":false,"footnotes":"","_wp_rev_ctl_limit":""},"categories":[871],"tags":[5,64,801],"class_list":["post-79767","post","type-post","status-publish","format-standard","has-post-thumbnail","hentry","category-vale-tudo","tag-globo","tag-novelas","tag-vale-tudo","wpcat-871-id"],"aioseo_notices":[],"jetpack_featured_media_url":"https:\/\/i0.wp.com\/www.tvnovelas.com.br\/tvnews\/wp-content\/uploads\/2025\/07\/11633.jpg?fit=728%2C410&ssl=1","jetpack_shortlink":"https:\/\/wp.me\/pdP2BO-kKz","jetpack_sharing_enabled":true,"_links":{"self":[{"href":"https:\/\/www.tvnovelas.com.br\/tvnews\/wp-json\/wp\/v2\/posts\/79767","targetHints":{"allow":["GET"]}}],"collection":[{"href":"https:\/\/www.tvnovelas.com.br\/tvnews\/wp-json\/wp\/v2\/posts"}],"about":[{"href":"https:\/\/www.tvnovelas.com.br\/tvnews\/wp-json\/wp\/v2\/types\/post"}],"author":[{"embeddable":true,"href":"https:\/\/www.tvnovelas.com.br\/tvnews\/wp-json\/wp\/v2\/users\/1"}],"replies":[{"embeddable":true,"href":"https:\/\/www.tvnovelas.com.br\/tvnews\/wp-json\/wp\/v2\/comments?post=79767"}],"version-history":[{"count":1,"href":"https:\/\/www.tvnovelas.com.br\/tvnews\/wp-json\/wp\/v2\/posts\/79767\/revisions"}],"predecessor-version":[{"id":79769,"href":"https:\/\/www.tvnovelas.com.br\/tvnews\/wp-json\/wp\/v2\/posts\/79767\/revisions\/79769"}],"wp:featuredmedia":[{"embeddable":true,"href":"https:\/\/www.tvnovelas.com.br\/tvnews\/wp-json\/wp\/v2\/media\/79768"}],"wp:attachment":[{"href":"https:\/\/www.tvnovelas.com.br\/tvnews\/wp-json\/wp\/v2\/media?parent=79767"}],"wp:term":[{"taxonomy":"category","embeddable":true,"href":"https:\/\/www.tvnovelas.com.br\/tvnews\/wp-json\/wp\/v2\/categories?post=79767"},{"taxonomy":"post_tag","embeddable":true,"href":"https:\/\/www.tvnovelas.com.br\/tvnews\/wp-json\/wp\/v2\/tags?post=79767"}],"curies":[{"name":"wp","href":"https:\/\/api.w.org\/{rel}","templated":true}]}}