{"id":79776,"date":"2025-07-29T10:38:19","date_gmt":"2025-07-29T13:38:19","guid":{"rendered":"https:\/\/www.tvnovelas.com.br\/tvnews\/?p=79776"},"modified":"2025-07-29T10:38:51","modified_gmt":"2025-07-29T13:38:51","slug":"as-filhas-da-senhora-garcia-arturo-compra-casa-para-presentear-valeria","status":"publish","type":"post","link":"https:\/\/www.tvnovelas.com.br\/tvnews\/as-filhas-da-senhora-garcia-arturo-compra-casa-para-presentear-valeria\/","title":{"rendered":"As Filhas da Senhora Garcia: Arturo compra casa para presentear Val\u00e9ria"},"content":{"rendered":"<figure id=\"attachment_79777\" aria-describedby=\"caption-attachment-79777\" style=\"width: 728px\" class=\"wp-caption alignnone\"><img data-recalc-dims=\"1\" decoding=\"async\" class=\"wp-image-79777 size-full\" title=\"(Foto: Televisa\/SBT\/As Filhas da Senhora Garcia)\" src=\"https:\/\/i0.wp.com\/www.tvnovelas.com.br\/tvnews\/wp-content\/uploads\/2025\/07\/11635.jpg?resize=728%2C410&#038;ssl=1\" alt=\"Foto em As Filhas da Senhora Garcia: Arturo compra casa para presentear Val\u00e9ria\" width=\"728\" height=\"410\" srcset=\"https:\/\/i0.wp.com\/www.tvnovelas.com.br\/tvnews\/wp-content\/uploads\/2025\/07\/11635.jpg?w=728&amp;ssl=1 728w, https:\/\/i0.wp.com\/www.tvnovelas.com.br\/tvnews\/wp-content\/uploads\/2025\/07\/11635.jpg?resize=250%2C141&amp;ssl=1 250w\" sizes=\"(max-width: 728px) 100vw, 728px\" \/><figcaption id=\"caption-attachment-79777\" class=\"wp-caption-text\">As Filhas da Senhora Garcia: Arturo compra casa para presentear Val\u00e9ria<\/figcaption><\/figure>\n<p>No cap\u00edtulo de As Filhas da Senhora Garcia desta ter\u00e7a, dia 29, Of\u00e9lia fica escandalizada ao saber que Valeria dormiu na rua porque est\u00e1 sem dinheiro e sem trabalho, que foi demitida porque acham que ela estava se envolvendo com Arturo. Of\u00e9lia diz que ela deveria ter contado, e Valeria responde que n\u00e3o o fez para que ela n\u00e3o usasse a situa\u00e7\u00e3o como fez quando Mar doou sangue.<\/p>\n<p>Arturo compra a casa que Of\u00e9lia alugava e diz a Valeria que \u00e9 para ela. Orgulhosa e desconfiada das inten\u00e7\u00f5es por tr\u00e1s da compra, Valeria n\u00e3o aceita. Ele diz que ent\u00e3o ela pode morar l\u00e1 e pagar aluguel. Arturo tenta convencer Valeria de que sente algo por ela que nunca sentiu por ningu\u00e9m. Ela n\u00e3o acredita.<\/p>\n<p>Confira o resumo do cap\u00edtulo de hoje:<\/p>\n<h2 style=\"color: #3e5f44;\">Resumo de ter\u00e7a-feira, 29 de julho<\/h2>\n<p>Mar diz a Juan que n\u00e3o aguenta mais, que a chamaram de ladra por causa do perfume. Juan diz que \u00e9 muito caro, mas que vai comprar outro, e que em um m\u00eas eles podem morar juntos \u2014 ele levar\u00e1 a m\u00e3e e a irm\u00e3. Mar responde que a m\u00e3e dela jamais aceitar\u00e1 isso. Of\u00e9lia fica escandalizada ao saber que Valeria dormiu na rua porque est\u00e1 sem dinheiro e sem trabalho, que foi demitida porque acham que ela estava se envolvendo com Arturo. Of\u00e9lia diz que ela deveria ter contado, e Valeria responde que n\u00e3o o fez para que ela n\u00e3o usasse a situa\u00e7\u00e3o como fez quando Mar doou sangue.<\/p>\n<p>As vizinhas de Of\u00e9lia ficam felizes com sua partida. Ela lembra a todas que, quando precisaram, ela as ajudou \u2014 mas que agora, a veem ca\u00edda e querem chut\u00e1-la. Arturo compra a casa que Of\u00e9lia alugava e diz a Valeria que \u00e9 para ela. Como Valeria n\u00e3o aceita, ele diz que ent\u00e3o ela pode morar l\u00e1 e pagar aluguel. Arturo tenta convencer Valeria de que sente algo por ela que nunca sentiu por ningu\u00e9m. Ela n\u00e3o acredita. Of\u00e9lia, furiosa, d\u00e1 um tapa em Mar ao encontrar o anel de noivado que Juan lhe deu, e diz que os dois querem se casar. Graciela se irrita ao ouvir os gritos de Of\u00e9lia e Mar. Of\u00e9lia diz a Mar que n\u00e3o quer que ela termine pobre e feia \u2014 e que \u00e9 exatamente isso que a espera se casar com Juan.<br \/>\n<!--FIM--><\/p>\n<div style=\"font-size: 120%;\"><h3>Confira tamb\u00e9m<\/h3>\r\n<a href=\"https:\/\/tvnovelas.com.br\/novelas\/\" rel=\"noopener\" target=\"_blank\"><strong>Todos os resumos de novelas<\/strong><\/a><\/br>\r\n<a href=\"https:\/\/www.tvnovelas.com.br\/tvnews\/\" rel=\"noopener\" target=\"_blank\"><strong>\u00daltimas not\u00edcias das novelas<\/strong><\/a><\/br>\r\n<a href=\"https:\/\/www.tvnovelas.com.br\/filmes\/\" target=\"_blank\" rel=\"noopener noreferrer\"><strong>Programa\u00e7\u00e3o de filmes na TV aberta<\/strong><\/a><\/br>\r\n<a href=\"https:\/\/caetenews.com.br\/semana\/filmes-da-globo-na-sessao-da-tarde-desta-semana\/\" target=\"_blank\" rel=\"noopener\"><strong>Confira os filmes da semana na Sess\u00e3o da Tarde<\/strong><\/a><\/br>\r\n<a href=\"https:\/\/classindportal.mj.gov.br\/consulta-filmes\" target=\"_blank\" rel=\"noopener\"><strong>Consulte a classifica\u00e7\u00e3o indicativa dos filmes e novelas<\/strong><\/a><\/br><\/div>\n","protected":false},"excerpt":{"rendered":"<p>As Filhas da Senhora Garcia: Arturo compra casa para presentear Val\u00e9ria&#8230; No cap\u00edtulo de As Filhas da Senhora Garcia desta ter\u00e7a, dia 29, Of\u00e9lia fica escandalizada&#8230;<\/p>\n","protected":false},"author":1,"featured_media":79777,"comment_status":"closed","ping_status":"closed","sticky":false,"template":"","format":"standard","meta":{"_uf_show_specific_survey":0,"_uf_disable_surveys":false,"_jetpack_memberships_contains_paid_content":false,"footnotes":"","_wp_rev_ctl_limit":""},"categories":[930],"tags":[931,5,64],"class_list":["post-79776","post","type-post","status-publish","format-standard","has-post-thumbnail","hentry","category-as-filhas-da-senhora-garcia","tag-as-filhas-da-senhora-garcia","tag-globo","tag-novelas","wpcat-930-id"],"aioseo_notices":[],"jetpack_featured_media_url":"https:\/\/i0.wp.com\/www.tvnovelas.com.br\/tvnews\/wp-content\/uploads\/2025\/07\/11635.jpg?fit=728%2C410&ssl=1","jetpack_shortlink":"https:\/\/wp.me\/pdP2BO-kKI","jetpack_sharing_enabled":true,"_links":{"self":[{"href":"https:\/\/www.tvnovelas.com.br\/tvnews\/wp-json\/wp\/v2\/posts\/79776","targetHints":{"allow":["GET"]}}],"collection":[{"href":"https:\/\/www.tvnovelas.com.br\/tvnews\/wp-json\/wp\/v2\/posts"}],"about":[{"href":"https:\/\/www.tvnovelas.com.br\/tvnews\/wp-json\/wp\/v2\/types\/post"}],"author":[{"embeddable":true,"href":"https:\/\/www.tvnovelas.com.br\/tvnews\/wp-json\/wp\/v2\/users\/1"}],"replies":[{"embeddable":true,"href":"https:\/\/www.tvnovelas.com.br\/tvnews\/wp-json\/wp\/v2\/comments?post=79776"}],"version-history":[{"count":2,"href":"https:\/\/www.tvnovelas.com.br\/tvnews\/wp-json\/wp\/v2\/posts\/79776\/revisions"}],"predecessor-version":[{"id":79779,"href":"https:\/\/www.tvnovelas.com.br\/tvnews\/wp-json\/wp\/v2\/posts\/79776\/revisions\/79779"}],"wp:featuredmedia":[{"embeddable":true,"href":"https:\/\/www.tvnovelas.com.br\/tvnews\/wp-json\/wp\/v2\/media\/79777"}],"wp:attachment":[{"href":"https:\/\/www.tvnovelas.com.br\/tvnews\/wp-json\/wp\/v2\/media?parent=79776"}],"wp:term":[{"taxonomy":"category","embeddable":true,"href":"https:\/\/www.tvnovelas.com.br\/tvnews\/wp-json\/wp\/v2\/categories?post=79776"},{"taxonomy":"post_tag","embeddable":true,"href":"https:\/\/www.tvnovelas.com.br\/tvnews\/wp-json\/wp\/v2\/tags?post=79776"}],"curies":[{"name":"wp","href":"https:\/\/api.w.org\/{rel}","templated":true}]}}