{"id":79800,"date":"2025-07-29T17:11:41","date_gmt":"2025-07-29T20:11:41","guid":{"rendered":"https:\/\/www.tvnovelas.com.br\/tvnews\/?p=79800"},"modified":"2025-07-29T17:11:41","modified_gmt":"2025-07-29T20:11:41","slug":"vale-tudo-odete-encurrala-ivan","status":"publish","type":"post","link":"https:\/\/www.tvnovelas.com.br\/tvnews\/vale-tudo-odete-encurrala-ivan\/","title":{"rendered":"Vale Tudo: Odete encurrala Ivan"},"content":{"rendered":"<figure id=\"attachment_79802\" aria-describedby=\"caption-attachment-79802\" style=\"width: 728px\" class=\"wp-caption alignnone\"><img data-recalc-dims=\"1\" decoding=\"async\" class=\"wp-image-79802 size-full\" title=\"(Foto: TV Globo\/Vale Tudo)\" src=\"https:\/\/i0.wp.com\/www.tvnovelas.com.br\/tvnews\/wp-content\/uploads\/2025\/07\/11639.jpg?resize=728%2C410&#038;ssl=1\" alt=\"Foto em Vale Tudo: Odete encurrala Ivan\" width=\"728\" height=\"410\" srcset=\"https:\/\/i0.wp.com\/www.tvnovelas.com.br\/tvnews\/wp-content\/uploads\/2025\/07\/11639.jpg?w=728&amp;ssl=1 728w, https:\/\/i0.wp.com\/www.tvnovelas.com.br\/tvnews\/wp-content\/uploads\/2025\/07\/11639.jpg?resize=250%2C141&amp;ssl=1 250w\" sizes=\"(max-width: 728px) 100vw, 728px\" \/><figcaption id=\"caption-attachment-79802\" class=\"wp-caption-text\">Vale Tudo: Odete encurrala Ivan<\/figcaption><\/figure>\n<p>Em Vale Tudo, o an\u00fancio do desejo de Ivan (Renato G\u00f3es) de se separar de Heleninha (Paolla Oliveira) mexer\u00e1 com as engrenagens da fam\u00edlia Roitman, em Vale Tudo. A pintora ter\u00e1 outra reca\u00edda e ir\u00e1 sumir da mans\u00e3o. Odete (Debora Bloch), por sua vez, tentar\u00e1 contornar a situa\u00e7\u00e3o referente ao casamento da filha da forma que sabe melhor: chantagem.<\/p>\n<p>A presidente da TCA ir\u00e1 usar o cargo de Ivan na empresa para encurralar o genro sobre a decis\u00e3o. A vil\u00e3 o convocar\u00e1 para uma reuni\u00e3o e, j\u00e1 de cara, deixar\u00e1 claro que n\u00e3o vai separar o lado pessoal do profissional.<\/p>\n<p>\u201cVoc\u00ea assumiu um compromisso afetivo com a Heleninha, que \u00e9 uma pessoa cheia de peculiaridades\u201d, dir\u00e1 Odete.<\/p>\n<p>\u201cEnt\u00e3o, acho que eu n\u00e3o tinha a dimens\u00e3o dessas \u2018peculiaridades\u2019 \u201d, responder\u00e1 o executivo.<\/p>\n<p>Odete dir\u00e1 que ele deve arcar com o peso da responsabilidade de ter se casado com Heleninha. Mas Ivan ir\u00e1 manter a postura e n\u00e3o recuar\u00e1 na decis\u00e3o de se separar. Neste momento, a vil\u00e3 trar\u00e1 Raquel (Ta\u00eds Araujo) \u00e0 conversa.<\/p>\n<p>\u201cVoc\u00ea voltou com a Raquel?\u201d, questionar\u00e1 ela.<\/p>\n<p>\u201cOdete&#8230; Eu n\u00e3o acho que eu deva esse tipo de explica\u00e7\u00e3o pra voc\u00ea\u201d, vai rebater Ivan.<\/p>\n<p>\u201cClaro que deve, e n\u00e3o s\u00f3 a explica\u00e7\u00e3o. Se voc\u00ea estiver com algu\u00e9m, voc\u00ea deve uma multa de 300 mil reais. Porque isso est\u00e1 escrito no contrato\u201d, lembrar\u00e1 ela, se referindo ao pr\u00e9-nupcial.<\/p>\n<h2>Outra tentativa<\/h2>\n<p>Ivan encerrar\u00e1 a conversa, mas Odete n\u00e3o vai desistir. Ela se lembrar\u00e1 da amizade do genro com Luciano (Lic\u00ednio Janu\u00e1rio), assessor do executivo. Ent\u00e3o, convocar\u00e1 o jovem para uma \u201creuni\u00e3o\u201d, que j\u00e1 come\u00e7ar\u00e1 com uma promessa de ascens\u00e3o profissional.<\/p>\n<p>\u201cLuciano, meu bem, voc\u00ea entende que colaborar comigo significa abrir as portas pra voc\u00ea aqui na TCA\u201d, dir\u00e1 ela, que n\u00e3o vai demorar para disparar sua pergunta.<\/p>\n<p>\u201cEnt\u00e3o&#8230; O Ivan est\u00e1 envolvido de novo com a ex-namorada ou n\u00e3o?\u201d<\/p>\n<p>\u201cEu&#8230; n\u00e3o sei\u201d, responder\u00e1 o rapaz, completamente coagido.<\/p>\n<p>\u201cPensa melhor, Luciano. A sorte de eu te dever um favor n\u00e3o vai bater de novo na sua porta\u201d, insistir\u00e1 ela.<br \/>\n<!--FIM--><br \/>\n<strong>Sobre a novela<\/strong><\/p>\n<p><a href=\"https:\/\/wp.me\/pfspD2-U7\" target=\"_blank\" rel=\"noopener\">Vale Tudo: Conflitos de princ\u00edpios e valores (Sinopse)<\/a><\/p>\n<p><a href=\"https:\/\/wp.me\/pfspD2-oI\" target=\"_blank\" rel=\"noopener\">Vale Tudo: Invers\u00e3o de valores no final dos anos 1980<\/a> (Sinopse)<\/p>\n<div style=\"font-size: 120%;\"><h3>Confira tamb\u00e9m<\/h3>\r\n<a href=\"https:\/\/tvnovelas.com.br\/novelas\/\" rel=\"noopener\" target=\"_blank\"><strong>Todos os resumos de novelas<\/strong><\/a><\/br>\r\n<a href=\"https:\/\/www.tvnovelas.com.br\/tvnews\/\" rel=\"noopener\" target=\"_blank\"><strong>\u00daltimas not\u00edcias das novelas<\/strong><\/a><\/br>\r\n<a href=\"https:\/\/www.tvnovelas.com.br\/filmes\/\" target=\"_blank\" rel=\"noopener noreferrer\"><strong>Programa\u00e7\u00e3o de filmes na TV aberta<\/strong><\/a><\/br>\r\n<a href=\"https:\/\/caetenews.com.br\/semana\/filmes-da-globo-na-sessao-da-tarde-desta-semana\/\" target=\"_blank\" rel=\"noopener\"><strong>Confira os filmes da semana na Sess\u00e3o da Tarde<\/strong><\/a><\/br>\r\n<a href=\"https:\/\/classindportal.mj.gov.br\/consulta-filmes\" target=\"_blank\" rel=\"noopener\"><strong>Consulte a classifica\u00e7\u00e3o indicativa dos filmes e novelas<\/strong><\/a><\/br><br \/>\n&lt;\/div<\/div>\n","protected":false},"excerpt":{"rendered":"<p>Vale Tudo: Odete encurrala Ivan&#8230; Em Vale Tudo, o an\u00fancio do desejo de Ivan (Renato G\u00f3es) de se separar de Heleninha (Paolla Oliveira) mexer\u00e1 com as engrenagens&#8230;<\/p>\n","protected":false},"author":1,"featured_media":79802,"comment_status":"closed","ping_status":"closed","sticky":false,"template":"","format":"standard","meta":{"_uf_show_specific_survey":0,"_uf_disable_surveys":false,"_jetpack_memberships_contains_paid_content":false,"footnotes":"","_wp_rev_ctl_limit":""},"categories":[871],"tags":[5,64,801],"class_list":["post-79800","post","type-post","status-publish","format-standard","has-post-thumbnail","hentry","category-vale-tudo","tag-globo","tag-novelas","tag-vale-tudo","wpcat-871-id"],"aioseo_notices":[],"jetpack_featured_media_url":"https:\/\/i0.wp.com\/www.tvnovelas.com.br\/tvnews\/wp-content\/uploads\/2025\/07\/11639.jpg?fit=728%2C410&ssl=1","jetpack_shortlink":"https:\/\/wp.me\/pdP2BO-kL6","jetpack_sharing_enabled":true,"_links":{"self":[{"href":"https:\/\/www.tvnovelas.com.br\/tvnews\/wp-json\/wp\/v2\/posts\/79800","targetHints":{"allow":["GET"]}}],"collection":[{"href":"https:\/\/www.tvnovelas.com.br\/tvnews\/wp-json\/wp\/v2\/posts"}],"about":[{"href":"https:\/\/www.tvnovelas.com.br\/tvnews\/wp-json\/wp\/v2\/types\/post"}],"author":[{"embeddable":true,"href":"https:\/\/www.tvnovelas.com.br\/tvnews\/wp-json\/wp\/v2\/users\/1"}],"replies":[{"embeddable":true,"href":"https:\/\/www.tvnovelas.com.br\/tvnews\/wp-json\/wp\/v2\/comments?post=79800"}],"version-history":[{"count":1,"href":"https:\/\/www.tvnovelas.com.br\/tvnews\/wp-json\/wp\/v2\/posts\/79800\/revisions"}],"predecessor-version":[{"id":79803,"href":"https:\/\/www.tvnovelas.com.br\/tvnews\/wp-json\/wp\/v2\/posts\/79800\/revisions\/79803"}],"wp:featuredmedia":[{"embeddable":true,"href":"https:\/\/www.tvnovelas.com.br\/tvnews\/wp-json\/wp\/v2\/media\/79802"}],"wp:attachment":[{"href":"https:\/\/www.tvnovelas.com.br\/tvnews\/wp-json\/wp\/v2\/media?parent=79800"}],"wp:term":[{"taxonomy":"category","embeddable":true,"href":"https:\/\/www.tvnovelas.com.br\/tvnews\/wp-json\/wp\/v2\/categories?post=79800"},{"taxonomy":"post_tag","embeddable":true,"href":"https:\/\/www.tvnovelas.com.br\/tvnews\/wp-json\/wp\/v2\/tags?post=79800"}],"curies":[{"name":"wp","href":"https:\/\/api.w.org\/{rel}","templated":true}]}}