{"id":79830,"date":"2025-07-30T08:38:23","date_gmt":"2025-07-30T11:38:23","guid":{"rendered":"https:\/\/www.tvnovelas.com.br\/tvnews\/?p=79830"},"modified":"2025-07-30T08:38:23","modified_gmt":"2025-07-30T11:38:23","slug":"eta-mundo-melhor-dita-arrasa-no-palco-e-ganha-surpresa-de-candinho","status":"publish","type":"post","link":"https:\/\/www.tvnovelas.com.br\/tvnews\/eta-mundo-melhor-dita-arrasa-no-palco-e-ganha-surpresa-de-candinho\/","title":{"rendered":"\u00cata Mundo Melhor!: Dita arrasa no palco e ganha surpresa de Candinho"},"content":{"rendered":"<figure id=\"attachment_79831\" aria-describedby=\"caption-attachment-79831\" style=\"width: 728px\" class=\"wp-caption alignnone\"><img data-recalc-dims=\"1\" decoding=\"async\" class=\"wp-image-79831 size-full\" title=\"(Foto: TV Globo\/\u00cata Mundo Melhor!)\" src=\"https:\/\/i0.wp.com\/www.tvnovelas.com.br\/tvnews\/wp-content\/uploads\/2025\/07\/11640.jpg?resize=728%2C409&#038;ssl=1\" alt=\"Foto em \u00cata Mundo Melhor!: Dita arrasa no palco e ganha surpresa de Candinho\" width=\"728\" height=\"409\" srcset=\"https:\/\/i0.wp.com\/www.tvnovelas.com.br\/tvnews\/wp-content\/uploads\/2025\/07\/11640.jpg?w=728&amp;ssl=1 728w, https:\/\/i0.wp.com\/www.tvnovelas.com.br\/tvnews\/wp-content\/uploads\/2025\/07\/11640.jpg?resize=250%2C140&amp;ssl=1 250w\" sizes=\"(max-width: 728px) 100vw, 728px\" \/><figcaption id=\"caption-attachment-79831\" class=\"wp-caption-text\">\u00cata Mundo Melhor!: Dita arrasa no palco e ganha surpresa de Candinho<\/figcaption><\/figure>\n<p>Em \u00cata Mundo Melhor!, nO show de Dita (Jeniffer Nascimento) \u00e9 um verdadeiro sucesso! Ela \u00e9 ovacionada pela plateia da r\u00e1dio ao cantar um cl\u00e1ssico de Emilinha Borba.<\/p>\n<p>&#8220;Dita! Oc\u00ea canta bem pur dimais! Apraude, gente! Apraude a Dita!&#8221;, grita Candinho (Sergio Guiz\u00e9) do meio da plateia.<\/p>\n<p>&#8220;Parece que, mais uma vez, o p\u00fablico consagra a voz da estrela: Dita Ribeiro!&#8221;, define L\u00facio (Tony Tornado), dono da r\u00e1dio.<\/p>\n<p>Emocionada, Dita n\u00e3o segura as l\u00e1grimas e cai no choro. Enquanto ela vai ao escrit\u00f3rio assinar seu contrato, Candinho vai at\u00e9 a rua e se surpreende com a atitude de Policarpo, que traz ao seu fiel escudeiro um monte de bal\u00f5es em formato de cora\u00e7\u00e3o.<\/p>\n<p>Quando Dita sai da r\u00e1dio, se depara com Candinho, que lhe entrega os bal\u00f5es:<\/p>\n<p>&#8220;Uia, qui nunca ganhei umas bixiga anssim! S\u00e3o rom\u00e2ntica pur dimais, Candinho!&#8221;<\/p>\n<p>&#8220;Arre, agora fiquei int\u00e9 sem jeito!&#8221;, ele responde.<\/p>\n<p>Surge um clima entre os dois, mas o beijo ser\u00e1 interrompido pelo vendedor de bal\u00f5es, que acusa Policarpo de roubo e causa uma confus\u00e3o danada.<br \/>\n<!--FIM DO POST--><\/p>\n<h2>Sobre a novela:<\/h2>\n<p><a href=\"https:\/\/tvnovelas.com.br\/page2\/arquivo\/eta-mundo-melhor-a-volta-de-candinho-e-policarpo\/&quot;\" target=\"_blank\" rel=\"noopener\">\u00cata Mundo Melhor!: A volta de Candinho e Policarpo<\/a> (Sinopse)<br \/>\n<a href=\"https:\/\/pt.wikipedia.org\/wiki\/%C3%8Ata_Mundo_Melhor!\" target=\"_blank\" rel=\"noopener\">Sobre \u00cata Mundo Melhor!, na Wikipedia<\/a><\/p>\n<div style=\"font-size: 120%;\"><h3>Confira tamb\u00e9m<\/h3>\r\n<a href=\"https:\/\/tvnovelas.com.br\/novelas\/\" rel=\"noopener\" target=\"_blank\"><strong>Todos os resumos de novelas<\/strong><\/a><\/br>\r\n<a href=\"https:\/\/www.tvnovelas.com.br\/tvnews\/\" rel=\"noopener\" target=\"_blank\"><strong>\u00daltimas not\u00edcias das novelas<\/strong><\/a><\/br>\r\n<a href=\"https:\/\/www.tvnovelas.com.br\/filmes\/\" target=\"_blank\" rel=\"noopener noreferrer\"><strong>Programa\u00e7\u00e3o de filmes na TV aberta<\/strong><\/a><\/br>\r\n<a href=\"https:\/\/caetenews.com.br\/semana\/filmes-da-globo-na-sessao-da-tarde-desta-semana\/\" target=\"_blank\" rel=\"noopener\"><strong>Confira os filmes da semana na Sess\u00e3o da Tarde<\/strong><\/a><\/br>\r\n<a href=\"https:\/\/classindportal.mj.gov.br\/consulta-filmes\" target=\"_blank\" rel=\"noopener\"><strong>Consulte a classifica\u00e7\u00e3o indicativa dos filmes e novelas<\/strong><\/a><\/br><\/div>\n","protected":false},"excerpt":{"rendered":"<p>\u00cata Mundo Melhor!: Dita arrasa no palco e ganha surpresa de Candinho&#8230; Em \u00cata Mundo Melhor!, nO show de Dita (Jeniffer Nascimento) \u00e9 um verdadeiro sucesso!&#8230;<\/p>\n","protected":false},"author":1,"featured_media":79831,"comment_status":"closed","ping_status":"closed","sticky":false,"template":"","format":"standard","meta":{"_uf_show_specific_survey":0,"_uf_disable_surveys":false,"_jetpack_memberships_contains_paid_content":false,"footnotes":"","_wp_rev_ctl_limit":""},"categories":[920],"tags":[921,5,64],"class_list":["post-79830","post","type-post","status-publish","format-standard","has-post-thumbnail","hentry","category-eta-mundo-melhor","tag-eta-mundo-melhor","tag-globo","tag-novelas","wpcat-920-id"],"aioseo_notices":[],"jetpack_featured_media_url":"https:\/\/i0.wp.com\/www.tvnovelas.com.br\/tvnews\/wp-content\/uploads\/2025\/07\/11640.jpg?fit=728%2C409&ssl=1","jetpack_shortlink":"https:\/\/wp.me\/pdP2BO-kLA","jetpack_sharing_enabled":true,"_links":{"self":[{"href":"https:\/\/www.tvnovelas.com.br\/tvnews\/wp-json\/wp\/v2\/posts\/79830","targetHints":{"allow":["GET"]}}],"collection":[{"href":"https:\/\/www.tvnovelas.com.br\/tvnews\/wp-json\/wp\/v2\/posts"}],"about":[{"href":"https:\/\/www.tvnovelas.com.br\/tvnews\/wp-json\/wp\/v2\/types\/post"}],"author":[{"embeddable":true,"href":"https:\/\/www.tvnovelas.com.br\/tvnews\/wp-json\/wp\/v2\/users\/1"}],"replies":[{"embeddable":true,"href":"https:\/\/www.tvnovelas.com.br\/tvnews\/wp-json\/wp\/v2\/comments?post=79830"}],"version-history":[{"count":1,"href":"https:\/\/www.tvnovelas.com.br\/tvnews\/wp-json\/wp\/v2\/posts\/79830\/revisions"}],"predecessor-version":[{"id":79832,"href":"https:\/\/www.tvnovelas.com.br\/tvnews\/wp-json\/wp\/v2\/posts\/79830\/revisions\/79832"}],"wp:featuredmedia":[{"embeddable":true,"href":"https:\/\/www.tvnovelas.com.br\/tvnews\/wp-json\/wp\/v2\/media\/79831"}],"wp:attachment":[{"href":"https:\/\/www.tvnovelas.com.br\/tvnews\/wp-json\/wp\/v2\/media?parent=79830"}],"wp:term":[{"taxonomy":"category","embeddable":true,"href":"https:\/\/www.tvnovelas.com.br\/tvnews\/wp-json\/wp\/v2\/categories?post=79830"},{"taxonomy":"post_tag","embeddable":true,"href":"https:\/\/www.tvnovelas.com.br\/tvnews\/wp-json\/wp\/v2\/tags?post=79830"}],"curies":[{"name":"wp","href":"https:\/\/api.w.org\/{rel}","templated":true}]}}