{"id":79835,"date":"2025-07-30T09:03:59","date_gmt":"2025-07-30T12:03:59","guid":{"rendered":"https:\/\/www.tvnovelas.com.br\/tvnews\/?p=79835"},"modified":"2025-07-30T09:03:59","modified_gmt":"2025-07-30T12:03:59","slug":"dona-de-mim-vanderson-leva-sofia-para-morar-com-ele","status":"publish","type":"post","link":"https:\/\/www.tvnovelas.com.br\/tvnews\/dona-de-mim-vanderson-leva-sofia-para-morar-com-ele\/","title":{"rendered":"Dona de Mim: Vanderson leva Sofia para morar com ele"},"content":{"rendered":"<figure id=\"attachment_79836\" aria-describedby=\"caption-attachment-79836\" style=\"width: 727px\" class=\"wp-caption alignnone\"><img data-recalc-dims=\"1\" decoding=\"async\" class=\"wp-image-79836 size-full\" title=\"(Foto: TV Globo\/Dona de Mim)\" src=\"https:\/\/i0.wp.com\/www.tvnovelas.com.br\/tvnews\/wp-content\/uploads\/2025\/07\/11641.jpg?resize=727%2C410&#038;ssl=1\" alt=\"Foto em Dona de Mim: Vanderson leva Sofia para morar com ele\" width=\"727\" height=\"410\" srcset=\"https:\/\/i0.wp.com\/www.tvnovelas.com.br\/tvnews\/wp-content\/uploads\/2025\/07\/11641.jpg?w=727&amp;ssl=1 727w, https:\/\/i0.wp.com\/www.tvnovelas.com.br\/tvnews\/wp-content\/uploads\/2025\/07\/11641.jpg?resize=250%2C141&amp;ssl=1 250w\" sizes=\"(max-width: 727px) 100vw, 727px\" \/><figcaption id=\"caption-attachment-79836\" class=\"wp-caption-text\">Dona de Mim: Vanderson leva Sofia para morar com ele<\/figcaption><\/figure>\n<p>Em Dona de Mim, Chega o dia do anivers\u00e1rio de 60 anos da Boaz, mas tamb\u00e9m \u00e9 o dia de Sofia (Elis Cabral) se mudar da mans\u00e3o para morar com Vanderson (Armando Babaioff). Mas, no que depender de Abel (Tony Ramos), isso n\u00e3o vai acontecer!<\/p>\n<p>Enquanto Leo (Clara Moneke) arruma as coisas da menina, o pai tentar\u00e1 tranquiliz\u00e1-la dizendo que ela logo estar\u00e1 de volta. Para isso, Abel receber\u00e1 a gerente do banco que lhe entregar\u00e1 a quantia em dinheiro pedida por Vanderson para abrir m\u00e3o da filha biol\u00f3gica.<\/p>\n<p>\u201cHoje vai ser um dia muito importante, filha. Vai ser preciso coragem. O seu pai Vanderson vem te buscar pra passar o dia com ele. A Leo vai junto pra ficar com voc\u00ea, est\u00e1 bem?\u201d, diz Abel.<\/p>\n<p>\u201cEu vou morar com ele? Eu n\u00e3o quero!\u201d, reage Sofia.<\/p>\n<p>\u201cVai ser s\u00f3 hoje. Depois voc\u00ea volta pra casa. Mas essa parte \u00e9 nosso segredinho, est\u00e1 bom? S\u00f3 eu, voc\u00ea, a Leo e o Samuel sabemos\u201d, explica Abel.<\/p>\n<p>Abel, ent\u00e3o, pedir\u00e1 a Leo que fa\u00e7a uma mala para Sofia, enquanto Vanderson chegar\u00e1 \u00e0 mans\u00e3o.<\/p>\n<p>\u201cVim buscar minha filha, a Sofia, pra morar comigo\u201d, afirma ele.<\/p>\n<p>\u201cV\u00e3o me levar os d\u00f3lares na f\u00e1brica hoje. Voc\u00ea me diz onde te encontrar depois do desfile. Eu te entrego o dinheiro e voc\u00ea grava o v\u00eddeo abrindo m\u00e3o da guarda da Sofia\u201d, explica Abel.<\/p>\n<p>Vanderson exigir\u00e1 que Danilo (Felipe Simas) os leve, e Abel dar\u00e1 seu carro para o motorista, para poder rastrear a localiza\u00e7\u00e3o.<\/p>\n<p>Depois, j\u00e1 na f\u00e1brica, Abel receber\u00e1 a gerente do banco, que levar\u00e1 o dinheiro em uma mala, que ele guardar\u00e1 em um arm\u00e1rio com chave.<\/p>\n<p>Na casa de Jaques (Marcello Novaes), Vanderson estar\u00e1 impaciente aguardando o fim do desfile da Boaz para botar as m\u00e3os no dinheiro de Abel.<br \/>\n<!--FIM--><br \/>\n<strong>Sobre a novela<\/strong><br \/>\n<a href=\"https:\/\/wp.me\/pfspD2-UO\" target=\"_blank\" rel=\"noopener\">Dona de Mim: A trama da novela<\/a><br \/>\n<a href=\"https:\/\/wp.me\/pfspD2-UG\" target=\"_blank\" rel=\"noopener\">Dona de Mim: A fam\u00edlia Boaz e seu imp\u00e9rio de lingerie<\/a><\/p>\n<div style=\"font-size: 120%;\"><h3>Confira tamb\u00e9m<\/h3>\r\n<a href=\"https:\/\/tvnovelas.com.br\/novelas\/\" rel=\"noopener\" target=\"_blank\"><strong>Todos os resumos de novelas<\/strong><\/a><\/br>\r\n<a href=\"https:\/\/www.tvnovelas.com.br\/tvnews\/\" rel=\"noopener\" target=\"_blank\"><strong>\u00daltimas not\u00edcias das novelas<\/strong><\/a><\/br>\r\n<a href=\"https:\/\/www.tvnovelas.com.br\/filmes\/\" target=\"_blank\" rel=\"noopener noreferrer\"><strong>Programa\u00e7\u00e3o de filmes na TV aberta<\/strong><\/a><\/br>\r\n<a href=\"https:\/\/caetenews.com.br\/semana\/filmes-da-globo-na-sessao-da-tarde-desta-semana\/\" target=\"_blank\" rel=\"noopener\"><strong>Confira os filmes da semana na Sess\u00e3o da Tarde<\/strong><\/a><\/br>\r\n<a href=\"https:\/\/classindportal.mj.gov.br\/consulta-filmes\" target=\"_blank\" rel=\"noopener\"><strong>Consulte a classifica\u00e7\u00e3o indicativa dos filmes e novelas<\/strong><\/a><\/br><\/div>\n","protected":false},"excerpt":{"rendered":"<p>Dona de Mim: Vanderson leva Sofia para morar com ele&#8230; Em Dona de Mim, Chega o dia do anivers\u00e1rio de 60 anos da Boaz, mas tamb\u00e9m \u00e9 o dia de Sofia&#8230;<\/p>\n","protected":false},"author":1,"featured_media":79836,"comment_status":"closed","ping_status":"closed","sticky":false,"template":"","format":"standard","meta":{"_uf_show_specific_survey":0,"_uf_disable_surveys":false,"_jetpack_memberships_contains_paid_content":false,"footnotes":"","_wp_rev_ctl_limit":""},"categories":[884],"tags":[883,5,64],"class_list":["post-79835","post","type-post","status-publish","format-standard","has-post-thumbnail","hentry","category-dona-de-mim","tag-dona-de-mim","tag-globo","tag-novelas","wpcat-884-id"],"aioseo_notices":[],"jetpack_featured_media_url":"https:\/\/i0.wp.com\/www.tvnovelas.com.br\/tvnews\/wp-content\/uploads\/2025\/07\/11641.jpg?fit=727%2C410&ssl=1","jetpack_shortlink":"https:\/\/wp.me\/pdP2BO-kLF","jetpack_sharing_enabled":true,"_links":{"self":[{"href":"https:\/\/www.tvnovelas.com.br\/tvnews\/wp-json\/wp\/v2\/posts\/79835","targetHints":{"allow":["GET"]}}],"collection":[{"href":"https:\/\/www.tvnovelas.com.br\/tvnews\/wp-json\/wp\/v2\/posts"}],"about":[{"href":"https:\/\/www.tvnovelas.com.br\/tvnews\/wp-json\/wp\/v2\/types\/post"}],"author":[{"embeddable":true,"href":"https:\/\/www.tvnovelas.com.br\/tvnews\/wp-json\/wp\/v2\/users\/1"}],"replies":[{"embeddable":true,"href":"https:\/\/www.tvnovelas.com.br\/tvnews\/wp-json\/wp\/v2\/comments?post=79835"}],"version-history":[{"count":1,"href":"https:\/\/www.tvnovelas.com.br\/tvnews\/wp-json\/wp\/v2\/posts\/79835\/revisions"}],"predecessor-version":[{"id":79837,"href":"https:\/\/www.tvnovelas.com.br\/tvnews\/wp-json\/wp\/v2\/posts\/79835\/revisions\/79837"}],"wp:featuredmedia":[{"embeddable":true,"href":"https:\/\/www.tvnovelas.com.br\/tvnews\/wp-json\/wp\/v2\/media\/79836"}],"wp:attachment":[{"href":"https:\/\/www.tvnovelas.com.br\/tvnews\/wp-json\/wp\/v2\/media?parent=79835"}],"wp:term":[{"taxonomy":"category","embeddable":true,"href":"https:\/\/www.tvnovelas.com.br\/tvnews\/wp-json\/wp\/v2\/categories?post=79835"},{"taxonomy":"post_tag","embeddable":true,"href":"https:\/\/www.tvnovelas.com.br\/tvnews\/wp-json\/wp\/v2\/tags?post=79835"}],"curies":[{"name":"wp","href":"https:\/\/api.w.org\/{rel}","templated":true}]}}