{"id":79839,"date":"2025-07-30T09:34:51","date_gmt":"2025-07-30T12:34:51","guid":{"rendered":"https:\/\/www.tvnovelas.com.br\/tvnews\/?p=79839"},"modified":"2025-07-30T09:34:51","modified_gmt":"2025-07-30T12:34:51","slug":"vale-tudo-ivan-e-raquel-sao-fotografados-por-espiao-de-odete","status":"publish","type":"post","link":"https:\/\/www.tvnovelas.com.br\/tvnews\/vale-tudo-ivan-e-raquel-sao-fotografados-por-espiao-de-odete\/","title":{"rendered":"Vale Tudo: Ivan e Raquel s\u00e3o fotografados por &#8216;espi\u00e3o&#8217; de Odete"},"content":{"rendered":"<figure id=\"attachment_79840\" aria-describedby=\"caption-attachment-79840\" style=\"width: 728px\" class=\"wp-caption alignnone\"><img data-recalc-dims=\"1\" decoding=\"async\" class=\"wp-image-79840 size-full\" title=\"(Foto: TV Globo\/Vale Tudo)\" src=\"https:\/\/i0.wp.com\/www.tvnovelas.com.br\/tvnews\/wp-content\/uploads\/2025\/07\/11642.jpg?resize=728%2C410&#038;ssl=1\" alt=\"Foto em Vale Tudo: Ivan e Raquel s\u00e3o fotografados por 'espi\u00e3o' de Odete\" width=\"728\" height=\"410\" srcset=\"https:\/\/i0.wp.com\/www.tvnovelas.com.br\/tvnews\/wp-content\/uploads\/2025\/07\/11642.jpg?w=728&amp;ssl=1 728w, https:\/\/i0.wp.com\/www.tvnovelas.com.br\/tvnews\/wp-content\/uploads\/2025\/07\/11642.jpg?resize=250%2C141&amp;ssl=1 250w\" sizes=\"(max-width: 728px) 100vw, 728px\" \/><figcaption id=\"caption-attachment-79840\" class=\"wp-caption-text\">Vale Tudo: Ivan e Raquel s\u00e3o fotografados por &#8216;espi\u00e3o&#8217; de Odete<\/figcaption><\/figure>\n<p>Em Vale Tudo, Raquel (Ta\u00eds Araujo) e Ivan (Renato G\u00f3es) est\u00e3o tentando resistir, mas \u00e9 ineg\u00e1vel que os dois ainda se amam. Por\u00e9m, o momento n\u00e3o poderia ser pior, j\u00e1 que Heleninha (Paolla Oliveira) teve uma reca\u00edda agressiva ap\u00f3s o executivo pedir a separa\u00e7\u00e3o. Para piorar, Odete Roitman (Debora Bloch) colocar\u00e1 um \u201cespi\u00e3o\u201d para seguir o genro.<\/p>\n<p>Ciente da possibilidade de Ivan reatar com Raquel, a empres\u00e1ria encurralou Luciano (Lic\u00ednio Janu\u00e1rio), assessor e amigo do Ivan. Sob a promessa de ascens\u00e3o profissional na TCA, a vil\u00e3 pediu para que o rapaz a notificasse caso o genro se aproximasse da ex.<\/p>\n<p>E acontece que Ivan e Raquel ir\u00e3o se encontrar em uma confer\u00eancia e v\u00e3o colocar conversa em dia.<\/p>\n<p>\u201cAh, acho que pra voc\u00ea eu posso falar&#8230; A Paladar comprou a Flyfood\u201d, dir\u00e1 a empres\u00e1ria.<\/p>\n<p>\u201cN\u00e3o acredito nisso! Ent\u00e3o \u00e9 voc\u00ea que est\u00e1 fornecendo comida pros avi\u00f5es da TCA? \u00c9 por isso que a gente parou de receber reclama\u00e7\u00e3o ent\u00e3o\u201d, responder\u00e1 Ivan, feliz pela ex.<\/p>\n<p>\u201cAh, que bom que est\u00e3o gostando\u201d, agradecer\u00e1 ela.<\/p>\n<p>\u201cComo tudo que voc\u00ea faz, n\u00e9, Raquel?\u201d, completar\u00e1 o executivo.<\/p>\n<p>Na hora de se despedirem, os dois v\u00e3o trocar dois beijinhos no rosto e, para o azar do ex-casal, Luciano vai ver a cena e ir\u00e1 tirar uma foto do momento.<br \/>\n<!--FIM--><br \/>\n<strong>Sobre a novela<\/strong><\/p>\n<p><a href=\"https:\/\/wp.me\/pfspD2-U7\" target=\"_blank\" rel=\"noopener\">Vale Tudo: Conflitos de princ\u00edpios e valores (Sinopse)<\/a><\/p>\n<p><a href=\"https:\/\/wp.me\/pfspD2-oI\" target=\"_blank\" rel=\"noopener\">Vale Tudo: Invers\u00e3o de valores no final dos anos 1980<\/a> (Sinopse)<\/p>\n<div style=\"font-size: 120%;\"><h3>Confira tamb\u00e9m<\/h3>\r\n<a href=\"https:\/\/tvnovelas.com.br\/novelas\/\" rel=\"noopener\" target=\"_blank\"><strong>Todos os resumos de novelas<\/strong><\/a><\/br>\r\n<a href=\"https:\/\/www.tvnovelas.com.br\/tvnews\/\" rel=\"noopener\" target=\"_blank\"><strong>\u00daltimas not\u00edcias das novelas<\/strong><\/a><\/br>\r\n<a href=\"https:\/\/www.tvnovelas.com.br\/filmes\/\" target=\"_blank\" rel=\"noopener noreferrer\"><strong>Programa\u00e7\u00e3o de filmes na TV aberta<\/strong><\/a><\/br>\r\n<a href=\"https:\/\/caetenews.com.br\/semana\/filmes-da-globo-na-sessao-da-tarde-desta-semana\/\" target=\"_blank\" rel=\"noopener\"><strong>Confira os filmes da semana na Sess\u00e3o da Tarde<\/strong><\/a><\/br>\r\n<a href=\"https:\/\/classindportal.mj.gov.br\/consulta-filmes\" target=\"_blank\" rel=\"noopener\"><strong>Consulte a classifica\u00e7\u00e3o indicativa dos filmes e novelas<\/strong><\/a><\/br><br \/>\n&lt;\/div<\/div>\n","protected":false},"excerpt":{"rendered":"<p>Vale Tudo: Ivan e Raquel s\u00e3o fotografados por &#8216;espi\u00e3o&#8217; de Odete&#8230; Em Vale Tudo, Raquel (Ta\u00eds Araujo) e Ivan (Renato G\u00f3es) est\u00e3o tentando resistir, mas \u00e9 ineg\u00e1vel&#8230;<\/p>\n","protected":false},"author":1,"featured_media":79840,"comment_status":"closed","ping_status":"closed","sticky":false,"template":"","format":"standard","meta":{"_uf_show_specific_survey":0,"_uf_disable_surveys":false,"_jetpack_memberships_contains_paid_content":false,"footnotes":"","_wp_rev_ctl_limit":""},"categories":[871],"tags":[5,64,801],"class_list":["post-79839","post","type-post","status-publish","format-standard","has-post-thumbnail","hentry","category-vale-tudo","tag-globo","tag-novelas","tag-vale-tudo","wpcat-871-id"],"aioseo_notices":[],"jetpack_featured_media_url":"https:\/\/i0.wp.com\/www.tvnovelas.com.br\/tvnews\/wp-content\/uploads\/2025\/07\/11642.jpg?fit=728%2C410&ssl=1","jetpack_shortlink":"https:\/\/wp.me\/pdP2BO-kLJ","jetpack_sharing_enabled":true,"_links":{"self":[{"href":"https:\/\/www.tvnovelas.com.br\/tvnews\/wp-json\/wp\/v2\/posts\/79839","targetHints":{"allow":["GET"]}}],"collection":[{"href":"https:\/\/www.tvnovelas.com.br\/tvnews\/wp-json\/wp\/v2\/posts"}],"about":[{"href":"https:\/\/www.tvnovelas.com.br\/tvnews\/wp-json\/wp\/v2\/types\/post"}],"author":[{"embeddable":true,"href":"https:\/\/www.tvnovelas.com.br\/tvnews\/wp-json\/wp\/v2\/users\/1"}],"replies":[{"embeddable":true,"href":"https:\/\/www.tvnovelas.com.br\/tvnews\/wp-json\/wp\/v2\/comments?post=79839"}],"version-history":[{"count":1,"href":"https:\/\/www.tvnovelas.com.br\/tvnews\/wp-json\/wp\/v2\/posts\/79839\/revisions"}],"predecessor-version":[{"id":79841,"href":"https:\/\/www.tvnovelas.com.br\/tvnews\/wp-json\/wp\/v2\/posts\/79839\/revisions\/79841"}],"wp:featuredmedia":[{"embeddable":true,"href":"https:\/\/www.tvnovelas.com.br\/tvnews\/wp-json\/wp\/v2\/media\/79840"}],"wp:attachment":[{"href":"https:\/\/www.tvnovelas.com.br\/tvnews\/wp-json\/wp\/v2\/media?parent=79839"}],"wp:term":[{"taxonomy":"category","embeddable":true,"href":"https:\/\/www.tvnovelas.com.br\/tvnews\/wp-json\/wp\/v2\/categories?post=79839"},{"taxonomy":"post_tag","embeddable":true,"href":"https:\/\/www.tvnovelas.com.br\/tvnews\/wp-json\/wp\/v2\/tags?post=79839"}],"curies":[{"name":"wp","href":"https:\/\/api.w.org\/{rel}","templated":true}]}}