{"id":79849,"date":"2025-07-30T10:56:06","date_gmt":"2025-07-30T13:56:06","guid":{"rendered":"https:\/\/www.tvnovelas.com.br\/tvnews\/?p=79849"},"modified":"2025-07-30T10:56:06","modified_gmt":"2025-07-30T13:56:06","slug":"as-filhas-da-senhora-garcia-juan-e-mar-fogem-e-ofelia-se-desespera","status":"publish","type":"post","link":"https:\/\/www.tvnovelas.com.br\/tvnews\/as-filhas-da-senhora-garcia-juan-e-mar-fogem-e-ofelia-se-desespera\/","title":{"rendered":"As Filhas da Senhora Garcia: Juan e Mar fogem e Of\u00e9lia se desespera"},"content":{"rendered":"<figure id=\"attachment_79850\" aria-describedby=\"caption-attachment-79850\" style=\"width: 728px\" class=\"wp-caption alignnone\"><img data-recalc-dims=\"1\" decoding=\"async\" class=\"wp-image-79850 size-full\" title=\"(Foto: Televisa\/SBT\/As Filhas da Senhora Garcia)\" src=\"https:\/\/i0.wp.com\/www.tvnovelas.com.br\/tvnews\/wp-content\/uploads\/2025\/07\/11644.jpg?resize=728%2C408&#038;ssl=1\" alt=\"Foto em As Filhas da Senhora Garcia: Juan e Mar fogem e Of\u00e9lia se desespera\" width=\"728\" height=\"408\" srcset=\"https:\/\/i0.wp.com\/www.tvnovelas.com.br\/tvnews\/wp-content\/uploads\/2025\/07\/11644.jpg?w=728&amp;ssl=1 728w, https:\/\/i0.wp.com\/www.tvnovelas.com.br\/tvnews\/wp-content\/uploads\/2025\/07\/11644.jpg?resize=250%2C140&amp;ssl=1 250w\" sizes=\"(max-width: 728px) 100vw, 728px\" \/><figcaption id=\"caption-attachment-79850\" class=\"wp-caption-text\">As Filhas da Senhora Garcia: Juan e Mar fogem e Of\u00e9lia se desespera<\/figcaption><\/figure>\n<p>No cap\u00edtulo de As Filhas da Senhora Garcia desta quarta, dia 30, Mar, chorando, diz a Juan que sua m\u00e3e descobriu o anel de noivado, que elas brigaram e agora n\u00e3o quer mais saber dela. Juan por sua vez, diz que o pai percebeu que ele pegou as joias e prop\u00f5e que fujam juntos e comecem uma nova vida.<\/p>\n<p>Of\u00e9lia chega justamente no momento em que Mar e Juan est\u00e3o entrando no carro e come\u00e7a a gritar que est\u00e3o sequestrando sua filha.<\/p>\n<p>Of\u00e9lia, furiosa, diz a Susana que o filho dela roubou a Mar. Susana, revoltada, responde que Juan n\u00e3o a roubou, que com certeza sua filha se ofereceu ou o seduziu \u2014 as duas saem no tapa.<\/p>\n<p>Enquanto isto, Juan e Mar, apaixonados, fazem planos de morar na praia. Ela diz que quer trabalhar, mas Juan responde que n\u00e3o precisa, pois ele trabalhar\u00e1 pelos dois.<\/p>\n<p>Confira o resumo do cap\u00edtulo de hoje:<\/p>\n<h2 style=\"color: #3e5f44;\">Resumo de quarta-feira, 30 de julho<\/h2>\n<p>Susana procura desesperadamente as joias da m\u00e3e e, ao n\u00e3o encontr\u00e1-las, diz a Jacinto que vai \u00e0 pol\u00edcia. Juan diz que pegou emprestado porque precisava de dinheiro, mas que vai devolv\u00ea-las. Susana diz que com certeza \u00e9 por causa da Mar. Juan, furioso, responde que vai devolver as joias. Jacinto d\u00e1 um tapa em Juan.<br \/>\nMar, chorando, diz a Juan que sua m\u00e3e descobriu o anel de noivado, que elas brigaram e agora n\u00e3o quer mais saber dela. Juan diz que o pai percebeu que ele pegou as joias e prop\u00f5e que fujam juntos e comecem uma nova vida.<br \/>\nOf\u00e9lia chega justamente no momento em que Mar e Juan est\u00e3o entrando no carro. Mar diz a Juan para irem logo, e Of\u00e9lia come\u00e7a a gritar que est\u00e3o sequestrando sua filha. Of\u00e9lia, furiosa, diz a Susana que o filho dela roubou a Mar. Susana, revoltada, responde que Juan n\u00e3o a roubou, que com certeza sua filha se ofereceu ou o seduziu \u2014 as duas saem no tapa.<\/p>\n<p>Leonardo, furioso, diz ao pai que tudo o que ele prop\u00f5e \u00e9 rejeitado, enquanto Arturo e Nicolas podem fazer o que quiserem. Lu\u00eds responde que o projeto dos irm\u00e3os, antes de autorizar, ele analisou, e que quanto \u00e0 proposta de Leonardo, h\u00e1 coisas que n\u00e3o podem e n\u00e3o devem ser mudadas.<br \/>\nOf\u00e9lia denuncia Juan, acusando-o de sequestrar Mar. Valeria diz que ambas sabem que Mar foi por vontade pr\u00f3pria porque ama Juan. Of\u00e9lia continua acusando Juan de ter levado Mar \u00e0 for\u00e7a. Valeria diz que, finalmente, Mar fez algo que a deixa feliz, que ela foi embora porque est\u00e1 farta da maldita ambi\u00e7\u00e3o da m\u00e3e.<br \/>\nAmparo diz a Valeria para n\u00e3o falar assim com a m\u00e3e, que ela j\u00e1 sofreu muito. Mar atende a liga\u00e7\u00e3o de Valeria, que pede que ela diga onde est\u00e1, que ir\u00e1 busc\u00e1-la. Mar responde que n\u00e3o quer a vida que a m\u00e3e a obriga a viver, que ama Juan e \u00e9 com ele que vai ficar.<br \/>\nSusana repreende Jacinto por ter batido em Juan, dizendo que por isso ele n\u00e3o vai voltar. Jacinto responde que tinha que fazer isso porque Juan os roubou, e que os tapas que deu n\u00e3o s\u00e3o nada comparado \u00e0 cadeia.<br \/>\nOf\u00e9lia chora, arrependida por ter batido em Mar, e tenta colocar as m\u00e3os em \u00e1gua fervendo, mas Valeria a impede. Juan e Mar, apaixonados, fazem planos de morar na praia. Ela diz que quer trabalhar, mas Juan responde que n\u00e3o precisa, pois ele trabalhar\u00e1 pelos dois.<br \/>\n<!--FIM--><\/p>\n<div style=\"font-size: 120%;\"><h3>Confira tamb\u00e9m<\/h3>\r\n<a href=\"https:\/\/tvnovelas.com.br\/novelas\/\" rel=\"noopener\" target=\"_blank\"><strong>Todos os resumos de novelas<\/strong><\/a><\/br>\r\n<a href=\"https:\/\/www.tvnovelas.com.br\/tvnews\/\" rel=\"noopener\" target=\"_blank\"><strong>\u00daltimas not\u00edcias das novelas<\/strong><\/a><\/br>\r\n<a href=\"https:\/\/www.tvnovelas.com.br\/filmes\/\" target=\"_blank\" rel=\"noopener noreferrer\"><strong>Programa\u00e7\u00e3o de filmes na TV aberta<\/strong><\/a><\/br>\r\n<a href=\"https:\/\/caetenews.com.br\/semana\/filmes-da-globo-na-sessao-da-tarde-desta-semana\/\" target=\"_blank\" rel=\"noopener\"><strong>Confira os filmes da semana na Sess\u00e3o da Tarde<\/strong><\/a><\/br>\r\n<a href=\"https:\/\/classindportal.mj.gov.br\/consulta-filmes\" target=\"_blank\" rel=\"noopener\"><strong>Consulte a classifica\u00e7\u00e3o indicativa dos filmes e novelas<\/strong><\/a><\/br><\/div>\n","protected":false},"excerpt":{"rendered":"<p>As Filhas da Senhora Garcia: Juan e Mar fogem e Of\u00e9lia se desespera&#8230; No cap\u00edtulo de As Filhas da Senhora Garcia desta quarta, dia 30, Mar, chorando, diz a Juan&#8230;<\/p>\n","protected":false},"author":1,"featured_media":79850,"comment_status":"closed","ping_status":"closed","sticky":false,"template":"","format":"standard","meta":{"_uf_show_specific_survey":0,"_uf_disable_surveys":false,"_jetpack_memberships_contains_paid_content":false,"footnotes":"","_wp_rev_ctl_limit":""},"categories":[930],"tags":[931,64,13],"class_list":["post-79849","post","type-post","status-publish","format-standard","has-post-thumbnail","hentry","category-as-filhas-da-senhora-garcia","tag-as-filhas-da-senhora-garcia","tag-novelas","tag-sbt","wpcat-930-id"],"aioseo_notices":[],"jetpack_featured_media_url":"https:\/\/i0.wp.com\/www.tvnovelas.com.br\/tvnews\/wp-content\/uploads\/2025\/07\/11644.jpg?fit=728%2C408&ssl=1","jetpack_shortlink":"https:\/\/wp.me\/pdP2BO-kLT","jetpack_sharing_enabled":true,"_links":{"self":[{"href":"https:\/\/www.tvnovelas.com.br\/tvnews\/wp-json\/wp\/v2\/posts\/79849","targetHints":{"allow":["GET"]}}],"collection":[{"href":"https:\/\/www.tvnovelas.com.br\/tvnews\/wp-json\/wp\/v2\/posts"}],"about":[{"href":"https:\/\/www.tvnovelas.com.br\/tvnews\/wp-json\/wp\/v2\/types\/post"}],"author":[{"embeddable":true,"href":"https:\/\/www.tvnovelas.com.br\/tvnews\/wp-json\/wp\/v2\/users\/1"}],"replies":[{"embeddable":true,"href":"https:\/\/www.tvnovelas.com.br\/tvnews\/wp-json\/wp\/v2\/comments?post=79849"}],"version-history":[{"count":1,"href":"https:\/\/www.tvnovelas.com.br\/tvnews\/wp-json\/wp\/v2\/posts\/79849\/revisions"}],"predecessor-version":[{"id":79851,"href":"https:\/\/www.tvnovelas.com.br\/tvnews\/wp-json\/wp\/v2\/posts\/79849\/revisions\/79851"}],"wp:featuredmedia":[{"embeddable":true,"href":"https:\/\/www.tvnovelas.com.br\/tvnews\/wp-json\/wp\/v2\/media\/79850"}],"wp:attachment":[{"href":"https:\/\/www.tvnovelas.com.br\/tvnews\/wp-json\/wp\/v2\/media?parent=79849"}],"wp:term":[{"taxonomy":"category","embeddable":true,"href":"https:\/\/www.tvnovelas.com.br\/tvnews\/wp-json\/wp\/v2\/categories?post=79849"},{"taxonomy":"post_tag","embeddable":true,"href":"https:\/\/www.tvnovelas.com.br\/tvnews\/wp-json\/wp\/v2\/tags?post=79849"}],"curies":[{"name":"wp","href":"https:\/\/api.w.org\/{rel}","templated":true}]}}