{"id":79857,"date":"2025-07-30T11:44:28","date_gmt":"2025-07-30T14:44:28","guid":{"rendered":"https:\/\/www.tvnovelas.com.br\/tvnews\/?p=79857"},"modified":"2025-07-30T11:48:16","modified_gmt":"2025-07-30T14:48:16","slug":"paulo-o-apostolo-paulo-aceita-convite-de-lidia-apos-ultimato","status":"publish","type":"post","link":"https:\/\/www.tvnovelas.com.br\/tvnews\/paulo-o-apostolo-paulo-aceita-convite-de-lidia-apos-ultimato\/","title":{"rendered":"Paulo, O Ap\u00f3stolo: Paulo aceita convite de L\u00eddia ap\u00f3s ultimato"},"content":{"rendered":"<figure id=\"attachment_79858\" aria-describedby=\"caption-attachment-79858\" style=\"width: 728px\" class=\"wp-caption alignnone\"><img data-recalc-dims=\"1\" decoding=\"async\" class=\"wp-image-79858 size-full\" title=\"(Foto TV Record\/ Paulo, O Ap\u00f3stolo)\" src=\"https:\/\/i0.wp.com\/www.tvnovelas.com.br\/tvnews\/wp-content\/uploads\/2025\/07\/11646.jpg?resize=728%2C410&#038;ssl=1\" alt=\"Foto em Paulo, O Ap\u00f3stolo: Paulo aceita convite de L\u00eddia ap\u00f3s ultimato\" width=\"728\" height=\"410\" srcset=\"https:\/\/i0.wp.com\/www.tvnovelas.com.br\/tvnews\/wp-content\/uploads\/2025\/07\/11646.jpg?w=728&amp;ssl=1 728w, https:\/\/i0.wp.com\/www.tvnovelas.com.br\/tvnews\/wp-content\/uploads\/2025\/07\/11646.jpg?resize=250%2C141&amp;ssl=1 250w\" sizes=\"(max-width: 728px) 100vw, 728px\" \/><figcaption id=\"caption-attachment-79858\" class=\"wp-caption-text\">Paulo, O Ap\u00f3stolo: Paulo aceita convite de L\u00eddia ap\u00f3s ultimato<\/figcaption><\/figure>\n<p>No cap\u00edtulo da novela Paulo, O Ap\u00f3stolo desta quarta, dia 30, Ap\u00f3s um firme ultimato, Paulo (Murilo Cezar) finalmente aceita o convite de L\u00eddia (Priscila Ubba), surpreendendo os que acompanhavam com expectativa sua hesita\u00e7\u00e3o.<\/p>\n<p>O convite de L\u00eddia (Priscila Ubba) a Paulo (Murilo Cezar) \u00e9 para que ele aceite se hospedar em sua casa e transforme aquele local em uma base para a prega\u00e7\u00e3o do Evangelho em Filipos.<\/p>\n<p>L\u00eddia, uma mulher influente e temente a Deus, comerciante de p\u00farpura, reconhece a import\u00e2ncia da miss\u00e3o de Paulo e deseja apoi\u00e1-lo oferecendo n\u00e3o apenas abrigo, mas tamb\u00e9m prote\u00e7\u00e3o e apoio log\u00edstico. Ao perceber a relut\u00e2ncia de Paulo, ela insiste com firmeza \u2014 e chega a dar um ultimato \u2014 mostrando que sua casa pode ser um ponto seguro e estrat\u00e9gico para o in\u00edcio da evangeliza\u00e7\u00e3o na cidade.<\/p>\n<p>A decis\u00e3o ocorre ap\u00f3s um embate emocional intenso, revelando a crescente influ\u00eancia de L\u00eddia na vida do ap\u00f3stolo. Seu convite, que antes parecia imposs\u00edvel de ser aceito por Paulo, torna-se inevit\u00e1vel diante da urg\u00eancia da situa\u00e7\u00e3o e do peso do ultimato.<\/p>\n<p>Enquanto isso, a comitiva de Rode (Michelle Batista) e F\u00e1bio (Gustavo Machado) \u00e9 atacada, deixando todos em alerta.<br \/>\n<a href=\"https:\/\/tvnovelas.com.br\/novelas\/resumos-de-paulo-o-apostolo\/\" target=\"_blank\" rel=\"noopener\">Confira os resumos dos cap\u00edtulos da semana<\/a><br \/>\n<!--FIM--><\/p>\n<div style=\"font-size: 120%;\"><h3>Confira tamb\u00e9m<\/h3>\r\n<a href=\"https:\/\/tvnovelas.com.br\/novelas\/\" rel=\"noopener\" target=\"_blank\"><strong>Todos os resumos de novelas<\/strong><\/a><\/br>\r\n<a href=\"https:\/\/www.tvnovelas.com.br\/tvnews\/\" rel=\"noopener\" target=\"_blank\"><strong>\u00daltimas not\u00edcias das novelas<\/strong><\/a><\/br>\r\n<a href=\"https:\/\/www.tvnovelas.com.br\/filmes\/\" target=\"_blank\" rel=\"noopener noreferrer\"><strong>Programa\u00e7\u00e3o de filmes na TV aberta<\/strong><\/a><\/br>\r\n<a href=\"https:\/\/caetenews.com.br\/semana\/filmes-da-globo-na-sessao-da-tarde-desta-semana\/\" target=\"_blank\" rel=\"noopener\"><strong>Confira os filmes da semana na Sess\u00e3o da Tarde<\/strong><\/a><\/br>\r\n<a href=\"https:\/\/classindportal.mj.gov.br\/consulta-filmes\" target=\"_blank\" rel=\"noopener\"><strong>Consulte a classifica\u00e7\u00e3o indicativa dos filmes e novelas<\/strong><\/a><\/br><\/div>\n","protected":false},"excerpt":{"rendered":"<p>Paulo, O Ap\u00f3stolo: Paulo aceita convite de L\u00eddia ap\u00f3s ultimato&#8230; No cap\u00edtulo da novela Paulo, O Ap\u00f3stolo desta quarta, dia 30, Ap\u00f3s um firme ultimato&#8230;<\/p>\n","protected":false},"author":1,"featured_media":79858,"comment_status":"closed","ping_status":"closed","sticky":false,"template":"","format":"standard","meta":{"_uf_show_specific_survey":0,"_uf_disable_surveys":false,"_jetpack_memberships_contains_paid_content":false,"footnotes":"","_wp_rev_ctl_limit":""},"categories":[925],"tags":[64,932,14],"class_list":["post-79857","post","type-post","status-publish","format-standard","has-post-thumbnail","hentry","category-paulo","tag-novelas","tag-paulo-o-apostolo","tag-record","wpcat-925-id"],"aioseo_notices":[],"jetpack_featured_media_url":"https:\/\/i0.wp.com\/www.tvnovelas.com.br\/tvnews\/wp-content\/uploads\/2025\/07\/11646.jpg?fit=728%2C410&ssl=1","jetpack_shortlink":"https:\/\/wp.me\/pdP2BO-kM1","jetpack_sharing_enabled":true,"_links":{"self":[{"href":"https:\/\/www.tvnovelas.com.br\/tvnews\/wp-json\/wp\/v2\/posts\/79857","targetHints":{"allow":["GET"]}}],"collection":[{"href":"https:\/\/www.tvnovelas.com.br\/tvnews\/wp-json\/wp\/v2\/posts"}],"about":[{"href":"https:\/\/www.tvnovelas.com.br\/tvnews\/wp-json\/wp\/v2\/types\/post"}],"author":[{"embeddable":true,"href":"https:\/\/www.tvnovelas.com.br\/tvnews\/wp-json\/wp\/v2\/users\/1"}],"replies":[{"embeddable":true,"href":"https:\/\/www.tvnovelas.com.br\/tvnews\/wp-json\/wp\/v2\/comments?post=79857"}],"version-history":[{"count":2,"href":"https:\/\/www.tvnovelas.com.br\/tvnews\/wp-json\/wp\/v2\/posts\/79857\/revisions"}],"predecessor-version":[{"id":79860,"href":"https:\/\/www.tvnovelas.com.br\/tvnews\/wp-json\/wp\/v2\/posts\/79857\/revisions\/79860"}],"wp:featuredmedia":[{"embeddable":true,"href":"https:\/\/www.tvnovelas.com.br\/tvnews\/wp-json\/wp\/v2\/media\/79858"}],"wp:attachment":[{"href":"https:\/\/www.tvnovelas.com.br\/tvnews\/wp-json\/wp\/v2\/media?parent=79857"}],"wp:term":[{"taxonomy":"category","embeddable":true,"href":"https:\/\/www.tvnovelas.com.br\/tvnews\/wp-json\/wp\/v2\/categories?post=79857"},{"taxonomy":"post_tag","embeddable":true,"href":"https:\/\/www.tvnovelas.com.br\/tvnews\/wp-json\/wp\/v2\/tags?post=79857"}],"curies":[{"name":"wp","href":"https:\/\/api.w.org\/{rel}","templated":true}]}}