{"id":79863,"date":"2025-07-30T12:04:28","date_gmt":"2025-07-30T15:04:28","guid":{"rendered":"https:\/\/www.tvnovelas.com.br\/tvnews\/?p=79863"},"modified":"2025-07-30T12:10:39","modified_gmt":"2025-07-30T15:10:39","slug":"o-rico-e-lazaro-mercenario-arma-emboscada-contra-belsazar","status":"publish","type":"post","link":"https:\/\/www.tvnovelas.com.br\/tvnews\/o-rico-e-lazaro-mercenario-arma-emboscada-contra-belsazar\/","title":{"rendered":"O Rico e L\u00e1zaro: Mercen\u00e1rio arma emboscada contra Belsazar"},"content":{"rendered":"<figure id=\"attachment_79864\" aria-describedby=\"caption-attachment-79864\" style=\"width: 728px\" class=\"wp-caption alignnone\"><img data-recalc-dims=\"1\" decoding=\"async\" class=\"wp-image-79864 size-full\" title=\"(Foto TV Record\/ O Rico e L\u00e1zaro)\" src=\"https:\/\/i0.wp.com\/www.tvnovelas.com.br\/tvnews\/wp-content\/uploads\/2025\/07\/11647.jpg?resize=728%2C410&#038;ssl=1\" alt=\"Foto em O Rico e L\u00e1zaro: Mercen\u00e1rio arma emboscada contra Belsazar\" width=\"728\" height=\"410\" srcset=\"https:\/\/i0.wp.com\/www.tvnovelas.com.br\/tvnews\/wp-content\/uploads\/2025\/07\/11647.jpg?w=728&amp;ssl=1 728w, https:\/\/i0.wp.com\/www.tvnovelas.com.br\/tvnews\/wp-content\/uploads\/2025\/07\/11647.jpg?resize=250%2C141&amp;ssl=1 250w\" sizes=\"(max-width: 728px) 100vw, 728px\" \/><figcaption id=\"caption-attachment-79864\" class=\"wp-caption-text\">O Rico e L\u00e1zaro: Mercen\u00e1rio arma emboscada contra Belsazar<\/figcaption><\/figure>\n<p>No cap\u00edtulo de O Rico e L\u00e1zaro, desta quarta, dia 30, a tens\u00e3o toma conta da Babil\u00f4nia quando um mercen\u00e1rio misterioso come\u00e7a a se preparar para atacar Belsazar (Marcelo Arnal), o herdeiro do trono.<\/p>\n<p>Movido por interesses sombrios, o mercen\u00e1rio articula seus passos com frieza, estudando os movimentos do pr\u00edncipe para surpreend\u00ea-lo no momento certo. A amea\u00e7a surge em meio a um per\u00edodo conturbado no pal\u00e1cio, e a vida de Belsazar pode estar por um fio.<\/p>\n<div style=\"font-size: 120%;\"><h3>Confira tamb\u00e9m<\/h3>\r\n<a href=\"https:\/\/tvnovelas.com.br\/novelas\/\" rel=\"noopener\" target=\"_blank\"><strong>Todos os resumos de novelas<\/strong><\/a><\/br>\r\n<a href=\"https:\/\/www.tvnovelas.com.br\/tvnews\/\" rel=\"noopener\" target=\"_blank\"><strong>\u00daltimas not\u00edcias das novelas<\/strong><\/a><\/br>\r\n<a href=\"https:\/\/www.tvnovelas.com.br\/filmes\/\" target=\"_blank\" rel=\"noopener noreferrer\"><strong>Programa\u00e7\u00e3o de filmes na TV aberta<\/strong><\/a><\/br>\r\n<a href=\"https:\/\/caetenews.com.br\/semana\/filmes-da-globo-na-sessao-da-tarde-desta-semana\/\" target=\"_blank\" rel=\"noopener\"><strong>Confira os filmes da semana na Sess\u00e3o da Tarde<\/strong><\/a><\/br>\r\n<a href=\"https:\/\/classindportal.mj.gov.br\/consulta-filmes\" target=\"_blank\" rel=\"noopener\"><strong>Consulte a classifica\u00e7\u00e3o indicativa dos filmes e novelas<\/strong><\/a><\/br><\/div>\n","protected":false},"excerpt":{"rendered":"<p>O Rico e L\u00e1zaro: Mercen\u00e1rio arma emboscada contra Belsazar&#8230; No cap\u00edtulo de O Rico e L\u00e1zaro. desta quarta, dia 30, a tens\u00e3o toma conta da Babil\u00f4nia&#8230;<\/p>\n","protected":false},"author":1,"featured_media":79864,"comment_status":"closed","ping_status":"closed","sticky":false,"template":"","format":"standard","meta":{"_uf_show_specific_survey":0,"_uf_disable_surveys":false,"_jetpack_memberships_contains_paid_content":false,"footnotes":"","_wp_rev_ctl_limit":""},"categories":[912],"tags":[64,52,14],"class_list":["post-79863","post","type-post","status-publish","format-standard","has-post-thumbnail","hentry","category-o-rico-e-lazaro","tag-novelas","tag-o-rico-e-lazaro","tag-record","wpcat-912-id"],"aioseo_notices":[],"jetpack_featured_media_url":"https:\/\/i0.wp.com\/www.tvnovelas.com.br\/tvnews\/wp-content\/uploads\/2025\/07\/11647.jpg?fit=728%2C410&ssl=1","jetpack_shortlink":"https:\/\/wp.me\/pdP2BO-kM7","jetpack_sharing_enabled":true,"_links":{"self":[{"href":"https:\/\/www.tvnovelas.com.br\/tvnews\/wp-json\/wp\/v2\/posts\/79863","targetHints":{"allow":["GET"]}}],"collection":[{"href":"https:\/\/www.tvnovelas.com.br\/tvnews\/wp-json\/wp\/v2\/posts"}],"about":[{"href":"https:\/\/www.tvnovelas.com.br\/tvnews\/wp-json\/wp\/v2\/types\/post"}],"author":[{"embeddable":true,"href":"https:\/\/www.tvnovelas.com.br\/tvnews\/wp-json\/wp\/v2\/users\/1"}],"replies":[{"embeddable":true,"href":"https:\/\/www.tvnovelas.com.br\/tvnews\/wp-json\/wp\/v2\/comments?post=79863"}],"version-history":[{"count":3,"href":"https:\/\/www.tvnovelas.com.br\/tvnews\/wp-json\/wp\/v2\/posts\/79863\/revisions"}],"predecessor-version":[{"id":79867,"href":"https:\/\/www.tvnovelas.com.br\/tvnews\/wp-json\/wp\/v2\/posts\/79863\/revisions\/79867"}],"wp:featuredmedia":[{"embeddable":true,"href":"https:\/\/www.tvnovelas.com.br\/tvnews\/wp-json\/wp\/v2\/media\/79864"}],"wp:attachment":[{"href":"https:\/\/www.tvnovelas.com.br\/tvnews\/wp-json\/wp\/v2\/media?parent=79863"}],"wp:term":[{"taxonomy":"category","embeddable":true,"href":"https:\/\/www.tvnovelas.com.br\/tvnews\/wp-json\/wp\/v2\/categories?post=79863"},{"taxonomy":"post_tag","embeddable":true,"href":"https:\/\/www.tvnovelas.com.br\/tvnews\/wp-json\/wp\/v2\/tags?post=79863"}],"curies":[{"name":"wp","href":"https:\/\/api.w.org\/{rel}","templated":true}]}}