{"id":79878,"date":"2025-07-30T15:06:57","date_gmt":"2025-07-30T18:06:57","guid":{"rendered":"https:\/\/www.tvnovelas.com.br\/tvnews\/?p=79878"},"modified":"2025-07-30T15:06:57","modified_gmt":"2025-07-30T18:06:57","slug":"vale-tudo-heleninha-pede-que-odete-nao-prejudique-ivan","status":"publish","type":"post","link":"https:\/\/www.tvnovelas.com.br\/tvnews\/vale-tudo-heleninha-pede-que-odete-nao-prejudique-ivan\/","title":{"rendered":"Vale Tudo: Heleninha pede que Odete n\u00e3o prejudique Ivan"},"content":{"rendered":"<figure id=\"attachment_79879\" aria-describedby=\"caption-attachment-79879\" style=\"width: 728px\" class=\"wp-caption alignnone\"><img data-recalc-dims=\"1\" decoding=\"async\" class=\"wp-image-79879 size-full\" title=\"(Foto: TV Globo\/Vale Tudo)\" src=\"https:\/\/i0.wp.com\/www.tvnovelas.com.br\/tvnews\/wp-content\/uploads\/2025\/07\/11649.jpg?resize=728%2C410&#038;ssl=1\" alt=\"Foto em Vale Tudo: Heleninha pede que Odete n\u00e3o prejudique Ivan\" width=\"728\" height=\"410\" srcset=\"https:\/\/i0.wp.com\/www.tvnovelas.com.br\/tvnews\/wp-content\/uploads\/2025\/07\/11649.jpg?w=728&amp;ssl=1 728w, https:\/\/i0.wp.com\/www.tvnovelas.com.br\/tvnews\/wp-content\/uploads\/2025\/07\/11649.jpg?resize=250%2C141&amp;ssl=1 250w\" sizes=\"(max-width: 728px) 100vw, 728px\" \/><figcaption id=\"caption-attachment-79879\" class=\"wp-caption-text\">Vale Tudo: Heleninha pede que Odete n\u00e3o prejudique Ivan<\/figcaption><\/figure>\n<p>Em Vale Tudo, Heleninha (Paolla Oliveira) sabe a m\u00e3e que tem, ent\u00e3o, ficar\u00e1 preocupada com a postura da empres\u00e1ria em rela\u00e7\u00e3o ao fim do casamento com Ivan (Renato G\u00f3es). Por isso, enquanto se recupera da \u00faltima reca\u00edda agressiva que teve, a pintora far\u00e1 um pedido para Odete Roitman (Debora Bloch).<\/p>\n<p>\u201cEu s\u00f3 quero que voc\u00ea n\u00e3o prejudique o Ivan na TCA porque ele se separou de mim, m\u00e3e. S\u00f3 isso\u201d, vai pedir ela.<\/p>\n<p>\u201cNa vida real a promo\u00e7\u00e3o do Ivan est\u00e1 sim ligada ao fato de voc\u00eas dois estarem envolvidos\u201d, devolver\u00e1 a empres\u00e1ria. \u201cA TCA n\u00e3o \u00e9 uma empresa p\u00fablica, \u00e9 uma empresa familiar.\u201d<\/p>\n<p>Heleninha questionar\u00e1 se Odete cogita rebaixar Ivan, mas a vil\u00e3 explicar\u00e1 que, legalmente, ela n\u00e3o pode tomar esta atitude. A pintora, ent\u00e3o, refor\u00e7ar\u00e1 o pedido para que ela n\u00e3o prejudique o executivo, pois, desta forma, ir\u00e1 eliminar de vez a chance de retomar o casamento.<\/p>\n<p>Logo em seguida, a herdeira voltar\u00e1 as energias para o foco constante de seu ci\u00fame e inseguran\u00e7a: Raquel (Ta\u00eds Araujo).<\/p>\n<p>\u201cA culpa \u00e9 da Raquel, eu t\u00f4 te falando\u201d, dir\u00e1 Heleninha.<\/p>\n<p>\u201cComo assim? Eles est\u00e3o juntos?\u201d, vai perguntar Odete.<\/p>\n<p>\u201cN\u00e3o sei&#8230; Mas a Raquel nunca largou do p\u00e9 do Ivan. Imagina que no dia que a gente estava indo pra Roma ela apareceu no aeroporto! Foi s\u00f3 ele sair daqui que a Raquel j\u00e1 foi atr\u00e1s dele. E isso s\u00f3 as coisas que eu vi, n\u00e3o foi ningu\u00e9m que me contou\u201d, insistir\u00e1 a pintora.<br \/>\n<!--FIM--><br \/>\n<strong>Sobre a novela<\/strong><\/p>\n<p><a href=\"https:\/\/wp.me\/pfspD2-U7\" target=\"_blank\" rel=\"noopener\">Vale Tudo: Conflitos de princ\u00edpios e valores (Sinopse)<\/a><\/p>\n<p><a href=\"https:\/\/wp.me\/pfspD2-oI\" target=\"_blank\" rel=\"noopener\">Vale Tudo: Invers\u00e3o de valores no final dos anos 1980<\/a> (Sinopse)<\/p>\n<div style=\"font-size: 120%;\"><h3>Confira tamb\u00e9m<\/h3>\r\n<a href=\"https:\/\/tvnovelas.com.br\/novelas\/\" rel=\"noopener\" target=\"_blank\"><strong>Todos os resumos de novelas<\/strong><\/a><\/br>\r\n<a href=\"https:\/\/www.tvnovelas.com.br\/tvnews\/\" rel=\"noopener\" target=\"_blank\"><strong>\u00daltimas not\u00edcias das novelas<\/strong><\/a><\/br>\r\n<a href=\"https:\/\/www.tvnovelas.com.br\/filmes\/\" target=\"_blank\" rel=\"noopener noreferrer\"><strong>Programa\u00e7\u00e3o de filmes na TV aberta<\/strong><\/a><\/br>\r\n<a href=\"https:\/\/caetenews.com.br\/semana\/filmes-da-globo-na-sessao-da-tarde-desta-semana\/\" target=\"_blank\" rel=\"noopener\"><strong>Confira os filmes da semana na Sess\u00e3o da Tarde<\/strong><\/a><\/br>\r\n<a href=\"https:\/\/classindportal.mj.gov.br\/consulta-filmes\" target=\"_blank\" rel=\"noopener\"><strong>Consulte a classifica\u00e7\u00e3o indicativa dos filmes e novelas<\/strong><\/a><\/br><br \/>\n&lt;\/div<\/div>\n","protected":false},"excerpt":{"rendered":"<p>Vale Tudo: Heleninha pede que Odete n\u00e3o prejudique Ivan&#8230; Em Vale Tudo, Heleninha (Paolla Oliveira) sabe a m\u00e3e que tem, ent\u00e3o, ficar\u00e1 preocupada&#8230;<\/p>\n","protected":false},"author":1,"featured_media":79879,"comment_status":"closed","ping_status":"closed","sticky":false,"template":"","format":"standard","meta":{"_uf_show_specific_survey":0,"_uf_disable_surveys":false,"_jetpack_memberships_contains_paid_content":false,"footnotes":"","_wp_rev_ctl_limit":""},"categories":[871],"tags":[5,64,801],"class_list":["post-79878","post","type-post","status-publish","format-standard","has-post-thumbnail","hentry","category-vale-tudo","tag-globo","tag-novelas","tag-vale-tudo","wpcat-871-id"],"aioseo_notices":[],"jetpack_featured_media_url":"https:\/\/i0.wp.com\/www.tvnovelas.com.br\/tvnews\/wp-content\/uploads\/2025\/07\/11649.jpg?fit=728%2C410&ssl=1","jetpack_shortlink":"https:\/\/wp.me\/pdP2BO-kMm","jetpack_sharing_enabled":true,"_links":{"self":[{"href":"https:\/\/www.tvnovelas.com.br\/tvnews\/wp-json\/wp\/v2\/posts\/79878","targetHints":{"allow":["GET"]}}],"collection":[{"href":"https:\/\/www.tvnovelas.com.br\/tvnews\/wp-json\/wp\/v2\/posts"}],"about":[{"href":"https:\/\/www.tvnovelas.com.br\/tvnews\/wp-json\/wp\/v2\/types\/post"}],"author":[{"embeddable":true,"href":"https:\/\/www.tvnovelas.com.br\/tvnews\/wp-json\/wp\/v2\/users\/1"}],"replies":[{"embeddable":true,"href":"https:\/\/www.tvnovelas.com.br\/tvnews\/wp-json\/wp\/v2\/comments?post=79878"}],"version-history":[{"count":1,"href":"https:\/\/www.tvnovelas.com.br\/tvnews\/wp-json\/wp\/v2\/posts\/79878\/revisions"}],"predecessor-version":[{"id":79880,"href":"https:\/\/www.tvnovelas.com.br\/tvnews\/wp-json\/wp\/v2\/posts\/79878\/revisions\/79880"}],"wp:featuredmedia":[{"embeddable":true,"href":"https:\/\/www.tvnovelas.com.br\/tvnews\/wp-json\/wp\/v2\/media\/79879"}],"wp:attachment":[{"href":"https:\/\/www.tvnovelas.com.br\/tvnews\/wp-json\/wp\/v2\/media?parent=79878"}],"wp:term":[{"taxonomy":"category","embeddable":true,"href":"https:\/\/www.tvnovelas.com.br\/tvnews\/wp-json\/wp\/v2\/categories?post=79878"},{"taxonomy":"post_tag","embeddable":true,"href":"https:\/\/www.tvnovelas.com.br\/tvnews\/wp-json\/wp\/v2\/tags?post=79878"}],"curies":[{"name":"wp","href":"https:\/\/api.w.org\/{rel}","templated":true}]}}