{"id":79888,"date":"2025-07-30T16:21:02","date_gmt":"2025-07-30T19:21:02","guid":{"rendered":"https:\/\/www.tvnovelas.com.br\/tvnews\/?p=79888"},"modified":"2025-07-30T16:21:02","modified_gmt":"2025-07-30T19:21:02","slug":"vale-tudo-odete-ameaca-ivan-para-reatar-com-heleninha","status":"publish","type":"post","link":"https:\/\/www.tvnovelas.com.br\/tvnews\/vale-tudo-odete-ameaca-ivan-para-reatar-com-heleninha\/","title":{"rendered":"Vale Tudo: Odete amea\u00e7a Ivan para reatar com Heleninha"},"content":{"rendered":"<figure id=\"attachment_79889\" aria-describedby=\"caption-attachment-79889\" style=\"width: 727px\" class=\"wp-caption alignnone\"><img data-recalc-dims=\"1\" decoding=\"async\" class=\"wp-image-79889 size-full\" title=\"(Foto: TV Globo\/Vale Tudo)\" src=\"https:\/\/i0.wp.com\/www.tvnovelas.com.br\/tvnews\/wp-content\/uploads\/2025\/07\/11651.jpg?resize=727%2C410&#038;ssl=1\" alt=\"Foto em Vale Tudo: Odete amea\u00e7a Ivan para reatar com Heleninha\" width=\"727\" height=\"410\" srcset=\"https:\/\/i0.wp.com\/www.tvnovelas.com.br\/tvnews\/wp-content\/uploads\/2025\/07\/11651.jpg?w=727&amp;ssl=1 727w, https:\/\/i0.wp.com\/www.tvnovelas.com.br\/tvnews\/wp-content\/uploads\/2025\/07\/11651.jpg?resize=250%2C141&amp;ssl=1 250w\" sizes=\"(max-width: 727px) 100vw, 727px\" \/><figcaption id=\"caption-attachment-79889\" class=\"wp-caption-text\">Vale Tudo: Odete amea\u00e7a Ivan para reatar com Heleninha<\/figcaption><\/figure>\n<p>Em Vale Tudo, Odete (Debora Bloch) acusa Ivan (Renato G\u00f3es) de favorecer Raquel (Ta\u00eds Araujo) com informa\u00e7\u00f5es privilegiadas, prejudicando a empresa. Ela exige que Ivan fa\u00e7a as pazes com Heleninha, ou sofrer\u00e1 processo por espionagem e multa.<\/p>\n<p>Em \u2018Vale Tudo\u2019, Odete (Debora Bloch) usa seu poder e influ\u00eancia para fazer com que Ivan (Renato G\u00f3es) fa\u00e7a as pazes com Heleninha (Paolla Oliveira). Ap\u00f3s descobrir, por meio de Luciano (Lic\u00ednio Janu\u00e1rio), que o ex-genro tem se encontrado com Raquel (Ta\u00eds Araujo) e que agora a empres\u00e1ria \u00e9 a respons\u00e1vel por fornecer comida de bordo para a TCA, Odete acusa Ivan de favorecer a ex-namorada com informa\u00e7\u00f5es privilegiadas, prejudicando a empresa.<\/p>\n<p>Diante das provas coletadas por Luciano, Odete tamb\u00e9m acusa o executivo de expor Heleninha publicamente, o que viola cl\u00e1usulas contratuais do casamento deles, e exige que Ivan volte para casa e reate com a filha, como condi\u00e7\u00e3o para n\u00e3o ser processado e evitar uma multa de 300 mil reais. Negando qualquer envolvimento, Ivan n\u00e3o cede \u00e0 chantagem de Odete e deixa claro que n\u00e3o ficaria com Heleninha por obriga\u00e7\u00e3o.<br \/>\n<!--FIM--><br \/>\n<strong>Sobre a novela<\/strong><\/p>\n<p><a href=\"https:\/\/wp.me\/pfspD2-U7\" target=\"_blank\" rel=\"noopener\">Vale Tudo: Conflitos de princ\u00edpios e valores (Sinopse)<\/a><\/p>\n<p><a href=\"https:\/\/wp.me\/pfspD2-oI\" target=\"_blank\" rel=\"noopener\">Vale Tudo: Invers\u00e3o de valores no final dos anos 1980<\/a> (Sinopse)<\/p>\n<div style=\"font-size: 120%;\"><h3>Confira tamb\u00e9m<\/h3>\r\n<a href=\"https:\/\/tvnovelas.com.br\/novelas\/\" rel=\"noopener\" target=\"_blank\"><strong>Todos os resumos de novelas<\/strong><\/a><\/br>\r\n<a href=\"https:\/\/www.tvnovelas.com.br\/tvnews\/\" rel=\"noopener\" target=\"_blank\"><strong>\u00daltimas not\u00edcias das novelas<\/strong><\/a><\/br>\r\n<a href=\"https:\/\/www.tvnovelas.com.br\/filmes\/\" target=\"_blank\" rel=\"noopener noreferrer\"><strong>Programa\u00e7\u00e3o de filmes na TV aberta<\/strong><\/a><\/br>\r\n<a href=\"https:\/\/caetenews.com.br\/semana\/filmes-da-globo-na-sessao-da-tarde-desta-semana\/\" target=\"_blank\" rel=\"noopener\"><strong>Confira os filmes da semana na Sess\u00e3o da Tarde<\/strong><\/a><\/br>\r\n<a href=\"https:\/\/classindportal.mj.gov.br\/consulta-filmes\" target=\"_blank\" rel=\"noopener\"><strong>Consulte a classifica\u00e7\u00e3o indicativa dos filmes e novelas<\/strong><\/a><\/br><br \/>\n&lt;\/div<\/div>\n","protected":false},"excerpt":{"rendered":"<p>Vale Tudo: Odete amea\u00e7a Ivan para reatar com Heleninha&#8230; Em Vale Tudo, Odete (Debora Bloch) acusa Ivan (Renato G\u00f3es) de favorecer Raquel&#8230;<\/p>\n","protected":false},"author":1,"featured_media":79889,"comment_status":"closed","ping_status":"closed","sticky":false,"template":"","format":"standard","meta":{"_uf_show_specific_survey":0,"_uf_disable_surveys":false,"_jetpack_memberships_contains_paid_content":false,"footnotes":"","_wp_rev_ctl_limit":""},"categories":[871],"tags":[5,64,801],"class_list":["post-79888","post","type-post","status-publish","format-standard","has-post-thumbnail","hentry","category-vale-tudo","tag-globo","tag-novelas","tag-vale-tudo","wpcat-871-id"],"aioseo_notices":[],"jetpack_featured_media_url":"https:\/\/i0.wp.com\/www.tvnovelas.com.br\/tvnews\/wp-content\/uploads\/2025\/07\/11651.jpg?fit=727%2C410&ssl=1","jetpack_shortlink":"https:\/\/wp.me\/pdP2BO-kMw","jetpack_sharing_enabled":true,"_links":{"self":[{"href":"https:\/\/www.tvnovelas.com.br\/tvnews\/wp-json\/wp\/v2\/posts\/79888","targetHints":{"allow":["GET"]}}],"collection":[{"href":"https:\/\/www.tvnovelas.com.br\/tvnews\/wp-json\/wp\/v2\/posts"}],"about":[{"href":"https:\/\/www.tvnovelas.com.br\/tvnews\/wp-json\/wp\/v2\/types\/post"}],"author":[{"embeddable":true,"href":"https:\/\/www.tvnovelas.com.br\/tvnews\/wp-json\/wp\/v2\/users\/1"}],"replies":[{"embeddable":true,"href":"https:\/\/www.tvnovelas.com.br\/tvnews\/wp-json\/wp\/v2\/comments?post=79888"}],"version-history":[{"count":1,"href":"https:\/\/www.tvnovelas.com.br\/tvnews\/wp-json\/wp\/v2\/posts\/79888\/revisions"}],"predecessor-version":[{"id":79890,"href":"https:\/\/www.tvnovelas.com.br\/tvnews\/wp-json\/wp\/v2\/posts\/79888\/revisions\/79890"}],"wp:featuredmedia":[{"embeddable":true,"href":"https:\/\/www.tvnovelas.com.br\/tvnews\/wp-json\/wp\/v2\/media\/79889"}],"wp:attachment":[{"href":"https:\/\/www.tvnovelas.com.br\/tvnews\/wp-json\/wp\/v2\/media?parent=79888"}],"wp:term":[{"taxonomy":"category","embeddable":true,"href":"https:\/\/www.tvnovelas.com.br\/tvnews\/wp-json\/wp\/v2\/categories?post=79888"},{"taxonomy":"post_tag","embeddable":true,"href":"https:\/\/www.tvnovelas.com.br\/tvnews\/wp-json\/wp\/v2\/tags?post=79888"}],"curies":[{"name":"wp","href":"https:\/\/api.w.org\/{rel}","templated":true}]}}