{"id":79898,"date":"2025-07-30T21:00:03","date_gmt":"2025-07-31T00:00:03","guid":{"rendered":"https:\/\/www.tvnovelas.com.br\/tvnews\/?p=79898"},"modified":"2025-07-31T08:58:54","modified_gmt":"2025-07-31T11:58:54","slug":"as-filhas-da-senhora-garcia-ofelia-reclama-de-arturo-para-luis","status":"publish","type":"post","link":"https:\/\/www.tvnovelas.com.br\/tvnews\/as-filhas-da-senhora-garcia-ofelia-reclama-de-arturo-para-luis\/","title":{"rendered":"As Filhas da Senhora Garcia: Of\u00e9lia reclama de Arturo para Lu\u00eds"},"content":{"rendered":"<figure id=\"attachment_79900\" aria-describedby=\"caption-attachment-79900\" style=\"width: 728px\" class=\"wp-caption alignnone\"><img data-recalc-dims=\"1\" decoding=\"async\" class=\"wp-image-79900 size-full\" title=\"(Foto: Televisa\/SBT\/As Filhas da Senhora Garcia)\" src=\"https:\/\/i0.wp.com\/www.tvnovelas.com.br\/tvnews\/wp-content\/uploads\/2025\/07\/11652.jpg?resize=728%2C410&#038;ssl=1\" alt=\"Foto em As Filhas da Senhora Garcia: Of\u00e9lia reclama de Arturo para Lu\u00eds\" width=\"728\" height=\"410\" srcset=\"https:\/\/i0.wp.com\/www.tvnovelas.com.br\/tvnews\/wp-content\/uploads\/2025\/07\/11652.jpg?w=728&amp;ssl=1 728w, https:\/\/i0.wp.com\/www.tvnovelas.com.br\/tvnews\/wp-content\/uploads\/2025\/07\/11652.jpg?resize=250%2C141&amp;ssl=1 250w\" sizes=\"(max-width: 728px) 100vw, 728px\" \/><figcaption id=\"caption-attachment-79900\" class=\"wp-caption-text\">As Filhas da Senhora Garcia: Of\u00e9lia reclama de Arturo para Lu\u00eds<\/figcaption><\/figure>\n<p>No cap\u00edtulo de As Filhas da Senhora Garcia desta quinta, dia 31, depois, Of\u00e9lia descobre que Arturo comprou a casa que ela alugava para Valeria e, fingindo indigna\u00e7\u00e3o, ela diz a Lu\u00eds que a filha n\u00e3o aceitar\u00e1 um presente t\u00e3o caro e que Arturo vai pensar que ela \u00e9 como as outras garotas que o procuram por interesse \u2014 que s\u00f3 aceitar\u00e1 a casa, se pagar com o pr\u00f3prio trabalho.<\/p>\n<p>Lu\u00eds diz a Artur que comprar uma casa para Valeria n\u00e3o \u00e9 a forma certa de se aproximar dela, se ele realmente estiver interessado. Lu\u00eds conta que Of\u00e9lia se ofereceu para pagar a casa com o trabalho da filha.<\/p>\n<p>Confira o resumo do cap\u00edtulo:<\/p>\n<h2 style=\"color: #3e5f44;\">Resumo de quinta-feira, 31 de julho<\/h2>\n<p>Of\u00e9lia fica feliz ao ver Mar e diz que \u00e9 o dia mais feliz da sua vida. Depois, ela descobre que Artur comprou a casa que ela alugava para Valeria e, fingindo indigna\u00e7\u00e3o, diz a Lu\u00eds que a filha n\u00e3o aceitar\u00e1 um presente t\u00e3o caro e que Artur vai pensar que ela \u00e9 como as outras garotas que o procuram por interesse \u2014 que s\u00f3 aceitar\u00e1 se pagar com o pr\u00f3prio trabalho. Mar diz a Valeria que d\u00e1 para ver que Artur est\u00e1 interessado nela e que, se ela sente algo por ele, deveria se dar uma chance. Valeria responde que tem medo de ter o cora\u00e7\u00e3o partido.<br \/>\nLu\u00eds diz a Artur que comprar uma casa para Valeria n\u00e3o \u00e9 a forma certa de se aproximar, se ele realmente estiver interessado. Conta que Of\u00e9lia se ofereceu para pagar a casa com o trabalho da filha. Susana, chorando, pede a Of\u00e9lia que retire a den\u00fancia contra Juan. Of\u00e9lia responde que, quando ela pediu ajuda para encontrar sua filha, Susana a expulsou \u2014 por isso, n\u00e3o vai retirar.<br \/>\n<!--FIM--><\/p>\n<div style=\"font-size: 120%;\"><h3>Confira tamb\u00e9m<\/h3>\r\n<a href=\"https:\/\/tvnovelas.com.br\/novelas\/\" rel=\"noopener\" target=\"_blank\"><strong>Todos os resumos de novelas<\/strong><\/a><\/br>\r\n<a href=\"https:\/\/www.tvnovelas.com.br\/tvnews\/\" rel=\"noopener\" target=\"_blank\"><strong>\u00daltimas not\u00edcias das novelas<\/strong><\/a><\/br>\r\n<a href=\"https:\/\/www.tvnovelas.com.br\/filmes\/\" target=\"_blank\" rel=\"noopener noreferrer\"><strong>Programa\u00e7\u00e3o de filmes na TV aberta<\/strong><\/a><\/br>\r\n<a href=\"https:\/\/caetenews.com.br\/semana\/filmes-da-globo-na-sessao-da-tarde-desta-semana\/\" target=\"_blank\" rel=\"noopener\"><strong>Confira os filmes da semana na Sess\u00e3o da Tarde<\/strong><\/a><\/br>\r\n<a href=\"https:\/\/classindportal.mj.gov.br\/consulta-filmes\" target=\"_blank\" rel=\"noopener\"><strong>Consulte a classifica\u00e7\u00e3o indicativa dos filmes e novelas<\/strong><\/a><\/br><\/div>\n","protected":false},"excerpt":{"rendered":"<p>As Filhas da Senhora Garcia: Of\u00e9lia reclama de Arturo para Lu\u00eds&#8230; No cap\u00edtulo de As Filhas da Senhora Garcia desta quinta, dia 31, depois, Of\u00e9lia descobre que Arturo&#8230;<\/p>\n","protected":false},"author":1,"featured_media":79900,"comment_status":"closed","ping_status":"closed","sticky":false,"template":"","format":"standard","meta":{"_uf_show_specific_survey":0,"_uf_disable_surveys":false,"_jetpack_memberships_contains_paid_content":false,"footnotes":"","_wp_rev_ctl_limit":""},"categories":[930],"tags":[931,5,64],"class_list":["post-79898","post","type-post","status-publish","format-standard","has-post-thumbnail","hentry","category-as-filhas-da-senhora-garcia","tag-as-filhas-da-senhora-garcia","tag-globo","tag-novelas","wpcat-930-id"],"aioseo_notices":[],"jetpack_featured_media_url":"https:\/\/i0.wp.com\/www.tvnovelas.com.br\/tvnews\/wp-content\/uploads\/2025\/07\/11652.jpg?fit=728%2C410&ssl=1","jetpack_shortlink":"https:\/\/wp.me\/pdP2BO-kMG","jetpack_sharing_enabled":true,"_links":{"self":[{"href":"https:\/\/www.tvnovelas.com.br\/tvnews\/wp-json\/wp\/v2\/posts\/79898","targetHints":{"allow":["GET"]}}],"collection":[{"href":"https:\/\/www.tvnovelas.com.br\/tvnews\/wp-json\/wp\/v2\/posts"}],"about":[{"href":"https:\/\/www.tvnovelas.com.br\/tvnews\/wp-json\/wp\/v2\/types\/post"}],"author":[{"embeddable":true,"href":"https:\/\/www.tvnovelas.com.br\/tvnews\/wp-json\/wp\/v2\/users\/1"}],"replies":[{"embeddable":true,"href":"https:\/\/www.tvnovelas.com.br\/tvnews\/wp-json\/wp\/v2\/comments?post=79898"}],"version-history":[{"count":2,"href":"https:\/\/www.tvnovelas.com.br\/tvnews\/wp-json\/wp\/v2\/posts\/79898\/revisions"}],"predecessor-version":[{"id":79943,"href":"https:\/\/www.tvnovelas.com.br\/tvnews\/wp-json\/wp\/v2\/posts\/79898\/revisions\/79943"}],"wp:featuredmedia":[{"embeddable":true,"href":"https:\/\/www.tvnovelas.com.br\/tvnews\/wp-json\/wp\/v2\/media\/79900"}],"wp:attachment":[{"href":"https:\/\/www.tvnovelas.com.br\/tvnews\/wp-json\/wp\/v2\/media?parent=79898"}],"wp:term":[{"taxonomy":"category","embeddable":true,"href":"https:\/\/www.tvnovelas.com.br\/tvnews\/wp-json\/wp\/v2\/categories?post=79898"},{"taxonomy":"post_tag","embeddable":true,"href":"https:\/\/www.tvnovelas.com.br\/tvnews\/wp-json\/wp\/v2\/tags?post=79898"}],"curies":[{"name":"wp","href":"https:\/\/api.w.org\/{rel}","templated":true}]}}