{"id":79962,"date":"2025-07-31T14:24:31","date_gmt":"2025-07-31T17:24:31","guid":{"rendered":"https:\/\/www.tvnovelas.com.br\/tvnews\/?p=79962"},"modified":"2025-07-31T14:24:31","modified_gmt":"2025-07-31T17:24:31","slug":"o-rico-e-lazaro-belsazar-faz-ameaca-a-nebuzarada","status":"publish","type":"post","link":"https:\/\/www.tvnovelas.com.br\/tvnews\/o-rico-e-lazaro-belsazar-faz-ameaca-a-nebuzarada\/","title":{"rendered":"O Rico e L\u00e1zaro: Belsazar faz amea\u00e7a a Nebuzarad\u00e3"},"content":{"rendered":"<figure id=\"attachment_79963\" aria-describedby=\"caption-attachment-79963\" style=\"width: 728px\" class=\"wp-caption alignnone\"><img data-recalc-dims=\"1\" decoding=\"async\" class=\"wp-image-79963 size-full\" title=\"(Foto TV Record\/ O Rico e L\u00e1zaro)\" src=\"https:\/\/i0.wp.com\/www.tvnovelas.com.br\/tvnews\/wp-content\/uploads\/2025\/07\/11660.jpg?resize=728%2C410&#038;ssl=1\" alt=\"Foto em O Rico e L\u00e1zaro: Belsazar faz amea\u00e7a a Nebuzarad\u00e3\" width=\"728\" height=\"410\" srcset=\"https:\/\/i0.wp.com\/www.tvnovelas.com.br\/tvnews\/wp-content\/uploads\/2025\/07\/11660.jpg?w=728&amp;ssl=1 728w, https:\/\/i0.wp.com\/www.tvnovelas.com.br\/tvnews\/wp-content\/uploads\/2025\/07\/11660.jpg?resize=250%2C141&amp;ssl=1 250w\" sizes=\"(max-width: 728px) 100vw, 728px\" \/><figcaption id=\"caption-attachment-79963\" class=\"wp-caption-text\">O Rico e L\u00e1zaro: Belsazar faz amea\u00e7a a Nebuzarad\u00e3<\/figcaption><\/figure>\n<p>No cap\u00edtulo de O Rico e L\u00e1zaro. desta quinta, dia 31, Belsazar (Marcelo Arnal) surpreende ao demonstrar que n\u00e3o pretende deixar Nebuzarad\u00e3 (\u00c2ngelo Paes Leme) em paz. Em uma conversa carregada de tens\u00e3o, o pr\u00edncipe afirma que o comandante &#8220;n\u00e3o se livrar\u00e1 t\u00e3o f\u00e1cil&#8221; dele e promete que em breve ter\u00e1 uma grande surpresa.<\/p>\n<p>A fala enigm\u00e1tica de Belsazar levanta suspeitas de que ele esteja preparando uma vingan\u00e7a ou alguma reviravolta contra o poderoso oficial, alimentando ainda mais o clima de intrigas na Babil\u00f4nia. A rela\u00e7\u00e3o entre os dois j\u00e1 vinha se deteriorando, e agora parece prestes a explodir.<\/p>\n<div style=\"font-size: 120%;\"><h3>Confira tamb\u00e9m<\/h3>\r\n<a href=\"https:\/\/tvnovelas.com.br\/novelas\/\" rel=\"noopener\" target=\"_blank\"><strong>Todos os resumos de novelas<\/strong><\/a><\/br>\r\n<a href=\"https:\/\/www.tvnovelas.com.br\/tvnews\/\" rel=\"noopener\" target=\"_blank\"><strong>\u00daltimas not\u00edcias das novelas<\/strong><\/a><\/br>\r\n<a href=\"https:\/\/www.tvnovelas.com.br\/filmes\/\" target=\"_blank\" rel=\"noopener noreferrer\"><strong>Programa\u00e7\u00e3o de filmes na TV aberta<\/strong><\/a><\/br>\r\n<a href=\"https:\/\/caetenews.com.br\/semana\/filmes-da-globo-na-sessao-da-tarde-desta-semana\/\" target=\"_blank\" rel=\"noopener\"><strong>Confira os filmes da semana na Sess\u00e3o da Tarde<\/strong><\/a><\/br>\r\n<a href=\"https:\/\/classindportal.mj.gov.br\/consulta-filmes\" target=\"_blank\" rel=\"noopener\"><strong>Consulte a classifica\u00e7\u00e3o indicativa dos filmes e novelas<\/strong><\/a><\/br><\/div>\n","protected":false},"excerpt":{"rendered":"<p>O Rico e L\u00e1zaro: Belsazar faz amea\u00e7a a Nebuzarad\u00e3&#8230; No cap\u00edtulo de O Rico e L\u00e1zaro. desta quinta, dia 31, Belsazar (Marcelo Arnal) surpreende ao demonstrar&#8230;<\/p>\n","protected":false},"author":1,"featured_media":79963,"comment_status":"closed","ping_status":"closed","sticky":false,"template":"","format":"standard","meta":{"_uf_show_specific_survey":0,"_uf_disable_surveys":false,"_jetpack_memberships_contains_paid_content":false,"footnotes":"","_wp_rev_ctl_limit":""},"categories":[912],"tags":[64,52,14],"class_list":["post-79962","post","type-post","status-publish","format-standard","has-post-thumbnail","hentry","category-o-rico-e-lazaro","tag-novelas","tag-o-rico-e-lazaro","tag-record","wpcat-912-id"],"aioseo_notices":[],"jetpack_featured_media_url":"https:\/\/i0.wp.com\/www.tvnovelas.com.br\/tvnews\/wp-content\/uploads\/2025\/07\/11660.jpg?fit=728%2C410&ssl=1","jetpack_shortlink":"https:\/\/wp.me\/pdP2BO-kNI","jetpack_sharing_enabled":true,"_links":{"self":[{"href":"https:\/\/www.tvnovelas.com.br\/tvnews\/wp-json\/wp\/v2\/posts\/79962","targetHints":{"allow":["GET"]}}],"collection":[{"href":"https:\/\/www.tvnovelas.com.br\/tvnews\/wp-json\/wp\/v2\/posts"}],"about":[{"href":"https:\/\/www.tvnovelas.com.br\/tvnews\/wp-json\/wp\/v2\/types\/post"}],"author":[{"embeddable":true,"href":"https:\/\/www.tvnovelas.com.br\/tvnews\/wp-json\/wp\/v2\/users\/1"}],"replies":[{"embeddable":true,"href":"https:\/\/www.tvnovelas.com.br\/tvnews\/wp-json\/wp\/v2\/comments?post=79962"}],"version-history":[{"count":1,"href":"https:\/\/www.tvnovelas.com.br\/tvnews\/wp-json\/wp\/v2\/posts\/79962\/revisions"}],"predecessor-version":[{"id":79964,"href":"https:\/\/www.tvnovelas.com.br\/tvnews\/wp-json\/wp\/v2\/posts\/79962\/revisions\/79964"}],"wp:featuredmedia":[{"embeddable":true,"href":"https:\/\/www.tvnovelas.com.br\/tvnews\/wp-json\/wp\/v2\/media\/79963"}],"wp:attachment":[{"href":"https:\/\/www.tvnovelas.com.br\/tvnews\/wp-json\/wp\/v2\/media?parent=79962"}],"wp:term":[{"taxonomy":"category","embeddable":true,"href":"https:\/\/www.tvnovelas.com.br\/tvnews\/wp-json\/wp\/v2\/categories?post=79962"},{"taxonomy":"post_tag","embeddable":true,"href":"https:\/\/www.tvnovelas.com.br\/tvnews\/wp-json\/wp\/v2\/tags?post=79962"}],"curies":[{"name":"wp","href":"https:\/\/api.w.org\/{rel}","templated":true}]}}