{"id":79966,"date":"2025-07-31T14:47:02","date_gmt":"2025-07-31T17:47:02","guid":{"rendered":"https:\/\/www.tvnovelas.com.br\/tvnews\/?p=79966"},"modified":"2025-07-31T14:47:02","modified_gmt":"2025-07-31T17:47:02","slug":"eta-mundo-melhor-dita-pede-aumento-para-trabalhar-mais-e-e-dispensada","status":"publish","type":"post","link":"https:\/\/www.tvnovelas.com.br\/tvnews\/eta-mundo-melhor-dita-pede-aumento-para-trabalhar-mais-e-e-dispensada\/","title":{"rendered":"\u00cata Mundo Melhor!: Dita pede aumento para trabalhar mais e \u00e9 dispensada"},"content":{"rendered":"<figure id=\"attachment_79967\" aria-describedby=\"caption-attachment-79967\" style=\"width: 728px\" class=\"wp-caption alignnone\"><img data-recalc-dims=\"1\" decoding=\"async\" class=\"wp-image-79967 size-full\" title=\"(Foto: TV Globo\/\u00cata Mundo Melhor!)\" src=\"https:\/\/i0.wp.com\/www.tvnovelas.com.br\/tvnews\/wp-content\/uploads\/2025\/07\/11661.jpg?resize=728%2C409&#038;ssl=1\" alt=\"Foto em \u00cata Mundo Melhor!: Dita pede aumento para trabalhar mais e \u00e9 dispensada\" width=\"728\" height=\"409\" srcset=\"https:\/\/i0.wp.com\/www.tvnovelas.com.br\/tvnews\/wp-content\/uploads\/2025\/07\/11661.jpg?w=728&amp;ssl=1 728w, https:\/\/i0.wp.com\/www.tvnovelas.com.br\/tvnews\/wp-content\/uploads\/2025\/07\/11661.jpg?resize=250%2C140&amp;ssl=1 250w\" sizes=\"(max-width: 728px) 100vw, 728px\" \/><figcaption id=\"caption-attachment-79967\" class=\"wp-caption-text\">\u00cata Mundo Melhor!: Dita pede aumento para trabalhar mais e \u00e9 dispensada<\/figcaption><\/figure>\n<p>Em \u00cata Mundo Melhor!, sucesso absoluto na r\u00e1dio, Dita (Jeniffer Nascimento) vai come\u00e7ar a acumular f\u00e3s e, assim, ser cada vez mais demandada.Ela fica surpresa ao receber uma enorme quantidade de cartas de admiradores a parabenizando pela sua voz e seu talento.<\/p>\n<p>&#8220;Parab\u00e9ns, Dita! Voc\u00ea \u00e9 sucesso com o p\u00fablico! Em pouqu\u00edssimo tempo j\u00e1 se tornou recordista de cartas&#8221;, celebra Tales (Duio Botta).<\/p>\n<p>&#8220;Num consigo nem acredit\u00e1 nisso, seu Tales!&#8221;, ela reage.<\/p>\n<p>Diante do sucesso da cantora, L\u00facio (Tony Tornado) sugere que Dita passe a cantar diariamente. Ela, claro, ama receber a proposta, e comemora que, assim, seu sal\u00e1rio deve aumentar. \u00c9 a\u00ed que vem o banho de \u00e1gua fria:<\/p>\n<p>&#8220;Quanto a isso, receio que n\u00e3o. Seu L\u00facio n\u00e3o autorizou o aumento&#8221;, explica Tales.<\/p>\n<p>&#8220;Int\u00e3o ele qu\u00e9 que eu trabaie di gra\u00e7a&#8230; Desse jeito num quero, n\u00e3o&#8221;, se imp\u00f5e Dita.<\/p>\n<p>Surpreso com a resposta, Tales dispensa Dita, que fica arrasada, mas n\u00e3o se curva \u00e0 ideia de ser explorada.<br \/>\n<!--FIM DO POST--><\/p>\n<h2>Sobre a novela:<\/h2>\n<p><a href=\"https:\/\/tvnovelas.com.br\/page2\/arquivo\/eta-mundo-melhor-a-volta-de-candinho-e-policarpo\/&quot;\" target=\"_blank\" rel=\"noopener\">\u00cata Mundo Melhor!: A volta de Candinho e Policarpo<\/a> (Sinopse)<br \/>\n<a href=\"https:\/\/pt.wikipedia.org\/wiki\/%C3%8Ata_Mundo_Melhor!\" target=\"_blank\" rel=\"noopener\">Sobre \u00cata Mundo Melhor!, na Wikipedia<\/a><\/p>\n<div style=\"font-size: 120%;\"><h3>Confira tamb\u00e9m<\/h3>\r\n<a href=\"https:\/\/tvnovelas.com.br\/novelas\/\" rel=\"noopener\" target=\"_blank\"><strong>Todos os resumos de novelas<\/strong><\/a><\/br>\r\n<a href=\"https:\/\/www.tvnovelas.com.br\/tvnews\/\" rel=\"noopener\" target=\"_blank\"><strong>\u00daltimas not\u00edcias das novelas<\/strong><\/a><\/br>\r\n<a href=\"https:\/\/www.tvnovelas.com.br\/filmes\/\" target=\"_blank\" rel=\"noopener noreferrer\"><strong>Programa\u00e7\u00e3o de filmes na TV aberta<\/strong><\/a><\/br>\r\n<a href=\"https:\/\/caetenews.com.br\/semana\/filmes-da-globo-na-sessao-da-tarde-desta-semana\/\" target=\"_blank\" rel=\"noopener\"><strong>Confira os filmes da semana na Sess\u00e3o da Tarde<\/strong><\/a><\/br>\r\n<a href=\"https:\/\/classindportal.mj.gov.br\/consulta-filmes\" target=\"_blank\" rel=\"noopener\"><strong>Consulte a classifica\u00e7\u00e3o indicativa dos filmes e novelas<\/strong><\/a><\/br><\/div>\n","protected":false},"excerpt":{"rendered":"<p>\u00cata Mundo Melhor!: Dita pede aumento para trabalhar&#8230; Sucesso absoluto na r\u00e1dio, Dita (Jeniffer Nascimento) vai come\u00e7ar a acumular f\u00e3s e, assim, ser cada vez&#8230;<\/p>\n","protected":false},"author":1,"featured_media":79967,"comment_status":"closed","ping_status":"closed","sticky":false,"template":"","format":"standard","meta":{"_uf_show_specific_survey":0,"_uf_disable_surveys":false,"_jetpack_memberships_contains_paid_content":false,"footnotes":"","_wp_rev_ctl_limit":""},"categories":[920],"tags":[921,5,64],"class_list":["post-79966","post","type-post","status-publish","format-standard","has-post-thumbnail","hentry","category-eta-mundo-melhor","tag-eta-mundo-melhor","tag-globo","tag-novelas","wpcat-920-id"],"aioseo_notices":[],"jetpack_featured_media_url":"https:\/\/i0.wp.com\/www.tvnovelas.com.br\/tvnews\/wp-content\/uploads\/2025\/07\/11661.jpg?fit=728%2C409&ssl=1","jetpack_shortlink":"https:\/\/wp.me\/pdP2BO-kNM","jetpack_sharing_enabled":true,"_links":{"self":[{"href":"https:\/\/www.tvnovelas.com.br\/tvnews\/wp-json\/wp\/v2\/posts\/79966","targetHints":{"allow":["GET"]}}],"collection":[{"href":"https:\/\/www.tvnovelas.com.br\/tvnews\/wp-json\/wp\/v2\/posts"}],"about":[{"href":"https:\/\/www.tvnovelas.com.br\/tvnews\/wp-json\/wp\/v2\/types\/post"}],"author":[{"embeddable":true,"href":"https:\/\/www.tvnovelas.com.br\/tvnews\/wp-json\/wp\/v2\/users\/1"}],"replies":[{"embeddable":true,"href":"https:\/\/www.tvnovelas.com.br\/tvnews\/wp-json\/wp\/v2\/comments?post=79966"}],"version-history":[{"count":1,"href":"https:\/\/www.tvnovelas.com.br\/tvnews\/wp-json\/wp\/v2\/posts\/79966\/revisions"}],"predecessor-version":[{"id":79968,"href":"https:\/\/www.tvnovelas.com.br\/tvnews\/wp-json\/wp\/v2\/posts\/79966\/revisions\/79968"}],"wp:featuredmedia":[{"embeddable":true,"href":"https:\/\/www.tvnovelas.com.br\/tvnews\/wp-json\/wp\/v2\/media\/79967"}],"wp:attachment":[{"href":"https:\/\/www.tvnovelas.com.br\/tvnews\/wp-json\/wp\/v2\/media?parent=79966"}],"wp:term":[{"taxonomy":"category","embeddable":true,"href":"https:\/\/www.tvnovelas.com.br\/tvnews\/wp-json\/wp\/v2\/categories?post=79966"},{"taxonomy":"post_tag","embeddable":true,"href":"https:\/\/www.tvnovelas.com.br\/tvnews\/wp-json\/wp\/v2\/tags?post=79966"}],"curies":[{"name":"wp","href":"https:\/\/api.w.org\/{rel}","templated":true}]}}