{"id":79971,"date":"2025-07-31T15:06:38","date_gmt":"2025-07-31T18:06:38","guid":{"rendered":"https:\/\/www.tvnovelas.com.br\/tvnews\/?p=79971"},"modified":"2025-07-31T15:06:38","modified_gmt":"2025-07-31T18:06:38","slug":"vale-tudo-odete-descobre-que-raquel-e-fornecedora-da-tca","status":"publish","type":"post","link":"https:\/\/www.tvnovelas.com.br\/tvnews\/vale-tudo-odete-descobre-que-raquel-e-fornecedora-da-tca\/","title":{"rendered":"Vale Tudo: Odete descobre que Raquel \u00e9 fornecedora da TCA"},"content":{"rendered":"<figure id=\"attachment_79972\" aria-describedby=\"caption-attachment-79972\" style=\"width: 728px\" class=\"wp-caption alignnone\"><img data-recalc-dims=\"1\" decoding=\"async\" class=\"wp-image-79972 size-full\" title=\"(Foto: TV Globo\/Vale Tudo)\" src=\"https:\/\/i0.wp.com\/www.tvnovelas.com.br\/tvnews\/wp-content\/uploads\/2025\/07\/11662.jpg?resize=728%2C410&#038;ssl=1\" alt=\"Foto em Vale Tudo: Odete descobre que Raquel \u00e9 fornecedora da TCA\" width=\"728\" height=\"410\" srcset=\"https:\/\/i0.wp.com\/www.tvnovelas.com.br\/tvnews\/wp-content\/uploads\/2025\/07\/11662.jpg?w=728&amp;ssl=1 728w, https:\/\/i0.wp.com\/www.tvnovelas.com.br\/tvnews\/wp-content\/uploads\/2025\/07\/11662.jpg?resize=250%2C141&amp;ssl=1 250w\" sizes=\"(max-width: 728px) 100vw, 728px\" \/><figcaption id=\"caption-attachment-79972\" class=\"wp-caption-text\">Vale Tudo: Odete descobre que Raquel \u00e9 fornecedora da TCA<\/figcaption><\/figure>\n<p>Em Vale Tudo, Luciano (Lic\u00ednio Janu\u00e1rio) topou uma miss\u00e3o injusta e, \u00e0s escondidas, traiu a confian\u00e7a de Ivan (Renato G\u00f3es). A mando de Odete Roitman (Debora Bloch), o assessor concordou em espionar o amigo para saber se ele reatou com Raquel (Ta\u00eds Araujo). A bilion\u00e1ria quer descartar o fim do casamento entre o executivo e a filha dela, Heleninha (Paolla Oliveira).<\/p>\n<p>Luciano flagrou o momento em que Ivan e Raquel se encontraram em uma confer\u00eancia e trocaram dois beijinhos rosto. Agora, a vil\u00e3 come\u00e7ar\u00e1 a ligar os pontos.<\/p>\n<p>\u201cAgora, eu n\u00e3o entendi uma coisa&#8230; o que a Raquel estava fazendo na confer\u00eancia de fornecedores da avia\u00e7\u00e3o?\u201d, questionar\u00e1 ela.<\/p>\n<p>\u201cOlha, dona Odete. Essa foi a descoberta realmente inesperada\u201d, contar\u00e1 Luciano. \u201cA Raquel \u00e9 dona de uma empresa que fornece comida, que se chama Paladar. E a Paladar encampou a Flyfood.\u201d<\/p>\n<p>\u201cFlyfood? Eu n\u00e3o acredito nisso, Luciano! Voc\u00ea est\u00e1 me dizendo que a Raquel Acioli \u00e9 a fornecedora da nossa comida de bordo?\u201d, vai perguntar ela, enfurecida.<\/p>\n<p>Odete ir\u00e1 imediatamente tirar satisfa\u00e7\u00f5es com Marco Aur\u00e9lio (Alexandre Nero) e M\u00e1rio S\u00e9rgio (Thom\u00e1s de Aquino), e a dupla n\u00e3o vai pensar duas vezes antes de dar nome aos bois.<\/p>\n<p>\u201cDesculpa interromper, dona Odete, mas esses contratos foram encaminhados pelo Ivan Meireles\u201d, revelar\u00e1 Marco Aur\u00e9lio.<\/p>\n<p>\u201cPronto, olha a\u00ed o endere\u00e7o certo do esporro. Eu n\u00e3o acredito nisso, n\u00e3o pode ser que o Ivan tenha decidido beneficiar a ex mulher dele usando a minha empresa!\u201d, reclamar\u00e1 a vil\u00e3.<br \/>\n<!--FIM--><br \/>\n<strong>Sobre a novela<\/strong><br \/>\n<a href=\"https:\/\/wp.me\/pfspD2-U7\" target=\"_blank\" rel=\"noopener\">Vale Tudo: Conflitos de princ\u00edpios e valores (Sinopse)<\/a><\/p>\n<p><a href=\"https:\/\/wp.me\/pfspD2-oI\" target=\"_blank\" rel=\"noopener\">Vale Tudo: Invers\u00e3o de valores no final dos anos 1980<\/a> (Sinopse)<\/p>\n<div style=\"font-size: 120%;\"><h3>Confira tamb\u00e9m<\/h3>\r\n<a href=\"https:\/\/tvnovelas.com.br\/novelas\/\" rel=\"noopener\" target=\"_blank\"><strong>Todos os resumos de novelas<\/strong><\/a><\/br>\r\n<a href=\"https:\/\/www.tvnovelas.com.br\/tvnews\/\" rel=\"noopener\" target=\"_blank\"><strong>\u00daltimas not\u00edcias das novelas<\/strong><\/a><\/br>\r\n<a href=\"https:\/\/www.tvnovelas.com.br\/filmes\/\" target=\"_blank\" rel=\"noopener noreferrer\"><strong>Programa\u00e7\u00e3o de filmes na TV aberta<\/strong><\/a><\/br>\r\n<a href=\"https:\/\/caetenews.com.br\/semana\/filmes-da-globo-na-sessao-da-tarde-desta-semana\/\" target=\"_blank\" rel=\"noopener\"><strong>Confira os filmes da semana na Sess\u00e3o da Tarde<\/strong><\/a><\/br>\r\n<a href=\"https:\/\/classindportal.mj.gov.br\/consulta-filmes\" target=\"_blank\" rel=\"noopener\"><strong>Consulte a classifica\u00e7\u00e3o indicativa dos filmes e novelas<\/strong><\/a><\/br><br \/>\n&lt;\/div<\/div>\n","protected":false},"excerpt":{"rendered":"<p>Vale Tudo: Odete descobre que Raquel&#8230; Em Vale Tudo, Luciano (Lic\u00ednio Janu\u00e1rio) topou uma miss\u00e3o injusta e, \u00e0s escondidas, traiu a confian\u00e7a de Ivan&#8230;<\/p>\n","protected":false},"author":1,"featured_media":79972,"comment_status":"closed","ping_status":"closed","sticky":false,"template":"","format":"standard","meta":{"_uf_show_specific_survey":0,"_uf_disable_surveys":false,"_jetpack_memberships_contains_paid_content":false,"footnotes":"","_wp_rev_ctl_limit":""},"categories":[871],"tags":[5,64,808],"class_list":["post-79971","post","type-post","status-publish","format-standard","has-post-thumbnail","hentry","category-vale-tudo","tag-globo","tag-novelas","tag-volta-por-cima","wpcat-871-id"],"aioseo_notices":[],"jetpack_featured_media_url":"https:\/\/i0.wp.com\/www.tvnovelas.com.br\/tvnews\/wp-content\/uploads\/2025\/07\/11662.jpg?fit=728%2C410&ssl=1","jetpack_shortlink":"https:\/\/wp.me\/pdP2BO-kNR","jetpack_sharing_enabled":true,"_links":{"self":[{"href":"https:\/\/www.tvnovelas.com.br\/tvnews\/wp-json\/wp\/v2\/posts\/79971","targetHints":{"allow":["GET"]}}],"collection":[{"href":"https:\/\/www.tvnovelas.com.br\/tvnews\/wp-json\/wp\/v2\/posts"}],"about":[{"href":"https:\/\/www.tvnovelas.com.br\/tvnews\/wp-json\/wp\/v2\/types\/post"}],"author":[{"embeddable":true,"href":"https:\/\/www.tvnovelas.com.br\/tvnews\/wp-json\/wp\/v2\/users\/1"}],"replies":[{"embeddable":true,"href":"https:\/\/www.tvnovelas.com.br\/tvnews\/wp-json\/wp\/v2\/comments?post=79971"}],"version-history":[{"count":1,"href":"https:\/\/www.tvnovelas.com.br\/tvnews\/wp-json\/wp\/v2\/posts\/79971\/revisions"}],"predecessor-version":[{"id":79973,"href":"https:\/\/www.tvnovelas.com.br\/tvnews\/wp-json\/wp\/v2\/posts\/79971\/revisions\/79973"}],"wp:featuredmedia":[{"embeddable":true,"href":"https:\/\/www.tvnovelas.com.br\/tvnews\/wp-json\/wp\/v2\/media\/79972"}],"wp:attachment":[{"href":"https:\/\/www.tvnovelas.com.br\/tvnews\/wp-json\/wp\/v2\/media?parent=79971"}],"wp:term":[{"taxonomy":"category","embeddable":true,"href":"https:\/\/www.tvnovelas.com.br\/tvnews\/wp-json\/wp\/v2\/categories?post=79971"},{"taxonomy":"post_tag","embeddable":true,"href":"https:\/\/www.tvnovelas.com.br\/tvnews\/wp-json\/wp\/v2\/tags?post=79971"}],"curies":[{"name":"wp","href":"https:\/\/api.w.org\/{rel}","templated":true}]}}