{"id":79989,"date":"2025-07-31T19:55:32","date_gmt":"2025-07-31T22:55:32","guid":{"rendered":"https:\/\/www.tvnovelas.com.br\/tvnews\/?p=79989"},"modified":"2025-07-31T19:55:32","modified_gmt":"2025-07-31T22:55:32","slug":"o-que-acontece-em-vale-tudo-na-semana-04-a-09-8","status":"publish","type":"post","link":"https:\/\/www.tvnovelas.com.br\/tvnews\/o-que-acontece-em-vale-tudo-na-semana-04-a-09-8\/","title":{"rendered":"O que acontece em Vale Tudo na semana 04 a 09\/8"},"content":{"rendered":"<div style=\"background-color: #fffff0; border-style: solid; border-width: 0px 0px 10px 0px; solid green; border-radius: 30px; padding: 10px; font-size: 125%; text-align: justify;\">\n.<\/p>\n<figure id=\"attachment_79990\" aria-describedby=\"caption-attachment-79990\" style=\"width: 728px\" class=\"wp-caption aligncenter\"><img data-recalc-dims=\"1\" decoding=\"async\" class=\"wp-image-79990 size-full\" title=\"(Foto: TV Globo\/Vale Tudo)\" src=\"https:\/\/i0.wp.com\/www.tvnovelas.com.br\/tvnews\/wp-content\/uploads\/2025\/07\/11663vt.jpg?resize=728%2C409&#038;ssl=1\" alt=\"Foto em O que acontece em Vale Tudo na semana 04 a 09\/8\" width=\"728\" height=\"409\" srcset=\"https:\/\/i0.wp.com\/www.tvnovelas.com.br\/tvnews\/wp-content\/uploads\/2025\/07\/11663vt.jpg?w=728&amp;ssl=1 728w, https:\/\/i0.wp.com\/www.tvnovelas.com.br\/tvnews\/wp-content\/uploads\/2025\/07\/11663vt.jpg?resize=250%2C140&amp;ssl=1 250w\" sizes=\"(max-width: 728px) 100vw, 728px\" \/><figcaption id=\"caption-attachment-79990\" class=\"wp-caption-text\">O que acontece em Vale Tudo na semana 04 a 09\/8<\/figcaption><\/figure>\n<p><strong style=\"color: #3e3f29;\">Nos pr\u00f3ximos cap\u00edtulos de Vale Tudo, <\/strong>Raquel e Ivan passam uma noite juntos em um hotel; Afonso se embriaga na boate e acorda sobressaltado na casa de Solange; Odete infiltra Walter na Paladar e avisa a Walter que ele sabotar\u00e1 a empresa; Solange descobre que est\u00e1 gr\u00e1vida e se nega a dizer a Sardinha de quem \u00e9 o beb\u00ea; Luciano decide se mudar do apartamento de Ivan e contar ao amigo sobre o suborno que aceitou de Odete&#8230;<\/div>\n<h2 style=\"color: #3e3f29;\">Resumo de segunda-feira, 04 de agosto<\/h2>\n<p>Raquel expulsa Odete de sua casa. Odete garante a Walter que acabar\u00e1 com a empresa de Raquel. Sardinha conta a Solange que viu Maria de F\u00e1tima com C\u00e9sar. Consu\u00ealo se preocupa quando Raquel lhe pede para n\u00e3o revelar a Odete que Celina \u00e9 s\u00f3cia da Paladar. Consu\u00ealo entrega a pesquisa que fez sobre a Paladar a Odete. Odete exige que Maria de F\u00e1tima apague o post que fez na TCA. Raquel e Ivan passam uma noite juntos em um hotel. Eug\u00eanio conta a Celina e a Odete que Maria de F\u00e1tima postou um v\u00eddeo dizendo que foi censurada. Odete confronta Maria de F\u00e1tima.<\/p>\n<h2 style=\"color: #3e3f29;\">Resumo de ter\u00e7a-feira, 05 de agosto<\/h2>\n<p>Odete obriga Maria de F\u00e1tima a cancelar seu perfil das redes sociais. Odete pede ajuda a M\u00e1rio S\u00e9rgio para destruir a reputa\u00e7\u00e3o da Paladar. Walter comenta com C\u00e9sar seu receio de perder Odete. M\u00e1rio S\u00e9rgio e Odete ficam juntos. Maria de F\u00e1tima conta a C\u00e9sar seus planos para engravidar de Afonso. M\u00e1rio S\u00e9rgio descobre que a Paladar est\u00e1 contratando um gerente de compras, e ele e Odete pensam em Walter. Maria de F\u00e1tima deixa a boate ao ver C\u00e9sar com Sheila. Afonso se embriaga, e Solange o ajuda. Afonso acorda sobressaltado na casa de Solange. Maria de F\u00e1tima pergunta a Afonso onde ele estava.<\/p>\n<h2 style=\"color: #3e3f29;\">Resumo de quarta-feira, 06 de agosto<\/h2>\n<p>Afonso mente para Maria de F\u00e1tima. Odete pede que M\u00e1rio S\u00e9rgio treine Walter para a entrevista na Paladar. Afonso n\u00e3o recebe Solange, que o procura na TCA para entregar seu colar. Maria de F\u00e1tima planeja engravidar de Afonso. Odete pede a Luciano para seguir investigando Ivan. Solange confessa a Sardinha que ainda gosta de Afonso. Consu\u00ealo comenta com Alde\u00edde que tem a impress\u00e3o de que Andr\u00e9 est\u00e1 escondendo algo. Luciano decide se mudar do apartamento de Ivan e contar ao amigo sobre o suborno que aceitou de Odete. Ivan orienta Luciano a fingir que segue aliado a Odete. Odete comemora ao saber que Walter foi contratado pela Paladar.<\/p>\n<h2 style=\"color: #3e3f29;\">Resumo de quinta-feira, 07 de agosto<\/h2>\n<p>Raquel apresenta Walter aos funcion\u00e1rios da Paladar. Leila procura Renato para propor um perfil seu na revista de bordo da TCA. Andr\u00e9 fala a Alde\u00edde que n\u00e3o gosta de viver \u00e0s escondidas. Lucimar flagra Alde\u00edde com Andr\u00e9. Walter passa para Odete todas as anota\u00e7\u00f5es sobre a Paladar. Depois de uma passagem de tempo, Marco Aur\u00e9lio se surpreende com uma mat\u00e9ria na revista da TCA sobre Leila. Solange dorme durante uma reuni\u00e3o da Tomorrow. Vasco diz a Lucimar que alugou um apartamento no pr\u00e9dio dela. Odete avisa a Walter que ele sabotar\u00e1 a Paladar. Solange descobre que est\u00e1 gr\u00e1vida. Sardinha pergunta a Solange de quem \u00e9 o beb\u00ea.<\/p>\n<h2 style=\"color: #3e3f29;\">Resumo de sexta-feira, 08 de agosto<\/h2>\n<p>Solange se nega a dizer de quem est\u00e1 gr\u00e1vida. Pascoal comenta com Raquel sua desconfian\u00e7a com Walter. Cec\u00edlia pensa em fazer as pazes com Marco Aur\u00e9lio por causa de Sarita. Heleninha se recusa a sair de seu quarto. Cec\u00edlia avisa a Marco Aur\u00e9lio que gostaria que ele fosse ao anivers\u00e1rio da sobrinha. Raquel e Ivan combinam de ir a Paraty. Heleninha resolve aceitar a sugest\u00e3o de Celina para as duas irem a Paraty. Andr\u00e9 salva Alde\u00edde de um afogamento na praia. Heleninha fica abalada ao ver que Ivan e Raquel est\u00e3o hospedados na pousada de La\u00eds e Cec\u00edlia e resolve ir embora. Poliana flagra Alde\u00edde com Andr\u00e9.<\/p>\n<h2 style=\"color: #3e3f29;\">Resumo de s\u00e1bado, 09 de agosto<\/h2>\n<p>Poliana teme pela rea\u00e7\u00e3o de Consu\u00ealo quando souber que o filho est\u00e1 namorando a melhor amiga. Ana Clara diz a Odete que precisa de dinheiro. Heleninha chama Eunice \u00e0 sua casa para copiar alguns vestidos. Eunice percebe que Heleninha est\u00e1 interessada em saber informa\u00e7\u00f5es sobre Ivan e Raquel. Heleninha conta a Celina que Dr\u00aa. Ana amea\u00e7ou parar de atend\u00ea-la se os combinados n\u00e3o forem cumpridos. Poliana conta a Raquel que a irm\u00e3 est\u00e1 namorando Andr\u00e9. M\u00e1rio S\u00e9rgio distrai Ademir, o porteiro da Paladar, para que Walter possa entrar na empresa e infectar as comidas. Walter se apavora ao ver que Poliana e Marieta se aproximam.<br \/>\n<!--FIM--><br \/>\n<strong>Sobre a novela<\/strong><br \/>\n<a href=\"https:\/\/wp.me\/pfspD2-U7\" target=\"_blank\" rel=\"noopener\">Vale Tudo: Conflitos de princ\u00edpios e valores (Sinopse)<\/a><\/p>\n<p><a href=\"https:\/\/wp.me\/pfspD2-oI\" target=\"_blank\" rel=\"noopener\">Vale Tudo: Invers\u00e3o de valores no final dos anos 1980<\/a> (Sinopse)<\/p>\n<div style=\"font-size: 120%;\"><h3>Confira tamb\u00e9m<\/h3>\r\n<a href=\"https:\/\/tvnovelas.com.br\/novelas\/\" rel=\"noopener\" target=\"_blank\"><strong>Todos os resumos de novelas<\/strong><\/a><\/br>\r\n<a href=\"https:\/\/www.tvnovelas.com.br\/tvnews\/\" rel=\"noopener\" target=\"_blank\"><strong>\u00daltimas not\u00edcias das novelas<\/strong><\/a><\/br>\r\n<a href=\"https:\/\/www.tvnovelas.com.br\/filmes\/\" target=\"_blank\" rel=\"noopener noreferrer\"><strong>Programa\u00e7\u00e3o de filmes na TV aberta<\/strong><\/a><\/br>\r\n<a href=\"https:\/\/caetenews.com.br\/semana\/filmes-da-globo-na-sessao-da-tarde-desta-semana\/\" target=\"_blank\" rel=\"noopener\"><strong>Confira os filmes da semana na Sess\u00e3o da Tarde<\/strong><\/a><\/br>\r\n<a href=\"https:\/\/classindportal.mj.gov.br\/consulta-filmes\" target=\"_blank\" rel=\"noopener\"><strong>Consulte a classifica\u00e7\u00e3o indicativa dos filmes e novelas<\/strong><\/a><\/br><br \/>\n&lt;\/div<\/div>\n","protected":false},"excerpt":{"rendered":"<p>O que acontece em Vale Tudo na semana 04 a 09\/8&#8230; Nos pr\u00f3ximos cap\u00edtulos de Vale Tudo, Raquel e Ivan passam uma noite juntos em um hotel; Afonso se embriaga na boate&#8230;<\/p>\n","protected":false},"author":1,"featured_media":79990,"comment_status":"closed","ping_status":"closed","sticky":false,"template":"","format":"standard","meta":{"_uf_show_specific_survey":0,"_uf_disable_surveys":false,"_jetpack_memberships_contains_paid_content":false,"footnotes":"","_wp_rev_ctl_limit":""},"categories":[871],"tags":[5,64,801],"class_list":["post-79989","post","type-post","status-publish","format-standard","has-post-thumbnail","hentry","category-vale-tudo","tag-globo","tag-novelas","tag-vale-tudo","wpcat-871-id"],"aioseo_notices":[],"jetpack_featured_media_url":"https:\/\/i0.wp.com\/www.tvnovelas.com.br\/tvnews\/wp-content\/uploads\/2025\/07\/11663vt.jpg?fit=728%2C409&ssl=1","jetpack_shortlink":"https:\/\/wp.me\/pdP2BO-kO9","jetpack_sharing_enabled":true,"_links":{"self":[{"href":"https:\/\/www.tvnovelas.com.br\/tvnews\/wp-json\/wp\/v2\/posts\/79989","targetHints":{"allow":["GET"]}}],"collection":[{"href":"https:\/\/www.tvnovelas.com.br\/tvnews\/wp-json\/wp\/v2\/posts"}],"about":[{"href":"https:\/\/www.tvnovelas.com.br\/tvnews\/wp-json\/wp\/v2\/types\/post"}],"author":[{"embeddable":true,"href":"https:\/\/www.tvnovelas.com.br\/tvnews\/wp-json\/wp\/v2\/users\/1"}],"replies":[{"embeddable":true,"href":"https:\/\/www.tvnovelas.com.br\/tvnews\/wp-json\/wp\/v2\/comments?post=79989"}],"version-history":[{"count":2,"href":"https:\/\/www.tvnovelas.com.br\/tvnews\/wp-json\/wp\/v2\/posts\/79989\/revisions"}],"predecessor-version":[{"id":80052,"href":"https:\/\/www.tvnovelas.com.br\/tvnews\/wp-json\/wp\/v2\/posts\/79989\/revisions\/80052"}],"wp:featuredmedia":[{"embeddable":true,"href":"https:\/\/www.tvnovelas.com.br\/tvnews\/wp-json\/wp\/v2\/media\/79990"}],"wp:attachment":[{"href":"https:\/\/www.tvnovelas.com.br\/tvnews\/wp-json\/wp\/v2\/media?parent=79989"}],"wp:term":[{"taxonomy":"category","embeddable":true,"href":"https:\/\/www.tvnovelas.com.br\/tvnews\/wp-json\/wp\/v2\/categories?post=79989"},{"taxonomy":"post_tag","embeddable":true,"href":"https:\/\/www.tvnovelas.com.br\/tvnews\/wp-json\/wp\/v2\/tags?post=79989"}],"curies":[{"name":"wp","href":"https:\/\/api.w.org\/{rel}","templated":true}]}}