{"id":80012,"date":"2025-08-01T08:38:04","date_gmt":"2025-08-01T11:38:04","guid":{"rendered":"https:\/\/www.tvnovelas.com.br\/tvnews\/?p=80012"},"modified":"2025-08-01T08:38:04","modified_gmt":"2025-08-01T11:38:04","slug":"dona-de-mim-jaques-corta-o-freio-do-carro-de-abel","status":"publish","type":"post","link":"https:\/\/www.tvnovelas.com.br\/tvnews\/dona-de-mim-jaques-corta-o-freio-do-carro-de-abel\/","title":{"rendered":"Dona de Mim: Jaques corta o freio do carro de Abel"},"content":{"rendered":"<figure id=\"attachment_80013\" aria-describedby=\"caption-attachment-80013\" style=\"width: 728px\" class=\"wp-caption alignnone\"><img data-recalc-dims=\"1\" decoding=\"async\" class=\"wp-image-80013 size-full\" title=\"(Foto: TV Globo\/Dona de Mim)\" src=\"https:\/\/i0.wp.com\/www.tvnovelas.com.br\/tvnews\/wp-content\/uploads\/2025\/08\/11666.jpg?resize=728%2C410&#038;ssl=1\" alt=\"Foto em Dona de Mim: Jaques corta o freio do carro de Abel\" width=\"728\" height=\"410\" srcset=\"https:\/\/i0.wp.com\/www.tvnovelas.com.br\/tvnews\/wp-content\/uploads\/2025\/08\/11666.jpg?w=728&amp;ssl=1 728w, https:\/\/i0.wp.com\/www.tvnovelas.com.br\/tvnews\/wp-content\/uploads\/2025\/08\/11666.jpg?resize=250%2C141&amp;ssl=1 250w\" sizes=\"(max-width: 728px) 100vw, 728px\" \/><figcaption id=\"caption-attachment-80013\" class=\"wp-caption-text\">Dona de Mim: Jaques corta o freio do carro de Abel<\/figcaption><\/figure>\n<p>Em Dona de Mim, Com seus planos de se tornar presidente da Boaz frustrados por Abel (Tony Ramos), Jaques (Marcello Novaes) vai apelar e tomar uma atitude dr\u00e1stica. Com o objetivo de fazer o carro do irm\u00e3o parar e n\u00e3o chegar at\u00e9 o local onde Vanderson (Armando Babaioff) estar\u00e1 com Sofia (Elis Cabral), o vil\u00e3o ir\u00e1 cortar o freio do ve\u00edculo de Abel que estar\u00e1 estacionado na f\u00e1brica da fam\u00edlia.<\/p>\n<p>Tudo come\u00e7ar\u00e1 depois que Abel disser para Jaques que n\u00e3o ir\u00e1 lhe dar a presid\u00eancia da Boaz e que ainda poder\u00e1 denunci\u00e1-lo \u00e0 pol\u00edcia por v\u00e1rios crimes. Jaques, ent\u00e3o, descobrir\u00e1 que foi tra\u00eddo por Vanderson (Armando Babaioff) e que ele trocar\u00e1 Sofia (Elis Cabral) pelo dinheiro de Abel.<\/p>\n<p>Ent\u00e3o, desesperado, Jaques perguntar\u00e1 a Danilo (Felipe Simas) como cortar o freio do carro para impedir que Abel chegue at\u00e9 Vanderson.<\/p>\n<p>\u201cComo \u00e9 que eu corto o combust\u00edvel desse carro? Quero parar esse carro no meio da rua. Voc\u00ea sabe como eu fa\u00e7o? Me diz como eu fa\u00e7o pra cortar o freio\u201d, diz ele, ao telefone.<\/p>\n<p>\u201c\u00c9 perigoso pra caramba. O carro sem freio&#8230;\u201d, pondera Danilo.<\/p>\n<p>\u201cEntendi, Danilo. S\u00f3 me explica\u201d, insiste ele.<\/p>\n<p>Depois, T\u00e2nia (Aline Borges) tamb\u00e9m alertar\u00e1 Jaques do perigo de sua ideia.<\/p>\n<p>\u201cEsse imbecil est\u00e1 com a Sofia, deve querer um resgate do Abel. S\u00f3 tem um jeito. Chegar antes do meu irm\u00e3o, ganhar tempo. Cortar o mangote do freio. E tem que ser agora\u201d, afirma Jaques.<\/p>\n<p>\u201cMas ele pode sofrer um acidente\u201d, alerta T\u00e2nia.<\/p>\n<p>\u201cO Abel j\u00e1 tem provas do dinheiro que saiu da Boaz. Quando ele pegar a Sofia, vai vir atr\u00e1s da gente. De mim. A advogada disse que podia at\u00e9 ser pris\u00e3o em flagrante\u201d, afirma Jaques.<\/p>\n<p>Jaques, ent\u00e3o, se dirigir\u00e1 at\u00e9 o estacionamento da f\u00e1brica e pedir\u00e1 para T\u00e2nia vigiar a entrada, enquanto Ricardo (Marcos Pasquim) desligar\u00e1 (quase) todas as c\u00e2meras de seguran\u00e7a. Tudo isso enquanto as pessoas estar\u00e3o distra\u00eddas com a festa de 60 anos da Boaz.<\/p>\n<p>J\u00e1 no estacionamento, Jaques entrar\u00e1 embaixo do carro que Abel estar\u00e1 usando e cortar\u00e1 a mangueira do freio com um canivete. Ele sair\u00e1 dali sem ser visto, por\u00e9m, filmado pelo s\u00f3cio Ricardo.<br \/>\n<!--FIM--><br \/>\n<strong>Sobre a novela<\/strong><br \/>\n<a href=\"https:\/\/wp.me\/pfspD2-UO\" target=\"_blank\" rel=\"noopener\">Dona de Mim: A trama da novela<\/a><br \/>\n<a href=\"https:\/\/wp.me\/pfspD2-UG\" target=\"_blank\" rel=\"noopener\">Dona de Mim: A fam\u00edlia Boaz e seu imp\u00e9rio de lingerie<\/a><\/p>\n<div style=\"font-size: 120%;\"><h3>Confira tamb\u00e9m<\/h3>\r\n<a href=\"https:\/\/tvnovelas.com.br\/novelas\/\" rel=\"noopener\" target=\"_blank\"><strong>Todos os resumos de novelas<\/strong><\/a><\/br>\r\n<a href=\"https:\/\/www.tvnovelas.com.br\/tvnews\/\" rel=\"noopener\" target=\"_blank\"><strong>\u00daltimas not\u00edcias das novelas<\/strong><\/a><\/br>\r\n<a href=\"https:\/\/www.tvnovelas.com.br\/filmes\/\" target=\"_blank\" rel=\"noopener noreferrer\"><strong>Programa\u00e7\u00e3o de filmes na TV aberta<\/strong><\/a><\/br>\r\n<a href=\"https:\/\/caetenews.com.br\/semana\/filmes-da-globo-na-sessao-da-tarde-desta-semana\/\" target=\"_blank\" rel=\"noopener\"><strong>Confira os filmes da semana na Sess\u00e3o da Tarde<\/strong><\/a><\/br>\r\n<a href=\"https:\/\/classindportal.mj.gov.br\/consulta-filmes\" target=\"_blank\" rel=\"noopener\"><strong>Consulte a classifica\u00e7\u00e3o indicativa dos filmes e novelas<\/strong><\/a><\/br><\/div>\n","protected":false},"excerpt":{"rendered":"<p>Dona de Mim: Jaques corta o freio do carro de Abel&#8230; Em Dona de Mim, Com seus planos de se tornar presidente da Boaz frustrados por Abel&#8230;<\/p>\n","protected":false},"author":1,"featured_media":80013,"comment_status":"closed","ping_status":"closed","sticky":false,"template":"","format":"standard","meta":{"_uf_show_specific_survey":0,"_uf_disable_surveys":false,"_jetpack_memberships_contains_paid_content":false,"footnotes":"","_wp_rev_ctl_limit":""},"categories":[884],"tags":[883,5,64],"class_list":["post-80012","post","type-post","status-publish","format-standard","has-post-thumbnail","hentry","category-dona-de-mim","tag-dona-de-mim","tag-globo","tag-novelas","wpcat-884-id"],"aioseo_notices":[],"jetpack_featured_media_url":"https:\/\/i0.wp.com\/www.tvnovelas.com.br\/tvnews\/wp-content\/uploads\/2025\/08\/11666.jpg?fit=728%2C410&ssl=1","jetpack_shortlink":"https:\/\/wp.me\/pdP2BO-kOw","jetpack_sharing_enabled":true,"_links":{"self":[{"href":"https:\/\/www.tvnovelas.com.br\/tvnews\/wp-json\/wp\/v2\/posts\/80012","targetHints":{"allow":["GET"]}}],"collection":[{"href":"https:\/\/www.tvnovelas.com.br\/tvnews\/wp-json\/wp\/v2\/posts"}],"about":[{"href":"https:\/\/www.tvnovelas.com.br\/tvnews\/wp-json\/wp\/v2\/types\/post"}],"author":[{"embeddable":true,"href":"https:\/\/www.tvnovelas.com.br\/tvnews\/wp-json\/wp\/v2\/users\/1"}],"replies":[{"embeddable":true,"href":"https:\/\/www.tvnovelas.com.br\/tvnews\/wp-json\/wp\/v2\/comments?post=80012"}],"version-history":[{"count":1,"href":"https:\/\/www.tvnovelas.com.br\/tvnews\/wp-json\/wp\/v2\/posts\/80012\/revisions"}],"predecessor-version":[{"id":80014,"href":"https:\/\/www.tvnovelas.com.br\/tvnews\/wp-json\/wp\/v2\/posts\/80012\/revisions\/80014"}],"wp:featuredmedia":[{"embeddable":true,"href":"https:\/\/www.tvnovelas.com.br\/tvnews\/wp-json\/wp\/v2\/media\/80013"}],"wp:attachment":[{"href":"https:\/\/www.tvnovelas.com.br\/tvnews\/wp-json\/wp\/v2\/media?parent=80012"}],"wp:term":[{"taxonomy":"category","embeddable":true,"href":"https:\/\/www.tvnovelas.com.br\/tvnews\/wp-json\/wp\/v2\/categories?post=80012"},{"taxonomy":"post_tag","embeddable":true,"href":"https:\/\/www.tvnovelas.com.br\/tvnews\/wp-json\/wp\/v2\/tags?post=80012"}],"curies":[{"name":"wp","href":"https:\/\/api.w.org\/{rel}","templated":true}]}}