{"id":80022,"date":"2025-08-01T09:35:17","date_gmt":"2025-08-01T12:35:17","guid":{"rendered":"https:\/\/www.tvnovelas.com.br\/tvnews\/?p=80022"},"modified":"2025-08-01T09:35:17","modified_gmt":"2025-08-01T12:35:17","slug":"as-filhas-da-senhora-garcia-juan-e-preso-acusado-de-sequestr-mar","status":"publish","type":"post","link":"https:\/\/www.tvnovelas.com.br\/tvnews\/as-filhas-da-senhora-garcia-juan-e-preso-acusado-de-sequestr-mar\/","title":{"rendered":"As Filhas da Senhora Garcia: Juan \u00e9 preso acusado de sequestr Mar"},"content":{"rendered":"<figure id=\"attachment_80026\" aria-describedby=\"caption-attachment-80026\" style=\"width: 728px\" class=\"wp-caption alignnone\"><img data-recalc-dims=\"1\" decoding=\"async\" class=\"wp-image-80026 size-full\" title=\"(Foto: Televisa\/SBT\/As Filhas da Senhora Garcia)\" src=\"https:\/\/i0.wp.com\/www.tvnovelas.com.br\/tvnews\/wp-content\/uploads\/2025\/08\/11668.jpg?resize=728%2C409&#038;ssl=1\" alt=\"Foto em As Filhas da Senhora Garcia: Juan \u00e9 preso acusado de sequestr Mar\" width=\"728\" height=\"409\" srcset=\"https:\/\/i0.wp.com\/www.tvnovelas.com.br\/tvnews\/wp-content\/uploads\/2025\/08\/11668.jpg?w=728&amp;ssl=1 728w, https:\/\/i0.wp.com\/www.tvnovelas.com.br\/tvnews\/wp-content\/uploads\/2025\/08\/11668.jpg?resize=250%2C140&amp;ssl=1 250w\" sizes=\"(max-width: 728px) 100vw, 728px\" \/><figcaption id=\"caption-attachment-80026\" class=\"wp-caption-text\">As Filhas da Senhora Garcia: Juan \u00e9 preso acusado de sequestr Mar<\/figcaption><\/figure>\n<p>No cap\u00edtulo de As Filhas da Senhora Garcia desta sexta, dia 1\u00b0, Susana, chorando, diz a Mar que, por culpa dela, Juan est\u00e1 na cadeia, arporque sua m\u00e3e o acusou de sequestro e acrescenta que se algo acontecer com Juan, ela nunca a perdoar\u00e1.<\/p>\n<p>Na cela, Juan tenta se defender dos outros presos. Os presos culpam Juan de iniciar uma briga.<\/p>\n<p>Mar, por sua vez, diz a Valeria que a pol\u00edcia precisa saber que Juan n\u00e3o a sequestrou e, depois, diz \u00e0 m\u00e3e que foi retirar a den\u00fancia contra Juan porque ele n\u00e3o a sequestrou. No entanto, Jacinto diz a Mar que Juan n\u00e3o ser\u00e1 solto porque est\u00e1 sendo acusado de provocar a confus\u00e3o na cela.<\/p>\n<p>Confira o resumo do cap\u00edtulo de hoje:<\/p>\n<h2 style=\"color: #3e5f44;\">Resumo de sexta-feira, 1\u00b0 de agosto<\/h2>\n<p>Of\u00e9lia diz a Susana que, quando ela pediu ajuda, foi ridicularizada, ent\u00e3o agora n\u00e3o vai ajud\u00e1-la. Mar est\u00e1 desesperada por n\u00e3o ter not\u00edcias de Juan, e Valeria tenta acalm\u00e1-la. Leonardo diz a Artur que ele presta aten\u00e7\u00e3o demais nas roupas das mo\u00e7as na academia. Nicolas responde que isso \u00e9 ben\u00e9fico para a linha esportiva que eles v\u00e3o lan\u00e7ar. Susana, chorando, diz a Mar que, por culpa dela, Juan est\u00e1 na cadeia, porque sua m\u00e3e o acusou de sequestro. Artur aposta com Nicolas que vai conquistar Valeria. Susana, furiosa, diz a Mar que, se algo acontecer com Juan, ela nunca a perdoar\u00e1. Na cela, Juan tenta se defender dos outros presos. Camila diz a Of\u00e9lia que vai se encarregar de impedir que Mar volte a entrar na mans\u00e3o. Of\u00e9lia responde que quem decide isso \u00e9 o pai.<\/p>\n<p>Mar diz a Valeria que a pol\u00edcia precisa saber que Juan n\u00e3o a sequestrou. Os presos culpam Juan de iniciar uma briga. Mar diz \u00e0 m\u00e3e que foi retirar a den\u00fancia contra Juan porque ele n\u00e3o a sequestrou. Artur, animado, mostra \u00e0 fam\u00edlia a foto de Valeria e conta que ela \u00e9 a modelo da nova linha esportiva \u2014 todos ficam surpresos. Jacinto diz a Mar que Juan n\u00e3o ser\u00e1 solto porque est\u00e1 sendo acusado de provocar a confus\u00e3o na cela. Lu\u00eds, irritado, diz a Artur que espera que ele se responsabilize pelas consequ\u00eancias de ter escolhido Valeria e que espera que ela consiga lidar com essa carga. Leonardo e Nicolas acham que Artur colocou Valeria como modelo s\u00f3 para ganhar a aposta. Leonardo mostra a Lu\u00eds a grava\u00e7\u00e3o da aposta entre Artur e Nicolas. Lu\u00eds, decepcionado, diz que o desaponta ver que ele quis tirar vantagem \u00e0s custas de expor os irm\u00e3os. Valeria, furiosa, confronta Artur por ter usado sua foto na campanha publicit\u00e1ria. Mar fica chateada com Valeria por achar que ela roubou seu sonho de ser modelo. Valeria diz a Artur que n\u00e3o quer v\u00ea-lo nunca mais.<br \/>\n<!--FIM--><\/p>\n<div style=\"font-size: 120%;\"><h3>Confira tamb\u00e9m<\/h3>\r\n<a href=\"https:\/\/tvnovelas.com.br\/novelas\/\" rel=\"noopener\" target=\"_blank\"><strong>Todos os resumos de novelas<\/strong><\/a><\/br>\r\n<a href=\"https:\/\/www.tvnovelas.com.br\/tvnews\/\" rel=\"noopener\" target=\"_blank\"><strong>\u00daltimas not\u00edcias das novelas<\/strong><\/a><\/br>\r\n<a href=\"https:\/\/www.tvnovelas.com.br\/filmes\/\" target=\"_blank\" rel=\"noopener noreferrer\"><strong>Programa\u00e7\u00e3o de filmes na TV aberta<\/strong><\/a><\/br>\r\n<a href=\"https:\/\/caetenews.com.br\/semana\/filmes-da-globo-na-sessao-da-tarde-desta-semana\/\" target=\"_blank\" rel=\"noopener\"><strong>Confira os filmes da semana na Sess\u00e3o da Tarde<\/strong><\/a><\/br>\r\n<a href=\"https:\/\/classindportal.mj.gov.br\/consulta-filmes\" target=\"_blank\" rel=\"noopener\"><strong>Consulte a classifica\u00e7\u00e3o indicativa dos filmes e novelas<\/strong><\/a><\/br><\/div>\n","protected":false},"excerpt":{"rendered":"<p>As Filhas da Senhora Garcia: Juan \u00e9 preso acusado de sequestr Mar&#8230; No cap\u00edtulo de As Filhas da Senhora Garcia desta sexta, dia 1\u00b0, Susana, chorando&#8230;<\/p>\n","protected":false},"author":1,"featured_media":80026,"comment_status":"closed","ping_status":"closed","sticky":false,"template":"","format":"standard","meta":{"_uf_show_specific_survey":0,"_uf_disable_surveys":false,"_jetpack_memberships_contains_paid_content":false,"footnotes":"","_wp_rev_ctl_limit":""},"categories":[930,353],"tags":[931,64,13],"class_list":["post-80022","post","type-post","status-publish","format-standard","has-post-thumbnail","hentry","category-as-filhas-da-senhora-garcia","category-resumos-de-novelas","tag-as-filhas-da-senhora-garcia","tag-novelas","tag-sbt","wpcat-930-id","wpcat-353-id"],"aioseo_notices":[],"jetpack_featured_media_url":"https:\/\/i0.wp.com\/www.tvnovelas.com.br\/tvnews\/wp-content\/uploads\/2025\/08\/11668.jpg?fit=728%2C409&ssl=1","jetpack_shortlink":"https:\/\/wp.me\/pdP2BO-kOG","jetpack_sharing_enabled":true,"_links":{"self":[{"href":"https:\/\/www.tvnovelas.com.br\/tvnews\/wp-json\/wp\/v2\/posts\/80022","targetHints":{"allow":["GET"]}}],"collection":[{"href":"https:\/\/www.tvnovelas.com.br\/tvnews\/wp-json\/wp\/v2\/posts"}],"about":[{"href":"https:\/\/www.tvnovelas.com.br\/tvnews\/wp-json\/wp\/v2\/types\/post"}],"author":[{"embeddable":true,"href":"https:\/\/www.tvnovelas.com.br\/tvnews\/wp-json\/wp\/v2\/users\/1"}],"replies":[{"embeddable":true,"href":"https:\/\/www.tvnovelas.com.br\/tvnews\/wp-json\/wp\/v2\/comments?post=80022"}],"version-history":[{"count":2,"href":"https:\/\/www.tvnovelas.com.br\/tvnews\/wp-json\/wp\/v2\/posts\/80022\/revisions"}],"predecessor-version":[{"id":80027,"href":"https:\/\/www.tvnovelas.com.br\/tvnews\/wp-json\/wp\/v2\/posts\/80022\/revisions\/80027"}],"wp:featuredmedia":[{"embeddable":true,"href":"https:\/\/www.tvnovelas.com.br\/tvnews\/wp-json\/wp\/v2\/media\/80026"}],"wp:attachment":[{"href":"https:\/\/www.tvnovelas.com.br\/tvnews\/wp-json\/wp\/v2\/media?parent=80022"}],"wp:term":[{"taxonomy":"category","embeddable":true,"href":"https:\/\/www.tvnovelas.com.br\/tvnews\/wp-json\/wp\/v2\/categories?post=80022"},{"taxonomy":"post_tag","embeddable":true,"href":"https:\/\/www.tvnovelas.com.br\/tvnews\/wp-json\/wp\/v2\/tags?post=80022"}],"curies":[{"name":"wp","href":"https:\/\/api.w.org\/{rel}","templated":true}]}}