{"id":80077,"date":"2025-08-02T09:05:46","date_gmt":"2025-08-02T12:05:46","guid":{"rendered":"https:\/\/www.tvnovelas.com.br\/tvnews\/?p=80077"},"modified":"2025-08-02T09:06:12","modified_gmt":"2025-08-02T12:06:12","slug":"vale-tudo-heleninha-surpreende-ivan-voce-esta-livre","status":"publish","type":"post","link":"https:\/\/www.tvnovelas.com.br\/tvnews\/vale-tudo-heleninha-surpreende-ivan-voce-esta-livre\/","title":{"rendered":"Vale Tudo: Heleninha surpreende Ivan: \u2018Voc\u00ea est\u00e1 livre\u2019"},"content":{"rendered":"<figure id=\"attachment_80078\" aria-describedby=\"caption-attachment-80078\" style=\"width: 728px\" class=\"wp-caption alignnone\"><img data-recalc-dims=\"1\" decoding=\"async\" class=\"wp-image-80078 size-full\" title=\"(Foto: TV Globo\/Vale Tudo)\" src=\"https:\/\/i0.wp.com\/www.tvnovelas.com.br\/tvnews\/wp-content\/uploads\/2025\/08\/11676.jpg?resize=728%2C410&#038;ssl=1\" alt=\"Foto em Vale Tudo: Heleninha surpreende Ivan: \u2018Voc\u00ea est\u00e1 livre\u2019\" width=\"728\" height=\"410\" srcset=\"https:\/\/i0.wp.com\/www.tvnovelas.com.br\/tvnews\/wp-content\/uploads\/2025\/08\/11676.jpg?w=728&amp;ssl=1 728w, https:\/\/i0.wp.com\/www.tvnovelas.com.br\/tvnews\/wp-content\/uploads\/2025\/08\/11676.jpg?resize=250%2C141&amp;ssl=1 250w\" sizes=\"(max-width: 728px) 100vw, 728px\" \/><figcaption id=\"caption-attachment-80078\" class=\"wp-caption-text\">Vale Tudo: Heleninha surpreende Ivan: \u2018Voc\u00ea est\u00e1 livre\u2019<\/figcaption><\/figure>\n<p>Em Vale Tudo, Sem sombra de d\u00favidas, Heleninha (Paolla Oliveira) n\u00e3o est\u00e1 em seu melhor momento. Mas, mesmo enfrentando reca\u00eddas, a pintora ir\u00e1 mostrar que \u00e9 uma pessoa sensata. Ap\u00f3s negar at\u00e9 onde deu, a artista ir\u00e1 ceder \u00e0 separa\u00e7\u00e3o de Ivan (Renato G\u00f3es). E, para a surpresa do executivo, ser\u00e1 de uma maneira bem civilizada. Tranquila, Heleninha chegar\u00e1 na sala dele na TCA, com o documento j\u00e1 em m\u00e3os.<\/p>\n<p>\u201cEu vim aqui pra gente desfazer a nossa rela\u00e7\u00e3o est\u00e1vel\u201d, dir\u00e1 ela.<\/p>\n<p>\u201cComo \u00e9 que \u00e9?\u201d, questionar\u00e1 Ivan, surpreso.<\/p>\n<p>Heleninha assinar\u00e1 e ele tamb\u00e9m; os dois v\u00e3o conversar brevemente sobre o futuro e o executivo garantir\u00e1 que ambos continuar\u00e3o amigos.<\/p>\n<p>\u201cAgora, voc\u00ea t\u00e1 livre de qualquer compromisso. N\u00e3o tem mais constrangimento, n\u00e3o tem amea\u00e7a da minha m\u00e3e, n\u00e3o tem mais nada prendendo a gente\u201d, vai dizer a pintora.<\/p>\n<p>\u201cEu sinto muito, Heleninha, que a gente n\u00e3o tenha conseguido\u201d, comentar\u00e1 Ivan.<\/p>\n<p>\u201cEu tamb\u00e9m. Mas agora est\u00e1 feito. Eu espero que voc\u00ea seja feliz, Ivan.\u201d<br \/>\n<!--FIM--><br \/>\n<strong>Sobre a novela<\/strong><br \/>\n<a href=\"https:\/\/wp.me\/pfspD2-U7\" target=\"_blank\" rel=\"noopener\">Vale Tudo: Conflitos de princ\u00edpios e valores (Sinopse)<\/a><\/p>\n<p><a href=\"https:\/\/wp.me\/pfspD2-oI\" target=\"_blank\" rel=\"noopener\">Vale Tudo: Invers\u00e3o de valores no final dos anos 1980<\/a> (Sinopse)<\/p>\n<div style=\"font-size: 120%;\"><h3>Confira tamb\u00e9m<\/h3>\r\n<a href=\"https:\/\/tvnovelas.com.br\/novelas\/\" rel=\"noopener\" target=\"_blank\"><strong>Todos os resumos de novelas<\/strong><\/a><\/br>\r\n<a href=\"https:\/\/www.tvnovelas.com.br\/tvnews\/\" rel=\"noopener\" target=\"_blank\"><strong>\u00daltimas not\u00edcias das novelas<\/strong><\/a><\/br>\r\n<a href=\"https:\/\/www.tvnovelas.com.br\/filmes\/\" target=\"_blank\" rel=\"noopener noreferrer\"><strong>Programa\u00e7\u00e3o de filmes na TV aberta<\/strong><\/a><\/br>\r\n<a href=\"https:\/\/caetenews.com.br\/semana\/filmes-da-globo-na-sessao-da-tarde-desta-semana\/\" target=\"_blank\" rel=\"noopener\"><strong>Confira os filmes da semana na Sess\u00e3o da Tarde<\/strong><\/a><\/br>\r\n<a href=\"https:\/\/classindportal.mj.gov.br\/consulta-filmes\" target=\"_blank\" rel=\"noopener\"><strong>Consulte a classifica\u00e7\u00e3o indicativa dos filmes e novelas<\/strong><\/a><\/br><br \/>\n&lt;\/div<\/div>\n","protected":false},"excerpt":{"rendered":"<p>Vale Tudo: Heleninha surpreende Ivan: \u2018Voc\u00ea est\u00e1 livre\u2019&#8230; Em Vale Tudo, Sem sombra de d\u00favidas, Heleninha (Paolla Oliveira) n\u00e3o est\u00e1 em seu melhor momento&#8230;<\/p>\n","protected":false},"author":1,"featured_media":80078,"comment_status":"closed","ping_status":"closed","sticky":false,"template":"","format":"standard","meta":{"_uf_show_specific_survey":0,"_uf_disable_surveys":false,"_jetpack_memberships_contains_paid_content":false,"footnotes":"","_wp_rev_ctl_limit":""},"categories":[871],"tags":[5,64,801],"class_list":["post-80077","post","type-post","status-publish","format-standard","has-post-thumbnail","hentry","category-vale-tudo","tag-globo","tag-novelas","tag-vale-tudo","wpcat-871-id"],"aioseo_notices":[],"jetpack_featured_media_url":"https:\/\/i0.wp.com\/www.tvnovelas.com.br\/tvnews\/wp-content\/uploads\/2025\/08\/11676.jpg?fit=728%2C410&ssl=1","jetpack_shortlink":"https:\/\/wp.me\/pdP2BO-kPz","jetpack_sharing_enabled":true,"_links":{"self":[{"href":"https:\/\/www.tvnovelas.com.br\/tvnews\/wp-json\/wp\/v2\/posts\/80077","targetHints":{"allow":["GET"]}}],"collection":[{"href":"https:\/\/www.tvnovelas.com.br\/tvnews\/wp-json\/wp\/v2\/posts"}],"about":[{"href":"https:\/\/www.tvnovelas.com.br\/tvnews\/wp-json\/wp\/v2\/types\/post"}],"author":[{"embeddable":true,"href":"https:\/\/www.tvnovelas.com.br\/tvnews\/wp-json\/wp\/v2\/users\/1"}],"replies":[{"embeddable":true,"href":"https:\/\/www.tvnovelas.com.br\/tvnews\/wp-json\/wp\/v2\/comments?post=80077"}],"version-history":[{"count":1,"href":"https:\/\/www.tvnovelas.com.br\/tvnews\/wp-json\/wp\/v2\/posts\/80077\/revisions"}],"predecessor-version":[{"id":80079,"href":"https:\/\/www.tvnovelas.com.br\/tvnews\/wp-json\/wp\/v2\/posts\/80077\/revisions\/80079"}],"wp:featuredmedia":[{"embeddable":true,"href":"https:\/\/www.tvnovelas.com.br\/tvnews\/wp-json\/wp\/v2\/media\/80078"}],"wp:attachment":[{"href":"https:\/\/www.tvnovelas.com.br\/tvnews\/wp-json\/wp\/v2\/media?parent=80077"}],"wp:term":[{"taxonomy":"category","embeddable":true,"href":"https:\/\/www.tvnovelas.com.br\/tvnews\/wp-json\/wp\/v2\/categories?post=80077"},{"taxonomy":"post_tag","embeddable":true,"href":"https:\/\/www.tvnovelas.com.br\/tvnews\/wp-json\/wp\/v2\/tags?post=80077"}],"curies":[{"name":"wp","href":"https:\/\/api.w.org\/{rel}","templated":true}]}}