{"id":80105,"date":"2025-08-02T12:37:20","date_gmt":"2025-08-02T15:37:20","guid":{"rendered":"https:\/\/www.tvnovelas.com.br\/tvnews\/?p=80105"},"modified":"2025-08-02T12:37:20","modified_gmt":"2025-08-02T15:37:20","slug":"cafe-com-aroma-de-mulher-sebastiao-nao-e-pai-da-filha-de-lucia","status":"publish","type":"post","link":"https:\/\/www.tvnovelas.com.br\/tvnews\/cafe-com-aroma-de-mulher-sebastiao-nao-e-pai-da-filha-de-lucia\/","title":{"rendered":"Caf\u00e9 Com Aroma de Mulher: Sebasti\u00e3o n\u00e3o \u00e9 pai da filha de L\u00facia"},"content":{"rendered":"<figure id=\"attachment_80106\" aria-describedby=\"caption-attachment-80106\" style=\"width: 728px\" class=\"wp-caption alignnone\"><img data-recalc-dims=\"1\" decoding=\"async\" class=\"wp-image-80106 size-full\" title=\"(Foto: Band\/Caf\u00e9 Com Aroma de Mulher)\" src=\"https:\/\/i0.wp.com\/www.tvnovelas.com.br\/tvnews\/wp-content\/uploads\/2025\/08\/11679.jpg?resize=728%2C410&#038;ssl=1\" alt=\"Foto em Caf\u00e9 Com Aroma de Mulher: Sebasti\u00e3o n\u00e3o \u00e9 pai da filha de L\u00facia\" width=\"728\" height=\"410\" srcset=\"https:\/\/i0.wp.com\/www.tvnovelas.com.br\/tvnews\/wp-content\/uploads\/2025\/08\/11679.jpg?w=728&amp;ssl=1 728w, https:\/\/i0.wp.com\/www.tvnovelas.com.br\/tvnews\/wp-content\/uploads\/2025\/08\/11679.jpg?resize=250%2C141&amp;ssl=1 250w\" sizes=\"(max-width: 728px) 100vw, 728px\" \/><figcaption id=\"caption-attachment-80106\" class=\"wp-caption-text\">Caf\u00e9 Com Aroma de Mulher: Sebasti\u00e3o n\u00e3o \u00e9 pai da filha de L\u00facia<\/figcaption><\/figure>\n<p>Durante o tri\u00e2ngulo amoroso Gaivota, Sebasti\u00e3o e L\u00facia, Sebasti\u00e3o tornou-se pai de duas crian\u00e7as: Sofia e Fernando. Mas, enquanto o segundo \u00e9 o filho real-oficial de Gaivota com Sebasti\u00e3o, a primeira, Sofia, \u00e9, na verdade, fruto de uma armadilha de L\u00facia para segurar seu relacionamento com Sebasti\u00e3o, al\u00e9m da fortuna dos Vallejo.<\/p>\n<p>Tudo come\u00e7a com Sofia precisando de uma transfus\u00e3o de sangue; ali, o m\u00e9dico descobre que Sebasti\u00e3o n\u00e3o \u00e9 seu pai e pressiona L\u00facia a lhe contar a verdade.<\/p>\n<p>Julia descobre que o tipo sangu\u00edneo de Sofia \u00e9 raro e que n\u00e3o corresponde nem ao de Lucia, nem ao de Sebasti\u00e3o. L\u00facia confessa a Julia que Sofia n\u00e3o \u00e9 filha de Sebasti\u00e3o.<\/p>\n<p>J\u00falia conversa com L\u00facia e exige que ela conte toda a verdade a Sebasti\u00e3o. L\u00facia, ent\u00e3o, confessa a ele que fez insemina\u00e7\u00e3o artificial.<\/p>\n<p>Mesmo muito decepcionado, Sebasti\u00e3o lutar\u00e1 pela guarda de Sofia. L\u00facia faz as malas e sai da casa dos Vallejo.<br \/>\n<!--FIM--><br \/>\n<strong>Sobre a novela<\/strong><br \/>\n<a href=\"https:\/\/wp.me\/pfspD2-UX\" target=\"_blank\" rel=\"noopener\">&#8216;Caf\u00e9 Com Aroma de Mulher&#8217;: Um amor proibido (Sinopse e personagens)<\/a><\/p>\n<div style=\"font-size: 120%;\"><h3>Confira tamb\u00e9m<\/h3>\r\n<a href=\"https:\/\/tvnovelas.com.br\/novelas\/\" rel=\"noopener\" target=\"_blank\"><strong>Todos os resumos de novelas<\/strong><\/a><\/br>\r\n<a href=\"https:\/\/www.tvnovelas.com.br\/tvnews\/\" rel=\"noopener\" target=\"_blank\"><strong>\u00daltimas not\u00edcias das novelas<\/strong><\/a><\/br>\r\n<a href=\"https:\/\/www.tvnovelas.com.br\/filmes\/\" target=\"_blank\" rel=\"noopener noreferrer\"><strong>Programa\u00e7\u00e3o de filmes na TV aberta<\/strong><\/a><\/br>\r\n<a href=\"https:\/\/caetenews.com.br\/semana\/filmes-da-globo-na-sessao-da-tarde-desta-semana\/\" target=\"_blank\" rel=\"noopener\"><strong>Confira os filmes da semana na Sess\u00e3o da Tarde<\/strong><\/a><\/br>\r\n<a href=\"https:\/\/classindportal.mj.gov.br\/consulta-filmes\" target=\"_blank\" rel=\"noopener\"><strong>Consulte a classifica\u00e7\u00e3o indicativa dos filmes e novelas<\/strong><\/a><\/br><\/div>\n","protected":false},"excerpt":{"rendered":"<p>Caf\u00e9 Com Aroma de Mulher: Sebasti\u00e3o n\u00e3o \u00e9 pai da filha de L\u00facia&#8230; Durante o tri\u00e2ngulo amoroso Gaivota, Sebasti\u00e3o e L\u00facia, Sebasti\u00e3o tornou-se pai de duas crian\u00e7as&#8230;<\/p>\n","protected":false},"author":1,"featured_media":80106,"comment_status":"closed","ping_status":"closed","sticky":false,"template":"","format":"standard","meta":{"_uf_show_specific_survey":0,"_uf_disable_surveys":false,"_jetpack_memberships_contains_paid_content":false,"footnotes":"","_wp_rev_ctl_limit":""},"categories":[918],"tags":[43,919],"class_list":["post-80105","post","type-post","status-publish","format-standard","has-post-thumbnail","hentry","category-cafe-com-aroma-de-mulher","tag-band","tag-cafe-com-aroma-de-mulher","wpcat-918-id"],"aioseo_notices":[],"jetpack_featured_media_url":"https:\/\/i0.wp.com\/www.tvnovelas.com.br\/tvnews\/wp-content\/uploads\/2025\/08\/11679.jpg?fit=728%2C410&ssl=1","jetpack_shortlink":"https:\/\/wp.me\/pdP2BO-kQ1","jetpack_sharing_enabled":true,"_links":{"self":[{"href":"https:\/\/www.tvnovelas.com.br\/tvnews\/wp-json\/wp\/v2\/posts\/80105","targetHints":{"allow":["GET"]}}],"collection":[{"href":"https:\/\/www.tvnovelas.com.br\/tvnews\/wp-json\/wp\/v2\/posts"}],"about":[{"href":"https:\/\/www.tvnovelas.com.br\/tvnews\/wp-json\/wp\/v2\/types\/post"}],"author":[{"embeddable":true,"href":"https:\/\/www.tvnovelas.com.br\/tvnews\/wp-json\/wp\/v2\/users\/1"}],"replies":[{"embeddable":true,"href":"https:\/\/www.tvnovelas.com.br\/tvnews\/wp-json\/wp\/v2\/comments?post=80105"}],"version-history":[{"count":1,"href":"https:\/\/www.tvnovelas.com.br\/tvnews\/wp-json\/wp\/v2\/posts\/80105\/revisions"}],"predecessor-version":[{"id":80107,"href":"https:\/\/www.tvnovelas.com.br\/tvnews\/wp-json\/wp\/v2\/posts\/80105\/revisions\/80107"}],"wp:featuredmedia":[{"embeddable":true,"href":"https:\/\/www.tvnovelas.com.br\/tvnews\/wp-json\/wp\/v2\/media\/80106"}],"wp:attachment":[{"href":"https:\/\/www.tvnovelas.com.br\/tvnews\/wp-json\/wp\/v2\/media?parent=80105"}],"wp:term":[{"taxonomy":"category","embeddable":true,"href":"https:\/\/www.tvnovelas.com.br\/tvnews\/wp-json\/wp\/v2\/categories?post=80105"},{"taxonomy":"post_tag","embeddable":true,"href":"https:\/\/www.tvnovelas.com.br\/tvnews\/wp-json\/wp\/v2\/tags?post=80105"}],"curies":[{"name":"wp","href":"https:\/\/api.w.org\/{rel}","templated":true}]}}