{"id":80113,"date":"2025-08-02T15:03:55","date_gmt":"2025-08-02T18:03:55","guid":{"rendered":"https:\/\/www.tvnovelas.com.br\/tvnews\/?p=80113"},"modified":"2025-08-02T15:03:55","modified_gmt":"2025-08-02T18:03:55","slug":"eta-mundo-melhor-segredo-de-celso-sobre-samir-fica-por-um-fio","status":"publish","type":"post","link":"https:\/\/www.tvnovelas.com.br\/tvnews\/eta-mundo-melhor-segredo-de-celso-sobre-samir-fica-por-um-fio\/","title":{"rendered":"\u00cata Mundo Melhor!: Segredo de Celso sobre Samir fica por um fio"},"content":{"rendered":"<figure id=\"attachment_80114\" aria-describedby=\"caption-attachment-80114\" style=\"width: 728px\" class=\"wp-caption alignnone\"><img data-recalc-dims=\"1\" decoding=\"async\" class=\"wp-image-80114 size-full\" title=\"(Foto: TV Globo\/\u00cata Mundo Melhor!)\" src=\"https:\/\/i0.wp.com\/www.tvnovelas.com.br\/tvnews\/wp-content\/uploads\/2025\/08\/11680.jpg?resize=728%2C409&#038;ssl=1\" alt=\"Foto em \u00cata Mundo Melhor!: Segredo de Celso sobre Samir fica por um fio\" width=\"728\" height=\"409\" srcset=\"https:\/\/i0.wp.com\/www.tvnovelas.com.br\/tvnews\/wp-content\/uploads\/2025\/08\/11680.jpg?w=728&amp;ssl=1 728w, https:\/\/i0.wp.com\/www.tvnovelas.com.br\/tvnews\/wp-content\/uploads\/2025\/08\/11680.jpg?resize=250%2C140&amp;ssl=1 250w\" sizes=\"(max-width: 728px) 100vw, 728px\" \/><figcaption id=\"caption-attachment-80114\" class=\"wp-caption-text\">\u00cata Mundo Melhor!: Segredo de Celso sobre Samir fica por um fio<\/figcaption><\/figure>\n<p>Em \u00cata Mundo Melhor!, Celso (Rainer Cadete) esconde um dos principais segredos da trama: ele n\u00e3o apenas sabe o paradeiro do filho de Candinho (Sergio Guiz\u00e9) como faz de tudo para manter Samir (Davi Malizia) sumido, de olho na heran\u00e7a do primo. Mas esse segredo ficar\u00e1 por um fio ap\u00f3s um flagra de Candinho.<\/p>\n<p>Zenaide (Evelyn Castro) procura Celso na f\u00e1brica de biscoitos a fim de convid\u00e1-lo para a festa de anivers\u00e1rio de Zulma (Heloisa P\u00e9riss\u00e9). Ele, no entanto, nega a presen\u00e7a:<\/p>\n<p>&#8220;Diga \u00e0 sua patroinha que n\u00e3o vou a festa nenhuma. N\u00e3o somos amigos!&#8221;<\/p>\n<p>Diante da recusa, Zenaide amea\u00e7a Celso &#8211; e \u00e9 nesse momento que Candinho chega.<\/p>\n<p>&#8220;Ela mandou avisar que, se o doutor n\u00e3o for, contar\u00e1 um segredo para Candinho. Algo sobre um certo garoto&#8230;&#8221;<\/p>\n<p>&#8220;Eu ovi meu nome. Qui segredo \u00e9 esse que oc\u00eais t\u00eam pra cont\u00e1 pra eu? Que garoto \u00e9 esse que oc\u00eais t\u00e3o falando?&#8221;, questiona Candinho.<br \/>\n<!--FIM DO POST--><\/p>\n<h2>Sobre a novela:<\/h2>\n<p><a href=\"https:\/\/tvnovelas.com.br\/page2\/arquivo\/eta-mundo-melhor-a-volta-de-candinho-e-policarpo\/&quot;\" target=\"_blank\" rel=\"noopener\">\u00cata Mundo Melhor!: A volta de Candinho e Policarpo<\/a> (Sinopse)<br \/>\n<a href=\"https:\/\/pt.wikipedia.org\/wiki\/%C3%8Ata_Mundo_Melhor!\" target=\"_blank\" rel=\"noopener\">Sobre \u00cata Mundo Melhor!, na Wikipedia<\/a><\/p>\n<div style=\"font-size: 120%;\"><h3>Confira tamb\u00e9m<\/h3>\r\n<a href=\"https:\/\/tvnovelas.com.br\/novelas\/\" rel=\"noopener\" target=\"_blank\"><strong>Todos os resumos de novelas<\/strong><\/a><\/br>\r\n<a href=\"https:\/\/www.tvnovelas.com.br\/tvnews\/\" rel=\"noopener\" target=\"_blank\"><strong>\u00daltimas not\u00edcias das novelas<\/strong><\/a><\/br>\r\n<a href=\"https:\/\/www.tvnovelas.com.br\/filmes\/\" target=\"_blank\" rel=\"noopener noreferrer\"><strong>Programa\u00e7\u00e3o de filmes na TV aberta<\/strong><\/a><\/br>\r\n<a href=\"https:\/\/caetenews.com.br\/semana\/filmes-da-globo-na-sessao-da-tarde-desta-semana\/\" target=\"_blank\" rel=\"noopener\"><strong>Confira os filmes da semana na Sess\u00e3o da Tarde<\/strong><\/a><\/br>\r\n<a href=\"https:\/\/classindportal.mj.gov.br\/consulta-filmes\" target=\"_blank\" rel=\"noopener\"><strong>Consulte a classifica\u00e7\u00e3o indicativa dos filmes e novelas<\/strong><\/a><\/br><\/div>\n","protected":false},"excerpt":{"rendered":"<p>\u00cata Mundo Melhor!: Segredo de Celso sobre Samir fica por um fio&#8230; Em \u00cata Mundo Melhor!, Celso (Rainer Cadete) esconde um dos principais segredos&#8230;<\/p>\n","protected":false},"author":1,"featured_media":80114,"comment_status":"closed","ping_status":"closed","sticky":false,"template":"","format":"standard","meta":{"_uf_show_specific_survey":0,"_uf_disable_surveys":false,"_jetpack_memberships_contains_paid_content":false,"footnotes":"","_wp_rev_ctl_limit":""},"categories":[920],"tags":[921,5,64],"class_list":["post-80113","post","type-post","status-publish","format-standard","has-post-thumbnail","hentry","category-eta-mundo-melhor","tag-eta-mundo-melhor","tag-globo","tag-novelas","wpcat-920-id"],"aioseo_notices":[],"jetpack_featured_media_url":"https:\/\/i0.wp.com\/www.tvnovelas.com.br\/tvnews\/wp-content\/uploads\/2025\/08\/11680.jpg?fit=728%2C409&ssl=1","jetpack_shortlink":"https:\/\/wp.me\/pdP2BO-kQ9","jetpack_sharing_enabled":true,"_links":{"self":[{"href":"https:\/\/www.tvnovelas.com.br\/tvnews\/wp-json\/wp\/v2\/posts\/80113","targetHints":{"allow":["GET"]}}],"collection":[{"href":"https:\/\/www.tvnovelas.com.br\/tvnews\/wp-json\/wp\/v2\/posts"}],"about":[{"href":"https:\/\/www.tvnovelas.com.br\/tvnews\/wp-json\/wp\/v2\/types\/post"}],"author":[{"embeddable":true,"href":"https:\/\/www.tvnovelas.com.br\/tvnews\/wp-json\/wp\/v2\/users\/1"}],"replies":[{"embeddable":true,"href":"https:\/\/www.tvnovelas.com.br\/tvnews\/wp-json\/wp\/v2\/comments?post=80113"}],"version-history":[{"count":1,"href":"https:\/\/www.tvnovelas.com.br\/tvnews\/wp-json\/wp\/v2\/posts\/80113\/revisions"}],"predecessor-version":[{"id":80115,"href":"https:\/\/www.tvnovelas.com.br\/tvnews\/wp-json\/wp\/v2\/posts\/80113\/revisions\/80115"}],"wp:featuredmedia":[{"embeddable":true,"href":"https:\/\/www.tvnovelas.com.br\/tvnews\/wp-json\/wp\/v2\/media\/80114"}],"wp:attachment":[{"href":"https:\/\/www.tvnovelas.com.br\/tvnews\/wp-json\/wp\/v2\/media?parent=80113"}],"wp:term":[{"taxonomy":"category","embeddable":true,"href":"https:\/\/www.tvnovelas.com.br\/tvnews\/wp-json\/wp\/v2\/categories?post=80113"},{"taxonomy":"post_tag","embeddable":true,"href":"https:\/\/www.tvnovelas.com.br\/tvnews\/wp-json\/wp\/v2\/tags?post=80113"}],"curies":[{"name":"wp","href":"https:\/\/api.w.org\/{rel}","templated":true}]}}