{"id":80117,"date":"2025-08-02T15:34:03","date_gmt":"2025-08-02T18:34:03","guid":{"rendered":"https:\/\/www.tvnovelas.com.br\/tvnews\/?p=80117"},"modified":"2025-08-02T15:34:03","modified_gmt":"2025-08-02T18:34:03","slug":"dona-de-mim-filipa-tem-crise-de-ciume-diante-de-abel-e-rebeca","status":"publish","type":"post","link":"https:\/\/www.tvnovelas.com.br\/tvnews\/dona-de-mim-filipa-tem-crise-de-ciume-diante-de-abel-e-rebeca\/","title":{"rendered":"Dona de Mim: Filipa tem crise de ci\u00fame diante de Abel e Rebeca"},"content":{"rendered":"<figure id=\"attachment_80118\" aria-describedby=\"caption-attachment-80118\" style=\"width: 726px\" class=\"wp-caption alignnone\"><img data-recalc-dims=\"1\" decoding=\"async\" class=\"wp-image-80118 size-full\" title=\"(Foto: TV Globo\/Dona de Mim)\" src=\"https:\/\/i0.wp.com\/www.tvnovelas.com.br\/tvnews\/wp-content\/uploads\/2025\/08\/11681.jpg?resize=726%2C410&#038;ssl=1\" alt=\"Foto em Dona de Mim: Filipa tem crise de ci\u00fame diante de Abel e Rebeca\" width=\"726\" height=\"410\" srcset=\"https:\/\/i0.wp.com\/www.tvnovelas.com.br\/tvnews\/wp-content\/uploads\/2025\/08\/11681.jpg?w=726&amp;ssl=1 726w, https:\/\/i0.wp.com\/www.tvnovelas.com.br\/tvnews\/wp-content\/uploads\/2025\/08\/11681.jpg?resize=250%2C141&amp;ssl=1 250w\" sizes=\"(max-width: 726px) 100vw, 726px\" \/><figcaption id=\"caption-attachment-80118\" class=\"wp-caption-text\">Dona de Mim: Filipa tem crise de ci\u00fame diante de Abel e Rebeca<\/figcaption><\/figure>\n<p>(Foto: TV Globo\/Dona de Mim)<\/p>\n<p>Em Dona de Mim, o mundo de Abel (Tony Ramos) est\u00e1 caindo com a tentativa de Jaques (Marcello Novaes) de tomar a presid\u00eancia da Boaz e as tratativas com Vanderson (Armando Babaioff) para ter Sofia (Elis Cabral) de volta<\/p>\n<p>. E ele n\u00e3o vai saber lidar com uma crise de ci\u00fame de Filipa (Cl\u00e1udia Abreu). Quando a esposa questionar Abel sobre Rebeca (Silva Pfeifer), ele ir\u00e1 explodir, e os dois ter\u00e3o uma briga feia.<\/p>\n<p>Ao fim da festa pelos 60 anos da Boaz, Filipa ir\u00e1 procurar Abel para ir embora.<\/p>\n<p>\u201cMeninos, por acaso voc\u00eas viram o Abel por a\u00ed?\u201d<\/p>\n<p>E, quando achar o marido, ela n\u00e3o vai gostar nadinha do que ver\u00e1. Abel estar\u00e1 abra\u00e7ado com Rebeca, que ir\u00e1 se solidarizar com a preocupa\u00e7\u00e3o dele com a situa\u00e7\u00e3o de Sofia.<\/p>\n<p>\u201cObrigada por estar comigo, Rebeca\u201d, diz Abel, durante o abra\u00e7o.<\/p>\n<p>\u201cAbel?!\u201d, questiona Filipa, ao entrar na sala do marido.<\/p>\n<p>Filipa, ent\u00e3o, dar\u00e1 um serm\u00e3o em Abel com ci\u00fame de Rebeca.<\/p>\n<p>\u201cClaro que eu estava com um pressentimento. Era isso. Ou a sua advogada estava discutindo sobre um contrato com voc\u00ea h\u00e1 um temp\u00e3o aqui?\u201d<\/p>\n<p>\u201cFilipa, por favor, agora n\u00e3o \u00e9 o momento.\u201d<\/p>\n<p>\u201cNunca \u00e9 o momento!\u201d, reage ela.<\/p>\n<p>Abel, extremamente preocupado com o futuro de Sofia, n\u00e3o se controlar\u00e1 e ir\u00e1 explodir com Filipa.<\/p>\n<p>\u201cEu n\u00e3o posso discutir agora, Filipa! Pelo amor de Deus. \u00c9 s\u00e9rio que voc\u00ea vai fazer uma cena? \u00c9 sempre sobre voc\u00ea e suas quest\u00f5es!\u201d, grita ele.<\/p>\n<p>E Abel sair\u00e1 dali com Rebeca, deixando Filipa sem ch\u00e3o&#8230;<br \/>\n<!--FIM--><br \/>\n<strong>Sobre a novela<\/strong><br \/>\n<a href=\"https:\/\/wp.me\/pfspD2-UO\" target=\"_blank\" rel=\"noopener\">Dona de Mim: A trama da novela<\/a><br \/>\n<a href=\"https:\/\/wp.me\/pfspD2-UG\" target=\"_blank\" rel=\"noopener\">Dona de Mim: A fam\u00edlia Boaz e seu imp\u00e9rio de lingerie<\/a><\/p>\n<div style=\"font-size: 120%;\"><h3>Confira tamb\u00e9m<\/h3>\r\n<a href=\"https:\/\/tvnovelas.com.br\/novelas\/\" rel=\"noopener\" target=\"_blank\"><strong>Todos os resumos de novelas<\/strong><\/a><\/br>\r\n<a href=\"https:\/\/www.tvnovelas.com.br\/tvnews\/\" rel=\"noopener\" target=\"_blank\"><strong>\u00daltimas not\u00edcias das novelas<\/strong><\/a><\/br>\r\n<a href=\"https:\/\/www.tvnovelas.com.br\/filmes\/\" target=\"_blank\" rel=\"noopener noreferrer\"><strong>Programa\u00e7\u00e3o de filmes na TV aberta<\/strong><\/a><\/br>\r\n<a href=\"https:\/\/caetenews.com.br\/semana\/filmes-da-globo-na-sessao-da-tarde-desta-semana\/\" target=\"_blank\" rel=\"noopener\"><strong>Confira os filmes da semana na Sess\u00e3o da Tarde<\/strong><\/a><\/br>\r\n<a href=\"https:\/\/classindportal.mj.gov.br\/consulta-filmes\" target=\"_blank\" rel=\"noopener\"><strong>Consulte a classifica\u00e7\u00e3o indicativa dos filmes e novelas<\/strong><\/a><\/br><\/div>\n","protected":false},"excerpt":{"rendered":"<p>Dona de Mim: Filipa tem crise de ci\u00fame diante de Abel e Rebeca&#8230; Em Dona de Mim, o mundo de Abel (Tony Ramos) est\u00e1 caindo com a tentativa de Jaques&#8230;.<\/p>\n","protected":false},"author":1,"featured_media":80118,"comment_status":"closed","ping_status":"closed","sticky":false,"template":"","format":"standard","meta":{"_uf_show_specific_survey":0,"_uf_disable_surveys":false,"_jetpack_memberships_contains_paid_content":false,"footnotes":"","_wp_rev_ctl_limit":""},"categories":[884],"tags":[883,5,64],"class_list":["post-80117","post","type-post","status-publish","format-standard","has-post-thumbnail","hentry","category-dona-de-mim","tag-dona-de-mim","tag-globo","tag-novelas","wpcat-884-id"],"aioseo_notices":[],"jetpack_featured_media_url":"https:\/\/i0.wp.com\/www.tvnovelas.com.br\/tvnews\/wp-content\/uploads\/2025\/08\/11681.jpg?fit=726%2C410&ssl=1","jetpack_shortlink":"https:\/\/wp.me\/pdP2BO-kQd","jetpack_sharing_enabled":true,"_links":{"self":[{"href":"https:\/\/www.tvnovelas.com.br\/tvnews\/wp-json\/wp\/v2\/posts\/80117","targetHints":{"allow":["GET"]}}],"collection":[{"href":"https:\/\/www.tvnovelas.com.br\/tvnews\/wp-json\/wp\/v2\/posts"}],"about":[{"href":"https:\/\/www.tvnovelas.com.br\/tvnews\/wp-json\/wp\/v2\/types\/post"}],"author":[{"embeddable":true,"href":"https:\/\/www.tvnovelas.com.br\/tvnews\/wp-json\/wp\/v2\/users\/1"}],"replies":[{"embeddable":true,"href":"https:\/\/www.tvnovelas.com.br\/tvnews\/wp-json\/wp\/v2\/comments?post=80117"}],"version-history":[{"count":1,"href":"https:\/\/www.tvnovelas.com.br\/tvnews\/wp-json\/wp\/v2\/posts\/80117\/revisions"}],"predecessor-version":[{"id":80119,"href":"https:\/\/www.tvnovelas.com.br\/tvnews\/wp-json\/wp\/v2\/posts\/80117\/revisions\/80119"}],"wp:featuredmedia":[{"embeddable":true,"href":"https:\/\/www.tvnovelas.com.br\/tvnews\/wp-json\/wp\/v2\/media\/80118"}],"wp:attachment":[{"href":"https:\/\/www.tvnovelas.com.br\/tvnews\/wp-json\/wp\/v2\/media?parent=80117"}],"wp:term":[{"taxonomy":"category","embeddable":true,"href":"https:\/\/www.tvnovelas.com.br\/tvnews\/wp-json\/wp\/v2\/categories?post=80117"},{"taxonomy":"post_tag","embeddable":true,"href":"https:\/\/www.tvnovelas.com.br\/tvnews\/wp-json\/wp\/v2\/tags?post=80117"}],"curies":[{"name":"wp","href":"https:\/\/api.w.org\/{rel}","templated":true}]}}