{"id":80143,"date":"2025-08-03T09:16:36","date_gmt":"2025-08-03T12:16:36","guid":{"rendered":"https:\/\/www.tvnovelas.com.br\/tvnews\/?p=80143"},"modified":"2025-08-03T09:16:36","modified_gmt":"2025-08-03T12:16:36","slug":"eta-mundo-melhor-cunegundes-se-vinga-de-maria-divina","status":"publish","type":"post","link":"https:\/\/www.tvnovelas.com.br\/tvnews\/eta-mundo-melhor-cunegundes-se-vinga-de-maria-divina\/","title":{"rendered":"\u00cata Mundo Melhor!: Cunegundes se vinga de Maria Divina"},"content":{"rendered":"<figure id=\"attachment_80144\" aria-describedby=\"caption-attachment-80144\" style=\"width: 728px\" class=\"wp-caption alignnone\"><img data-recalc-dims=\"1\" decoding=\"async\" class=\"wp-image-80144 size-full\" title=\"(Foto: TV Globo\/\u00cata Mundo Melhor!)\" src=\"https:\/\/i0.wp.com\/www.tvnovelas.com.br\/tvnews\/wp-content\/uploads\/2025\/08\/11682.jpg?resize=728%2C409&#038;ssl=1\" alt=\"\u00cata Mundo Melhor!: Cunegundes se vinga de Maria Divina\" width=\"728\" height=\"409\" srcset=\"https:\/\/i0.wp.com\/www.tvnovelas.com.br\/tvnews\/wp-content\/uploads\/2025\/08\/11682.jpg?w=728&amp;ssl=1 728w, https:\/\/i0.wp.com\/www.tvnovelas.com.br\/tvnews\/wp-content\/uploads\/2025\/08\/11682.jpg?resize=250%2C140&amp;ssl=1 250w\" sizes=\"(max-width: 728px) 100vw, 728px\" \/><figcaption id=\"caption-attachment-80144\" class=\"wp-caption-text\">\u00cata Mundo Melhor!: Cunegundes se vinga de Maria Divina<\/figcaption><\/figure>\n<p>Em \u00cata Mundo Melhor!, o clima no s\u00edtio Dom Pedro II vai de mal a pior desde que Maria Divina (Castorine) assumiu o comando das terras em uma reviravolta que fez Cunegundes (Elizabeth Savala) se tornar empregada da fazenda. Mas, ela vai se vingar.<\/p>\n<p>Dona Boca de Fogo se finge de amiga de Maria Divina, que se aproveita da situa\u00e7\u00e3o e pede para que a agora empregada lhe fa\u00e7a um penteado, a fim de seduzir Z\u00e9 dos Porcos (Anderson Di Rizzi).<\/p>\n<p>&#8220;Int\u00e3o senta a\u00ed, qui v\u00f4 faz\u00ea um penteado que ningu\u00e9m nunca viu iguar! V\u00f4 pass\u00e1 tamb\u00e9m uma maquiage nesse seu rosto&#8221;, diz Cunegundes, &#8220;bondosa&#8221;.<\/p>\n<p>Ing\u00eanua, Maria Divina logo vai ao encontro de Z\u00e9 dos Porcos, sem nem imaginar como est\u00e1 sua apar\u00eancia ap\u00f3s o toque de Cunegundes:<\/p>\n<p>&#8220;Oia, Z\u00e9, oia como tou bonita dimais. A Dona Cunegundes me imbelez\u00f4 toda.&#8221;<\/p>\n<p>&#8220;Mas t\u00e1 feia pur dimais, Maria Divina!&#8221;, reage Z\u00e9, assustado.<\/p>\n<p>Maria Divina, ent\u00e3o, se olha no espelho e d\u00e1 um grito de \u00f3dio. A guerra est\u00e1 s\u00f3 come\u00e7ando.<br \/>\n<!--FIM DO POST--><\/p>\n<h2>Sobre a novela:<\/h2>\n<p><a href=\"https:\/\/tvnovelas.com.br\/page2\/arquivo\/eta-mundo-melhor-a-volta-de-candinho-e-policarpo\/&quot;\" target=\"_blank\" rel=\"noopener\">\u00cata Mundo Melhor!: A volta de Candinho e Policarpo<\/a> (Sinopse)<br \/>\n<a href=\"https:\/\/pt.wikipedia.org\/wiki\/%C3%8Ata_Mundo_Melhor!\" target=\"_blank\" rel=\"noopener\">Sobre \u00cata Mundo Melhor!, na Wikipedia<\/a><\/p>\n<div style=\"font-size: 120%;\"><h3>Confira tamb\u00e9m<\/h3>\r\n<a href=\"https:\/\/tvnovelas.com.br\/novelas\/\" rel=\"noopener\" target=\"_blank\"><strong>Todos os resumos de novelas<\/strong><\/a><\/br>\r\n<a href=\"https:\/\/www.tvnovelas.com.br\/tvnews\/\" rel=\"noopener\" target=\"_blank\"><strong>\u00daltimas not\u00edcias das novelas<\/strong><\/a><\/br>\r\n<a href=\"https:\/\/www.tvnovelas.com.br\/filmes\/\" target=\"_blank\" rel=\"noopener noreferrer\"><strong>Programa\u00e7\u00e3o de filmes na TV aberta<\/strong><\/a><\/br>\r\n<a href=\"https:\/\/caetenews.com.br\/semana\/filmes-da-globo-na-sessao-da-tarde-desta-semana\/\" target=\"_blank\" rel=\"noopener\"><strong>Confira os filmes da semana na Sess\u00e3o da Tarde<\/strong><\/a><\/br>\r\n<a href=\"https:\/\/classindportal.mj.gov.br\/consulta-filmes\" target=\"_blank\" rel=\"noopener\"><strong>Consulte a classifica\u00e7\u00e3o indicativa dos filmes e novelas<\/strong><\/a><\/br><\/div>\n","protected":false},"excerpt":{"rendered":"<p>\u00cata Mundo Melhor!: Cunegundes se vinga de Maria Divina&#8230; Em \u00cata Mundo Melhor!, o clima no s\u00edtio Dom Pedro II vai de mal a pior desde que Maria Divina&#8230;<\/p>\n","protected":false},"author":1,"featured_media":80144,"comment_status":"closed","ping_status":"closed","sticky":false,"template":"","format":"standard","meta":{"_uf_show_specific_survey":0,"_uf_disable_surveys":false,"_jetpack_memberships_contains_paid_content":false,"footnotes":"","_wp_rev_ctl_limit":""},"categories":[920],"tags":[921,5,64],"class_list":["post-80143","post","type-post","status-publish","format-standard","has-post-thumbnail","hentry","category-eta-mundo-melhor","tag-eta-mundo-melhor","tag-globo","tag-novelas","wpcat-920-id"],"aioseo_notices":[],"jetpack_featured_media_url":"https:\/\/i0.wp.com\/www.tvnovelas.com.br\/tvnews\/wp-content\/uploads\/2025\/08\/11682.jpg?fit=728%2C409&ssl=1","jetpack_shortlink":"https:\/\/wp.me\/pdP2BO-kQD","jetpack_sharing_enabled":true,"_links":{"self":[{"href":"https:\/\/www.tvnovelas.com.br\/tvnews\/wp-json\/wp\/v2\/posts\/80143","targetHints":{"allow":["GET"]}}],"collection":[{"href":"https:\/\/www.tvnovelas.com.br\/tvnews\/wp-json\/wp\/v2\/posts"}],"about":[{"href":"https:\/\/www.tvnovelas.com.br\/tvnews\/wp-json\/wp\/v2\/types\/post"}],"author":[{"embeddable":true,"href":"https:\/\/www.tvnovelas.com.br\/tvnews\/wp-json\/wp\/v2\/users\/1"}],"replies":[{"embeddable":true,"href":"https:\/\/www.tvnovelas.com.br\/tvnews\/wp-json\/wp\/v2\/comments?post=80143"}],"version-history":[{"count":2,"href":"https:\/\/www.tvnovelas.com.br\/tvnews\/wp-json\/wp\/v2\/posts\/80143\/revisions"}],"predecessor-version":[{"id":80146,"href":"https:\/\/www.tvnovelas.com.br\/tvnews\/wp-json\/wp\/v2\/posts\/80143\/revisions\/80146"}],"wp:featuredmedia":[{"embeddable":true,"href":"https:\/\/www.tvnovelas.com.br\/tvnews\/wp-json\/wp\/v2\/media\/80144"}],"wp:attachment":[{"href":"https:\/\/www.tvnovelas.com.br\/tvnews\/wp-json\/wp\/v2\/media?parent=80143"}],"wp:term":[{"taxonomy":"category","embeddable":true,"href":"https:\/\/www.tvnovelas.com.br\/tvnews\/wp-json\/wp\/v2\/categories?post=80143"},{"taxonomy":"post_tag","embeddable":true,"href":"https:\/\/www.tvnovelas.com.br\/tvnews\/wp-json\/wp\/v2\/tags?post=80143"}],"curies":[{"name":"wp","href":"https:\/\/api.w.org\/{rel}","templated":true}]}}