{"id":80150,"date":"2025-08-03T09:56:37","date_gmt":"2025-08-03T12:56:37","guid":{"rendered":"https:\/\/www.tvnovelas.com.br\/tvnews\/?p=80150"},"modified":"2025-08-03T09:56:37","modified_gmt":"2025-08-03T12:56:37","slug":"vale-tudo-solange-e-sardinha-decidem-investigar-fatima","status":"publish","type":"post","link":"https:\/\/www.tvnovelas.com.br\/tvnews\/vale-tudo-solange-e-sardinha-decidem-investigar-fatima\/","title":{"rendered":"Vale Tudo: Solange e Sardinha decidem investigar F\u00e1tima"},"content":{"rendered":"<figure id=\"attachment_80151\" aria-describedby=\"caption-attachment-80151\" style=\"width: 728px\" class=\"wp-caption alignnone\"><img data-recalc-dims=\"1\" decoding=\"async\" class=\"wp-image-80151 size-full\" title=\"(Foto: TV Globo\/Vale Tudo)\" src=\"https:\/\/i0.wp.com\/www.tvnovelas.com.br\/tvnews\/wp-content\/uploads\/2025\/08\/11683.jpg?resize=728%2C410&#038;ssl=1\" alt=\"Foto em Vale Tudo: Solange e Sardinha decidem investigar F\u00e1tima\" width=\"728\" height=\"410\" srcset=\"https:\/\/i0.wp.com\/www.tvnovelas.com.br\/tvnews\/wp-content\/uploads\/2025\/08\/11683.jpg?w=728&amp;ssl=1 728w, https:\/\/i0.wp.com\/www.tvnovelas.com.br\/tvnews\/wp-content\/uploads\/2025\/08\/11683.jpg?resize=250%2C141&amp;ssl=1 250w\" sizes=\"(max-width: 728px) 100vw, 728px\" \/><figcaption id=\"caption-attachment-80151\" class=\"wp-caption-text\">Vale Tudo: Solange e Sardinha decidem investigar F\u00e1tima<\/figcaption><\/figure>\n<p>Em Vale Tudo, Sardinha (Lucas Leto) sempre foi desconfiado de F\u00e1tima (Bella Campos). Mas depois de ver a ex-amiga na companhia de C\u00e9sar (Cau\u00e3 Reymond) no apart-hotel, o produtor ficou ainda mais reticente. Logicamente, assim que encontrar com Solange (Alice Wegmann), ele contar\u00e1 do que viu e os dois come\u00e7ar\u00e3o a revisitar algumas atitudes da vil\u00e3.<\/p>\n<p>\u201cEu n\u00e3o t\u00f4 acreditando nisso, Sardinha! Eles estavam se beijando?\u201d, questionar\u00e1 ela.<\/p>\n<p>\u201cN\u00e3o. Mas estavam discutindo\u201d, dir\u00e1 Sardinha.<\/p>\n<p>Os dois v\u00e3o se lembrar que, tal qual F\u00e1tima e Afonso (Humberto Carr\u00e3o), C\u00e9sar tamb\u00e9m passou uma temporada na Europa. Ent\u00e3o, come\u00e7ar\u00e3o a ligar os pontos.<\/p>\n<p>\u201cA Europa \u00e9 grande, n\u00e9, Solange? Mas eu nunca confiei na F\u00e1tima. Voc\u00ea sabe muito bem. Ela est\u00e1 sempre no meio de umas situa\u00e7\u00f5es meio sem explica\u00e7\u00e3o\u201d, pontuar\u00e1 Sardinha.<\/p>\n<p>A dupla se recordar\u00e1 de diversas situa\u00e7\u00f5es, como a vez que o trabalho de Solange simplesmente \u201csumiu\u201d do notebook dela; ou quando o alerta de inc\u00eandio disparou na Tomorrow, apesar de n\u00e3o ter nenhum sinal de fogo.<\/p>\n<p>\u201cMe ajuda a lembrar essas datas, Sardinha? Eu vou anotar os dias em que cada uma dessas coisas aconteceu\u201d, dir\u00e1 Solange. \u201cDe repente a gente consegue as imagens na Tomorrow, sei l\u00e1. N\u00e3o \u00e9 poss\u00edvel que F\u00e1tima n\u00e3o tenha deixado uma ponta solta!\u201d<br \/>\n<!--FIM--><br \/>\n<strong>Sobre a novela<\/strong><br \/>\n<a href=\"https:\/\/wp.me\/pfspD2-U7\" target=\"_blank\" rel=\"noopener\">Vale Tudo: Conflitos de princ\u00edpios e valores (Sinopse)<\/a><\/p>\n<p><a href=\"https:\/\/wp.me\/pfspD2-oI\" target=\"_blank\" rel=\"noopener\">Vale Tudo: Invers\u00e3o de valores no final dos anos 1980<\/a> (Sinopse)<\/p>\n<div style=\"font-size: 120%;\"><h3>Confira tamb\u00e9m<\/h3>\r\n<a href=\"https:\/\/tvnovelas.com.br\/novelas\/\" rel=\"noopener\" target=\"_blank\"><strong>Todos os resumos de novelas<\/strong><\/a><\/br>\r\n<a href=\"https:\/\/www.tvnovelas.com.br\/tvnews\/\" rel=\"noopener\" target=\"_blank\"><strong>\u00daltimas not\u00edcias das novelas<\/strong><\/a><\/br>\r\n<a href=\"https:\/\/www.tvnovelas.com.br\/filmes\/\" target=\"_blank\" rel=\"noopener noreferrer\"><strong>Programa\u00e7\u00e3o de filmes na TV aberta<\/strong><\/a><\/br>\r\n<a href=\"https:\/\/caetenews.com.br\/semana\/filmes-da-globo-na-sessao-da-tarde-desta-semana\/\" target=\"_blank\" rel=\"noopener\"><strong>Confira os filmes da semana na Sess\u00e3o da Tarde<\/strong><\/a><\/br>\r\n<a href=\"https:\/\/classindportal.mj.gov.br\/consulta-filmes\" target=\"_blank\" rel=\"noopener\"><strong>Consulte a classifica\u00e7\u00e3o indicativa dos filmes e novelas<\/strong><\/a><\/br><br \/>\n&lt;\/div<\/div>\n","protected":false},"excerpt":{"rendered":"<p>Vale Tudo: Solange e Sardinha decidem investigar F\u00e1tima&#8230;. Em Vale Tudo, Sardinha (Lucas Leto) sempre foi desconfiado de F\u00e1tima&#8230;<\/p>\n","protected":false},"author":1,"featured_media":80151,"comment_status":"closed","ping_status":"closed","sticky":false,"template":"","format":"standard","meta":{"_uf_show_specific_survey":0,"_uf_disable_surveys":false,"_jetpack_memberships_contains_paid_content":false,"footnotes":"","_wp_rev_ctl_limit":""},"categories":[871],"tags":[5,64,801],"class_list":["post-80150","post","type-post","status-publish","format-standard","has-post-thumbnail","hentry","category-vale-tudo","tag-globo","tag-novelas","tag-vale-tudo","wpcat-871-id"],"aioseo_notices":[],"jetpack_featured_media_url":"https:\/\/i0.wp.com\/www.tvnovelas.com.br\/tvnews\/wp-content\/uploads\/2025\/08\/11683.jpg?fit=728%2C410&ssl=1","jetpack_shortlink":"https:\/\/wp.me\/pdP2BO-kQK","jetpack_sharing_enabled":true,"_links":{"self":[{"href":"https:\/\/www.tvnovelas.com.br\/tvnews\/wp-json\/wp\/v2\/posts\/80150","targetHints":{"allow":["GET"]}}],"collection":[{"href":"https:\/\/www.tvnovelas.com.br\/tvnews\/wp-json\/wp\/v2\/posts"}],"about":[{"href":"https:\/\/www.tvnovelas.com.br\/tvnews\/wp-json\/wp\/v2\/types\/post"}],"author":[{"embeddable":true,"href":"https:\/\/www.tvnovelas.com.br\/tvnews\/wp-json\/wp\/v2\/users\/1"}],"replies":[{"embeddable":true,"href":"https:\/\/www.tvnovelas.com.br\/tvnews\/wp-json\/wp\/v2\/comments?post=80150"}],"version-history":[{"count":1,"href":"https:\/\/www.tvnovelas.com.br\/tvnews\/wp-json\/wp\/v2\/posts\/80150\/revisions"}],"predecessor-version":[{"id":80152,"href":"https:\/\/www.tvnovelas.com.br\/tvnews\/wp-json\/wp\/v2\/posts\/80150\/revisions\/80152"}],"wp:featuredmedia":[{"embeddable":true,"href":"https:\/\/www.tvnovelas.com.br\/tvnews\/wp-json\/wp\/v2\/media\/80151"}],"wp:attachment":[{"href":"https:\/\/www.tvnovelas.com.br\/tvnews\/wp-json\/wp\/v2\/media?parent=80150"}],"wp:term":[{"taxonomy":"category","embeddable":true,"href":"https:\/\/www.tvnovelas.com.br\/tvnews\/wp-json\/wp\/v2\/categories?post=80150"},{"taxonomy":"post_tag","embeddable":true,"href":"https:\/\/www.tvnovelas.com.br\/tvnews\/wp-json\/wp\/v2\/tags?post=80150"}],"curies":[{"name":"wp","href":"https:\/\/api.w.org\/{rel}","templated":true}]}}