{"id":80203,"date":"2025-08-04T11:04:06","date_gmt":"2025-08-04T14:04:06","guid":{"rendered":"https:\/\/www.tvnovelas.com.br\/tvnews\/?p=80203"},"modified":"2025-08-04T11:04:06","modified_gmt":"2025-08-04T14:04:06","slug":"a-caverna-encantada-gabriel-expoe-o-segredo-de-tonico","status":"publish","type":"post","link":"https:\/\/www.tvnovelas.com.br\/tvnews\/a-caverna-encantada-gabriel-expoe-o-segredo-de-tonico\/","title":{"rendered":"A Caverna Encantada: Gabriel exp\u00f5e o segredo de Tonico"},"content":{"rendered":"<figure id=\"attachment_80204\" aria-describedby=\"caption-attachment-80204\" style=\"width: 728px\" class=\"wp-caption alignnone\"><img data-recalc-dims=\"1\" decoding=\"async\" class=\"wp-image-80204 size-full\" title=\"(Foto: SBT\/A Caverna Encantada)\" src=\"https:\/\/i0.wp.com\/www.tvnovelas.com.br\/tvnews\/wp-content\/uploads\/2025\/08\/11688.jpg?resize=728%2C410&#038;ssl=1\" alt=\"Foto em A Caverna Encantada: Gabriel exp\u00f5e o segredo de Tonico\" width=\"728\" height=\"410\" srcset=\"https:\/\/i0.wp.com\/www.tvnovelas.com.br\/tvnews\/wp-content\/uploads\/2025\/08\/11688.jpg?w=728&amp;ssl=1 728w, https:\/\/i0.wp.com\/www.tvnovelas.com.br\/tvnews\/wp-content\/uploads\/2025\/08\/11688.jpg?resize=250%2C141&amp;ssl=1 250w\" sizes=\"(max-width: 728px) 100vw, 728px\" \/><figcaption id=\"caption-attachment-80204\" class=\"wp-caption-text\">A Caverna Encantada: Gabriel exp\u00f5e o segredo de Tonico<\/figcaption><\/figure>\n<p>No cap\u00edtulo de A Caverna Encantada desta segunda, dia 04, Tonico descobre que Gabriel contou para Dalete que \u00e9 apaixonado por ela.<\/p>\n<p>Enquanto isso, Thomas pede que Cristina volte para Milagres, mas ela diz que n\u00e3o vai desistir do sonho de ser cantora.<\/p>\n<p>E mais: Os meninos do grupo Lu\u00edses alegam que Felipe precisa entrar no t\u00fanel da Toca para cumprir um desafio. Elisa come\u00e7a a cavar o terreno para a constru\u00e7\u00e3o da piscina, sem imaginar que bem abaixo dele existe uma caverna, onde surge uma goteira.<br \/>\n<!--FIM--><\/p>\n<div style=\"font-size: 120%;\"><h3>Confira tamb\u00e9m<\/h3>\r\n<a href=\"https:\/\/tvnovelas.com.br\/novelas\/\" rel=\"noopener\" target=\"_blank\"><strong>Todos os resumos de novelas<\/strong><\/a><\/br>\r\n<a href=\"https:\/\/www.tvnovelas.com.br\/tvnews\/\" rel=\"noopener\" target=\"_blank\"><strong>\u00daltimas not\u00edcias das novelas<\/strong><\/a><\/br>\r\n<a href=\"https:\/\/www.tvnovelas.com.br\/filmes\/\" target=\"_blank\" rel=\"noopener noreferrer\"><strong>Programa\u00e7\u00e3o de filmes na TV aberta<\/strong><\/a><\/br>\r\n<a href=\"https:\/\/caetenews.com.br\/semana\/filmes-da-globo-na-sessao-da-tarde-desta-semana\/\" target=\"_blank\" rel=\"noopener\"><strong>Confira os filmes da semana na Sess\u00e3o da Tarde<\/strong><\/a><\/br>\r\n<a href=\"https:\/\/classindportal.mj.gov.br\/consulta-filmes\" target=\"_blank\" rel=\"noopener\"><strong>Consulte a classifica\u00e7\u00e3o indicativa dos filmes e novelas<\/strong><\/a><\/br><\/div>\n","protected":false},"excerpt":{"rendered":"<p>A Caverna Encantada: Gabriel exp\u00f5e o segredo de Tonico&#8230;  No cap\u00edtulo de A Caverna Encantada desta segunda, dia 04, Tonico descobre&#8230;<\/p>\n","protected":false},"author":1,"featured_media":80204,"comment_status":"closed","ping_status":"closed","sticky":false,"template":"","format":"standard","meta":{"_uf_show_specific_survey":0,"_uf_disable_surveys":false,"_jetpack_memberships_contains_paid_content":false,"footnotes":"","_wp_rev_ctl_limit":""},"categories":[766],"tags":[767,914,64,945,13,948],"class_list":["post-80203","post","type-post","status-publish","format-standard","has-post-thumbnail","hentry","category-a-caverna-encantada","tag-a-caverna-encantada","tag-caverna","tag-novelas","tag-piscina","tag-sbt","tag-segredo","wpcat-766-id"],"aioseo_notices":[],"jetpack_featured_media_url":"https:\/\/i0.wp.com\/www.tvnovelas.com.br\/tvnews\/wp-content\/uploads\/2025\/08\/11688.jpg?fit=728%2C410&ssl=1","jetpack_shortlink":"https:\/\/wp.me\/pdP2BO-kRB","jetpack_sharing_enabled":true,"_links":{"self":[{"href":"https:\/\/www.tvnovelas.com.br\/tvnews\/wp-json\/wp\/v2\/posts\/80203","targetHints":{"allow":["GET"]}}],"collection":[{"href":"https:\/\/www.tvnovelas.com.br\/tvnews\/wp-json\/wp\/v2\/posts"}],"about":[{"href":"https:\/\/www.tvnovelas.com.br\/tvnews\/wp-json\/wp\/v2\/types\/post"}],"author":[{"embeddable":true,"href":"https:\/\/www.tvnovelas.com.br\/tvnews\/wp-json\/wp\/v2\/users\/1"}],"replies":[{"embeddable":true,"href":"https:\/\/www.tvnovelas.com.br\/tvnews\/wp-json\/wp\/v2\/comments?post=80203"}],"version-history":[{"count":1,"href":"https:\/\/www.tvnovelas.com.br\/tvnews\/wp-json\/wp\/v2\/posts\/80203\/revisions"}],"predecessor-version":[{"id":80205,"href":"https:\/\/www.tvnovelas.com.br\/tvnews\/wp-json\/wp\/v2\/posts\/80203\/revisions\/80205"}],"wp:featuredmedia":[{"embeddable":true,"href":"https:\/\/www.tvnovelas.com.br\/tvnews\/wp-json\/wp\/v2\/media\/80204"}],"wp:attachment":[{"href":"https:\/\/www.tvnovelas.com.br\/tvnews\/wp-json\/wp\/v2\/media?parent=80203"}],"wp:term":[{"taxonomy":"category","embeddable":true,"href":"https:\/\/www.tvnovelas.com.br\/tvnews\/wp-json\/wp\/v2\/categories?post=80203"},{"taxonomy":"post_tag","embeddable":true,"href":"https:\/\/www.tvnovelas.com.br\/tvnews\/wp-json\/wp\/v2\/tags?post=80203"}],"curies":[{"name":"wp","href":"https:\/\/api.w.org\/{rel}","templated":true}]}}