{"id":80214,"date":"2025-08-04T14:53:03","date_gmt":"2025-08-04T17:53:03","guid":{"rendered":"https:\/\/www.tvnovelas.com.br\/tvnews\/?p=80214"},"modified":"2025-08-04T14:53:03","modified_gmt":"2025-08-04T17:53:03","slug":"vale-tudo-odete-manda-fatima-apagar-post-em-rede-social","status":"publish","type":"post","link":"https:\/\/www.tvnovelas.com.br\/tvnews\/vale-tudo-odete-manda-fatima-apagar-post-em-rede-social\/","title":{"rendered":"Vale Tudo: Odete manda F\u00e1tima apagar post em rede social"},"content":{"rendered":"<figure id=\"attachment_80215\" aria-describedby=\"caption-attachment-80215\" style=\"width: 728px\" class=\"wp-caption alignnone\"><img data-recalc-dims=\"1\" decoding=\"async\" class=\"wp-image-80215 size-full\" title=\"(Foto: TV Globo\/Vale Tudo)\" src=\"https:\/\/i0.wp.com\/www.tvnovelas.com.br\/tvnews\/wp-content\/uploads\/2025\/08\/11690a.jpg?resize=728%2C410&#038;ssl=1\" alt=\"Foto em Vale Tudo: Odete manda F\u00e1tima apagar post em rede social\" width=\"728\" height=\"410\" srcset=\"https:\/\/i0.wp.com\/www.tvnovelas.com.br\/tvnews\/wp-content\/uploads\/2025\/08\/11690a.jpg?w=728&amp;ssl=1 728w, https:\/\/i0.wp.com\/www.tvnovelas.com.br\/tvnews\/wp-content\/uploads\/2025\/08\/11690a.jpg?resize=250%2C141&amp;ssl=1 250w\" sizes=\"(max-width: 728px) 100vw, 728px\" \/><figcaption id=\"caption-attachment-80215\" class=\"wp-caption-text\">Vale Tudo: Odete Roitman manda F\u00e1tima apagar post em rede social<\/figcaption><\/figure>\n<p>Em Vale Tudo, desta vez, a carreira de influenciadora de F\u00e1tima (Bella Campos) realmente est\u00e1 decolando. Mas expor a intimidade do dia a dia est\u00e1 longe de ser a atividade favorita da fam\u00edlia Roitman. Aos poucos, o cl\u00e3 de bilion\u00e1rios come\u00e7ar\u00e1 a se irritar com a mo\u00e7a. Afonso (Humberto Carr\u00e3o) n\u00e3o vai esconder o desagrado, mas a situa\u00e7\u00e3o chegar\u00e1 a um limite.<\/p>\n<p>Ap\u00f3s F\u00e1tima gravar um conte\u00fado na TCA, Odete Roitman (Debora Bloch) ir\u00e1 ordenar que a nora apague a publica\u00e7\u00e3o imediatamente. A jovem ir\u00e1 acatar, mas sob protesto e com direito a um v\u00eddeo.<\/p>\n<p>\u201cO assunto agora \u00e9 s\u00e9rio. Eu vim aqui sem make e sem filtro pra falar da censura que estou sofrendo nas minhas redes sociais\u201d, dir\u00e1 ela, para a c\u00e2mera.<\/p>\n<p>\u201cEu fui obrigada a apagar um conte\u00fado que eu n\u00e3o vou citar. Mas quem me conhece sabe. Eu pe\u00e7o desculpas aos meus Fatimores que curtiram e comentaram no post. Mas prometo que, daqui pra frente, vou combater toda e qualquer forma de censura. Eu perdi uma luta, mas n\u00e3o perdi a guerra. Eles n\u00e3o v\u00e3o conseguir nos calar. Censura nunca mais!\u201d<br \/>\n<!--FIM--><br \/>\n<strong>Sobre a novela<\/strong><br \/>\n<a href=\"https:\/\/wp.me\/pfspD2-U7\" target=\"_blank\" rel=\"noopener\">Vale Tudo: Conflitos de princ\u00edpios e valores (Sinopse)<\/a><\/p>\n<p><a href=\"https:\/\/wp.me\/pfspD2-oI\" target=\"_blank\" rel=\"noopener\">Vale Tudo: Invers\u00e3o de valores no final dos anos 1980<\/a> (Sinopse)<\/p>\n<div style=\"font-size: 120%;\"><h3>Confira tamb\u00e9m<\/h3>\r\n<a href=\"https:\/\/tvnovelas.com.br\/novelas\/\" rel=\"noopener\" target=\"_blank\"><strong>Todos os resumos de novelas<\/strong><\/a><\/br>\r\n<a href=\"https:\/\/www.tvnovelas.com.br\/tvnews\/\" rel=\"noopener\" target=\"_blank\"><strong>\u00daltimas not\u00edcias das novelas<\/strong><\/a><\/br>\r\n<a href=\"https:\/\/www.tvnovelas.com.br\/filmes\/\" target=\"_blank\" rel=\"noopener noreferrer\"><strong>Programa\u00e7\u00e3o de filmes na TV aberta<\/strong><\/a><\/br>\r\n<a href=\"https:\/\/caetenews.com.br\/semana\/filmes-da-globo-na-sessao-da-tarde-desta-semana\/\" target=\"_blank\" rel=\"noopener\"><strong>Confira os filmes da semana na Sess\u00e3o da Tarde<\/strong><\/a><\/br>\r\n<a href=\"https:\/\/classindportal.mj.gov.br\/consulta-filmes\" target=\"_blank\" rel=\"noopener\"><strong>Consulte a classifica\u00e7\u00e3o indicativa dos filmes e novelas<\/strong><\/a><\/br><br \/>\n&lt;\/div<\/div>\n","protected":false},"excerpt":{"rendered":"<p>Vale Tudo: Odete manda F\u00e1tima apagar post em rede social&#8230; Em Vale Tudo, desta vez, a carreira de influenciadora de F\u00e1tima (Bella Campos) realmente&#8230;<\/p>\n","protected":false},"author":1,"featured_media":80215,"comment_status":"closed","ping_status":"closed","sticky":false,"template":"","format":"standard","meta":{"_uf_show_specific_survey":0,"_uf_disable_surveys":false,"_jetpack_memberships_contains_paid_content":false,"footnotes":"","_wp_rev_ctl_limit":""},"categories":[871],"tags":[],"class_list":["post-80214","post","type-post","status-publish","format-standard","has-post-thumbnail","hentry","category-vale-tudo","wpcat-871-id"],"aioseo_notices":[],"jetpack_featured_media_url":"https:\/\/i0.wp.com\/www.tvnovelas.com.br\/tvnews\/wp-content\/uploads\/2025\/08\/11690a.jpg?fit=728%2C410&ssl=1","jetpack_shortlink":"https:\/\/wp.me\/pdP2BO-kRM","jetpack_sharing_enabled":true,"_links":{"self":[{"href":"https:\/\/www.tvnovelas.com.br\/tvnews\/wp-json\/wp\/v2\/posts\/80214","targetHints":{"allow":["GET"]}}],"collection":[{"href":"https:\/\/www.tvnovelas.com.br\/tvnews\/wp-json\/wp\/v2\/posts"}],"about":[{"href":"https:\/\/www.tvnovelas.com.br\/tvnews\/wp-json\/wp\/v2\/types\/post"}],"author":[{"embeddable":true,"href":"https:\/\/www.tvnovelas.com.br\/tvnews\/wp-json\/wp\/v2\/users\/1"}],"replies":[{"embeddable":true,"href":"https:\/\/www.tvnovelas.com.br\/tvnews\/wp-json\/wp\/v2\/comments?post=80214"}],"version-history":[{"count":1,"href":"https:\/\/www.tvnovelas.com.br\/tvnews\/wp-json\/wp\/v2\/posts\/80214\/revisions"}],"predecessor-version":[{"id":80217,"href":"https:\/\/www.tvnovelas.com.br\/tvnews\/wp-json\/wp\/v2\/posts\/80214\/revisions\/80217"}],"wp:featuredmedia":[{"embeddable":true,"href":"https:\/\/www.tvnovelas.com.br\/tvnews\/wp-json\/wp\/v2\/media\/80215"}],"wp:attachment":[{"href":"https:\/\/www.tvnovelas.com.br\/tvnews\/wp-json\/wp\/v2\/media?parent=80214"}],"wp:term":[{"taxonomy":"category","embeddable":true,"href":"https:\/\/www.tvnovelas.com.br\/tvnews\/wp-json\/wp\/v2\/categories?post=80214"},{"taxonomy":"post_tag","embeddable":true,"href":"https:\/\/www.tvnovelas.com.br\/tvnews\/wp-json\/wp\/v2\/tags?post=80214"}],"curies":[{"name":"wp","href":"https:\/\/api.w.org\/{rel}","templated":true}]}}