{"id":80219,"date":"2025-08-04T15:24:25","date_gmt":"2025-08-04T18:24:25","guid":{"rendered":"https:\/\/www.tvnovelas.com.br\/tvnews\/?p=80219"},"modified":"2025-08-04T15:24:25","modified_gmt":"2025-08-04T18:24:25","slug":"eta-mundo-melhor-festa-de-zulma-oferece-vexame-e-ataque-de-furia","status":"publish","type":"post","link":"https:\/\/www.tvnovelas.com.br\/tvnews\/eta-mundo-melhor-festa-de-zulma-oferece-vexame-e-ataque-de-furia\/","title":{"rendered":"\u00cata Mundo Melhor!: Festa de Zulma oferece vexame e ataque de f\u00faria"},"content":{"rendered":"<figure id=\"attachment_80220\" aria-describedby=\"caption-attachment-80220\" style=\"width: 728px\" class=\"wp-caption alignnone\"><img data-recalc-dims=\"1\" decoding=\"async\" class=\"wp-image-80220 size-full\" title=\"(Foto: TV Globo\/\u00cata Mundo Melhor!)\" src=\"https:\/\/i0.wp.com\/www.tvnovelas.com.br\/tvnews\/wp-content\/uploads\/2025\/08\/11691.jpg?resize=728%2C409&#038;ssl=1\" alt=\"Foto em \u00cata Mundo Melhor!: Festa de Zulma oferece vexame e ataque de f\u00faria\" width=\"728\" height=\"409\" srcset=\"https:\/\/i0.wp.com\/www.tvnovelas.com.br\/tvnews\/wp-content\/uploads\/2025\/08\/11691.jpg?w=728&amp;ssl=1 728w, https:\/\/i0.wp.com\/www.tvnovelas.com.br\/tvnews\/wp-content\/uploads\/2025\/08\/11691.jpg?resize=250%2C140&amp;ssl=1 250w\" sizes=\"(max-width: 728px) 100vw, 728px\" \/><figcaption id=\"caption-attachment-80220\" class=\"wp-caption-text\">\u00cata Mundo Melhor!: Festa de Zulma oferece vexame e ataque de f\u00faria<\/figcaption><\/figure>\n<p>Em \u00cata Mundo Melhor!, O plano de Zulma (Heloisa P\u00e9riss\u00e9) era impressionar a sociedade com seu fest\u00e3o de anivers\u00e1rio na Casa dos Anjos. Mas, gra\u00e7as \u00e0 pequena Anabela (Isabelly Carvalho), tudo vai sair de controle.<\/p>\n<p>Em \u00cata Mundo Melhor!, ainda antes da festa, Zulma se revolta ao ver que as crian\u00e7as passaram a m\u00e3o no bolo enquanto estavam sozinhas no orfanato. Cruel, ela decide tranc\u00e1-las em um quarto para que ningu\u00e9m atrapalhe seu evento: &#8220;Passaram de todos os limites!&#8221;, ela grita.<\/p>\n<p>Mas, durante o fest\u00e3o, Zulma recebe dois duros golpes. O primeiro \u00e9 a partir de Dita (Jeniffer Nascimento), que vai surgir cantando &#8220;parab\u00e9ns pra voc\u00ea&#8221; de dentro de um bolo gigante. Candinho (Sergio Guiz\u00e9), claro, se alegra ao ver sua amada e deixa Zulma em segundo plano.<\/p>\n<p>&#8220;Essa matuta roubou minha festa!&#8221;, reclama.<\/p>\n<p>J\u00e1 o segundo \u00e9 causado por Anabela, que escuta as crian\u00e7as gritando dentro do quarto e consegue libert\u00e1-los depois de encontrar a chave, que estava escondida. Os \u00f3rf\u00e3os invadem a festa, e Zulma tem um ataque de f\u00faria, mas fica em saia justa diante dos convidados.<\/p>\n<p>&#8220;Que confus\u00e3o \u00e9 essa? Voltem j\u00e1 para o quarto de voc\u00eas!&#8221;<\/p>\n<p>&#8220;A sinhora vai dex\u00e1 as crian\u00e7a no quarto em dia de festa?&#8221;, indaga Candinho.<\/p>\n<p>Zulma diz que precisa botar ordem na casa e ofende Anabela ao saber que foi ela quem abriu a porta das crian\u00e7as:<\/p>\n<p>&#8220;Essa menina enxerida n\u00e3o foi convidada!&#8221;<\/p>\n<p>Para piorar, os pequenos come\u00e7am a comer tudo que veem pela frente:<\/p>\n<p>&#8220;Parem com isso! \u00c9 tudo meu!&#8221;<\/p>\n<p>&#8220;Uia, qui a sinhora \u00e9 gulosa! A crian\u00e7ada tumb\u00e9m tem direito aos doce&#8221;, repreende Candinho.<\/p>\n<p>A coisa sai de controle quando Policarpo amea\u00e7a dar um novo coice Zulma. Assustada, a vil\u00e3 vai andando para tr\u00e1s e acaba trope\u00e7ando no pr\u00f3prio bolo. Furiosa, ela expulsa todos os convidados:<\/p>\n<p>&#8220;Saiam todos daqui! Saiam!&#8221;<\/p>\n<h2>Sobre a novela:<\/h2>\n<p><a href=\"https:\/\/tvnovelas.com.br\/page2\/arquivo\/eta-mundo-melhor-a-volta-de-candinho-e-policarpo\/&quot;\" target=\"_blank\" rel=\"noopener\">\u00cata Mundo Melhor!: A volta de Candinho e Policarpo<\/a> (Sinopse)<br \/>\n<a href=\"https:\/\/pt.wikipedia.org\/wiki\/%C3%8Ata_Mundo_Melhor!\" target=\"_blank\" rel=\"noopener\">Sobre \u00cata Mundo Melhor!, na Wikipedia<\/a><\/p>\n<div style=\"font-size: 120%;\"><h3>Confira tamb\u00e9m<\/h3>\r\n<a href=\"https:\/\/tvnovelas.com.br\/novelas\/\" rel=\"noopener\" target=\"_blank\"><strong>Todos os resumos de novelas<\/strong><\/a><\/br>\r\n<a href=\"https:\/\/www.tvnovelas.com.br\/tvnews\/\" rel=\"noopener\" target=\"_blank\"><strong>\u00daltimas not\u00edcias das novelas<\/strong><\/a><\/br>\r\n<a href=\"https:\/\/www.tvnovelas.com.br\/filmes\/\" target=\"_blank\" rel=\"noopener noreferrer\"><strong>Programa\u00e7\u00e3o de filmes na TV aberta<\/strong><\/a><\/br>\r\n<a href=\"https:\/\/caetenews.com.br\/semana\/filmes-da-globo-na-sessao-da-tarde-desta-semana\/\" target=\"_blank\" rel=\"noopener\"><strong>Confira os filmes da semana na Sess\u00e3o da Tarde<\/strong><\/a><\/br>\r\n<a href=\"https:\/\/classindportal.mj.gov.br\/consulta-filmes\" target=\"_blank\" rel=\"noopener\"><strong>Consulte a classifica\u00e7\u00e3o indicativa dos filmes e novelas<\/strong><\/a><\/br><\/div>\n","protected":false},"excerpt":{"rendered":"<p>\u00cata Mundo Melhor!: Festa de Zulma oferece vexame e ataque de f\u00faria&#8230; Em \u00cata Mundo Melhor!, O plano de Zulma (Heloisa P\u00e9riss\u00e9) era impressionar&#8230;<\/p>\n","protected":false},"author":1,"featured_media":80220,"comment_status":"closed","ping_status":"closed","sticky":false,"template":"","format":"standard","meta":{"_uf_show_specific_survey":0,"_uf_disable_surveys":false,"_jetpack_memberships_contains_paid_content":false,"footnotes":"","_wp_rev_ctl_limit":""},"categories":[920],"tags":[921,5],"class_list":["post-80219","post","type-post","status-publish","format-standard","has-post-thumbnail","hentry","category-eta-mundo-melhor","tag-eta-mundo-melhor","tag-globo","wpcat-920-id"],"aioseo_notices":[],"jetpack_featured_media_url":"https:\/\/i0.wp.com\/www.tvnovelas.com.br\/tvnews\/wp-content\/uploads\/2025\/08\/11691.jpg?fit=728%2C409&ssl=1","jetpack_shortlink":"https:\/\/wp.me\/pdP2BO-kRR","jetpack_sharing_enabled":true,"_links":{"self":[{"href":"https:\/\/www.tvnovelas.com.br\/tvnews\/wp-json\/wp\/v2\/posts\/80219","targetHints":{"allow":["GET"]}}],"collection":[{"href":"https:\/\/www.tvnovelas.com.br\/tvnews\/wp-json\/wp\/v2\/posts"}],"about":[{"href":"https:\/\/www.tvnovelas.com.br\/tvnews\/wp-json\/wp\/v2\/types\/post"}],"author":[{"embeddable":true,"href":"https:\/\/www.tvnovelas.com.br\/tvnews\/wp-json\/wp\/v2\/users\/1"}],"replies":[{"embeddable":true,"href":"https:\/\/www.tvnovelas.com.br\/tvnews\/wp-json\/wp\/v2\/comments?post=80219"}],"version-history":[{"count":1,"href":"https:\/\/www.tvnovelas.com.br\/tvnews\/wp-json\/wp\/v2\/posts\/80219\/revisions"}],"predecessor-version":[{"id":80221,"href":"https:\/\/www.tvnovelas.com.br\/tvnews\/wp-json\/wp\/v2\/posts\/80219\/revisions\/80221"}],"wp:featuredmedia":[{"embeddable":true,"href":"https:\/\/www.tvnovelas.com.br\/tvnews\/wp-json\/wp\/v2\/media\/80220"}],"wp:attachment":[{"href":"https:\/\/www.tvnovelas.com.br\/tvnews\/wp-json\/wp\/v2\/media?parent=80219"}],"wp:term":[{"taxonomy":"category","embeddable":true,"href":"https:\/\/www.tvnovelas.com.br\/tvnews\/wp-json\/wp\/v2\/categories?post=80219"},{"taxonomy":"post_tag","embeddable":true,"href":"https:\/\/www.tvnovelas.com.br\/tvnews\/wp-json\/wp\/v2\/tags?post=80219"}],"curies":[{"name":"wp","href":"https:\/\/api.w.org\/{rel}","templated":true}]}}