{"id":80233,"date":"2025-08-04T16:57:10","date_gmt":"2025-08-04T19:57:10","guid":{"rendered":"https:\/\/www.tvnovelas.com.br\/tvnews\/?p=80233"},"modified":"2025-08-04T16:57:10","modified_gmt":"2025-08-04T19:57:10","slug":"sangue-oculto-vanda-captura-teresa","status":"publish","type":"post","link":"https:\/\/www.tvnovelas.com.br\/tvnews\/sangue-oculto-vanda-captura-teresa\/","title":{"rendered":"Sangue Oculto:  Vanda captura Teresa"},"content":{"rendered":"<figure id=\"attachment_80234\" aria-describedby=\"caption-attachment-80234\" style=\"width: 728px\" class=\"wp-caption alignnone\"><img data-recalc-dims=\"1\" decoding=\"async\" class=\"wp-image-80234 size-full\" title=\"(Foto: TV Brasil\/Sangue Oculto)\" src=\"https:\/\/i0.wp.com\/www.tvnovelas.com.br\/tvnews\/wp-content\/uploads\/2025\/08\/11692.jpg?resize=728%2C409&#038;ssl=1\" alt=\"Foto em Sangue Oculto: Vanda captura Teresa\" width=\"728\" height=\"409\" srcset=\"https:\/\/i0.wp.com\/www.tvnovelas.com.br\/tvnews\/wp-content\/uploads\/2025\/08\/11692.jpg?w=728&amp;ssl=1 728w, https:\/\/i0.wp.com\/www.tvnovelas.com.br\/tvnews\/wp-content\/uploads\/2025\/08\/11692.jpg?resize=250%2C140&amp;ssl=1 250w\" sizes=\"(max-width: 728px) 100vw, 728px\" \/><figcaption id=\"caption-attachment-80234\" class=\"wp-caption-text\">Sangue Oculto: Vanda captura Teresa<\/figcaption><\/figure>\n<p>No cap\u00edtulo de Sangue Oculto deste segunda, dia 04, a tens\u00e3o atinge novos patamares com mais um plano ardiloso de Vanda (Luana Piovani). Determinada a retomar o controle da situa\u00e7\u00e3o, a vil\u00e3 surpreende ao capturar Teresa (Sofia Alves).<\/p>\n<p>Com Teresa mantida em cativeiro, Vanda passa a usar a pr\u00f3pria filha como pe\u00e7a em seu jogo perigoso. Ela tenta manipular Benedita (Kelly Bailey), buscando abalar suas convic\u00e7\u00f5es e coloc\u00e1-la contra os aliados que v\u00eam confrontando os crimes da matriarca. A press\u00e3o emocional e as amea\u00e7as veladas tornam o momento decisivo para o futuro das protagonistas.<\/p>\n<p>O sequestro promete desencadear uma nova onda de conflitos e revela\u00e7\u00f5es. A resist\u00eancia de Benedita e o destino de Teresa mant\u00eam o em suspense diante das investidas de uma Vanda que se mostra cada vez mais implac\u00e1vel.<\/p>\n<p>Confira o resumo do cap\u00edtulo de hoje:<\/p>\n<h2 style=\"color: #3e5f44;\">Resumo de segunda-feira, 04 de agosto<\/h2>\n<p>Nan\u00e1 sofre pela morte de Carmo. No\u00eamia e Teresa s\u00e3o observadas por Andrade. Ana procura Pedro querendo passar o dia o com o ex-padrasto. M\u00e1rio encontra Diana no camping em aparente estado de confus\u00e3o mental. Carolina e Tiago localizam Ana. Vanda captura Teresa e tenta manipular Benedita.<\/p>\n<h2>Saiba mais<\/h2>\n<p><a href=\"https:\/\/wp.me\/pfspD2-TZ\" target=\"_blank\" rel=\"noopener\">Sangue Oculto: G\u00eameas que nunca se viram<\/a><\/p>\n<div style=\"font-size: 120%;\"><h3>Confira tamb\u00e9m<\/h3>\r\n<a href=\"https:\/\/tvnovelas.com.br\/novelas\/\" rel=\"noopener\" target=\"_blank\"><strong>Todos os resumos de novelas<\/strong><\/a><\/br>\r\n<a href=\"https:\/\/www.tvnovelas.com.br\/tvnews\/\" rel=\"noopener\" target=\"_blank\"><strong>\u00daltimas not\u00edcias das novelas<\/strong><\/a><\/br>\r\n<a href=\"https:\/\/www.tvnovelas.com.br\/filmes\/\" target=\"_blank\" rel=\"noopener noreferrer\"><strong>Programa\u00e7\u00e3o de filmes na TV aberta<\/strong><\/a><\/br>\r\n<a href=\"https:\/\/caetenews.com.br\/semana\/filmes-da-globo-na-sessao-da-tarde-desta-semana\/\" target=\"_blank\" rel=\"noopener\"><strong>Confira os filmes da semana na Sess\u00e3o da Tarde<\/strong><\/a><\/br>\r\n<a href=\"https:\/\/classindportal.mj.gov.br\/consulta-filmes\" target=\"_blank\" rel=\"noopener\"><strong>Consulte a classifica\u00e7\u00e3o indicativa dos filmes e novelas<\/strong><\/a><\/br><\/div>\n","protected":false},"excerpt":{"rendered":"<p>Sangue Oculto:  Vanda captura Teresa&#8230; No cap\u00edtulo de Sangue Oculto deste segunda, dia 04, a tens\u00e3o atinge novos patamares com mais um plano ardiloso&#8230;<\/p>\n","protected":false},"author":1,"featured_media":80234,"comment_status":"closed","ping_status":"closed","sticky":false,"template":"","format":"standard","meta":{"_uf_show_specific_survey":0,"_uf_disable_surveys":false,"_jetpack_memberships_contains_paid_content":false,"footnotes":"","_wp_rev_ctl_limit":""},"categories":[351],"tags":[64,870,255],"class_list":["post-80233","post","type-post","status-publish","format-standard","has-post-thumbnail","hentry","category-tv-brasil","tag-novelas","tag-sangue-oculto","tag-tv-brasil","wpcat-351-id"],"aioseo_notices":[],"jetpack_featured_media_url":"https:\/\/i0.wp.com\/www.tvnovelas.com.br\/tvnews\/wp-content\/uploads\/2025\/08\/11692.jpg?fit=728%2C409&ssl=1","jetpack_shortlink":"https:\/\/wp.me\/pdP2BO-kS5","jetpack_sharing_enabled":true,"_links":{"self":[{"href":"https:\/\/www.tvnovelas.com.br\/tvnews\/wp-json\/wp\/v2\/posts\/80233","targetHints":{"allow":["GET"]}}],"collection":[{"href":"https:\/\/www.tvnovelas.com.br\/tvnews\/wp-json\/wp\/v2\/posts"}],"about":[{"href":"https:\/\/www.tvnovelas.com.br\/tvnews\/wp-json\/wp\/v2\/types\/post"}],"author":[{"embeddable":true,"href":"https:\/\/www.tvnovelas.com.br\/tvnews\/wp-json\/wp\/v2\/users\/1"}],"replies":[{"embeddable":true,"href":"https:\/\/www.tvnovelas.com.br\/tvnews\/wp-json\/wp\/v2\/comments?post=80233"}],"version-history":[{"count":1,"href":"https:\/\/www.tvnovelas.com.br\/tvnews\/wp-json\/wp\/v2\/posts\/80233\/revisions"}],"predecessor-version":[{"id":80235,"href":"https:\/\/www.tvnovelas.com.br\/tvnews\/wp-json\/wp\/v2\/posts\/80233\/revisions\/80235"}],"wp:featuredmedia":[{"embeddable":true,"href":"https:\/\/www.tvnovelas.com.br\/tvnews\/wp-json\/wp\/v2\/media\/80234"}],"wp:attachment":[{"href":"https:\/\/www.tvnovelas.com.br\/tvnews\/wp-json\/wp\/v2\/media?parent=80233"}],"wp:term":[{"taxonomy":"category","embeddable":true,"href":"https:\/\/www.tvnovelas.com.br\/tvnews\/wp-json\/wp\/v2\/categories?post=80233"},{"taxonomy":"post_tag","embeddable":true,"href":"https:\/\/www.tvnovelas.com.br\/tvnews\/wp-json\/wp\/v2\/tags?post=80233"}],"curies":[{"name":"wp","href":"https:\/\/api.w.org\/{rel}","templated":true}]}}