{"id":80238,"date":"2025-08-04T18:35:35","date_gmt":"2025-08-04T21:35:35","guid":{"rendered":"https:\/\/www.tvnovelas.com.br\/tvnews\/?p=80238"},"modified":"2025-08-04T18:35:35","modified_gmt":"2025-08-04T21:35:35","slug":"as-filhas-da-senhora-garcia-valeria-e-presa-por-armacao-de-priscila","status":"publish","type":"post","link":"https:\/\/www.tvnovelas.com.br\/tvnews\/as-filhas-da-senhora-garcia-valeria-e-presa-por-armacao-de-priscila\/","title":{"rendered":"As Filhas da Senhora Garcia: Val\u00e9ria \u00e9 presa por arma\u00e7\u00e3o de Priscila"},"content":{"rendered":"<figure id=\"attachment_80241\" aria-describedby=\"caption-attachment-80241\" style=\"width: 728px\" class=\"wp-caption alignnone\"><img data-recalc-dims=\"1\" decoding=\"async\" class=\"wp-image-80241 size-full\" title=\"(Foto: Televisa\/SBT\/As Filhas da Senhora Garcia)\" src=\"https:\/\/i0.wp.com\/www.tvnovelas.com.br\/tvnews\/wp-content\/uploads\/2025\/08\/11693.jpg?resize=728%2C409&#038;ssl=1\" alt=\"Foto em As Filhas da Senhora Garcia: Val\u00e9ria \u00e9 presa por arma\u00e7\u00e3o de Priscila\" width=\"728\" height=\"409\" srcset=\"https:\/\/i0.wp.com\/www.tvnovelas.com.br\/tvnews\/wp-content\/uploads\/2025\/08\/11693.jpg?w=728&amp;ssl=1 728w, https:\/\/i0.wp.com\/www.tvnovelas.com.br\/tvnews\/wp-content\/uploads\/2025\/08\/11693.jpg?resize=250%2C140&amp;ssl=1 250w\" sizes=\"(max-width: 728px) 100vw, 728px\" \/><figcaption id=\"caption-attachment-80241\" class=\"wp-caption-text\">As Filhas da Senhora Garcia: Val\u00e9ria \u00e9 presa por arma\u00e7\u00e3o de Priscila<\/figcaption><\/figure>\n<p>No cap\u00edtulo de As Filhas da Senhora Garcia desta segunda, dia 04, Francisco procura Lu\u00eds para desabafar e acaba soltando uma acusa\u00e7\u00e3o grave: segundo ele, Val\u00e9ria agrediu Priscila \u2014 e tudo por influ\u00eancia de Artur.<\/p>\n<p>Francisco, visivelmente revoltado, afirma que a atitude violenta de Val\u00e9ria foi consequ\u00eancia direta da manipula\u00e7\u00e3o de Artur, e n\u00e3o hesita em responsabilizar o rapaz pelo descontrole da jovem. &#8220;Ela bateu em Priscila&#8230; e foi por culpa do Artur!&#8221;, declara, deixando Lu\u00eds chocado.<\/p>\n<p>Francisco, com o olhar carregado de f\u00faria, promete que Val\u00e9ria pagar\u00e1 pelo que fez.<\/p>\n<p>Nas cenas seguintes Val\u00e9ria acabar\u00e1 presa por suposta agress\u00e3o a Priscila. Arturo assume publicamente sua f\u00e9 na inoc\u00eancia de Val\u00e9ria e promete fazer de tudo para tir\u00e1-la da pris\u00e3o.<\/p>\n<p>Confira o resumo do cap\u00edtulo de hoje:<\/p>\n<h2 style=\"color: #3e5f44;\">Resumo de segunda-feira, 04 de agosto<\/h2>\n<p>O licenciado Jimenez diz a Paula que ela est\u00e1 ainda mais bonita do que antes, que agora ele tem mais dinheiro, ent\u00e3o que diga seu pre\u00e7o, pois quer ficar com ela. Paula o rejeita. Val\u00e9ria diz a Hector que Of\u00e9lia n\u00e3o \u00e9 sua representante e cancela o contrato. Of\u00e9lia fica furiosa porque n\u00e3o conseguiu descontar o cheque de Val\u00e9ria. Pedro diz a Lu\u00eds, Leonardo e Nicol\u00e1s que a imagem de Val\u00e9ria \u00e9 um sucesso total e que isso \u00e9 ben\u00e9fico n\u00e3o s\u00f3 para a linha esportiva, mas para toda a empresa, j\u00e1 que aumentaram os seguidores de todas as idades. Priscila, com mentiras, marca um encontro com Val\u00e9ria para reclamar por ela ter se envolvido com Artur. Diz que Val\u00e9ria \u00e9 insignificante e que Artur vai voltar para ela, porque \u00e9 sempre assim. Val\u00e9ria responde que n\u00e3o est\u00e1 interessada em Artur e que ela pode ficar com ele.<\/p>\n<p>Lu\u00eds diz a seus filhos, Leonardo, Nicol\u00e1s e Artur, que lembrem que o projeto \u00e9 responsabilidade deles. Artur diz a Of\u00e9lia que \u00e9 urgente que ela conven\u00e7a Val\u00e9ria a fazer a campanha. V\u00e1rias garotas reconhecem Val\u00e9ria e pedem fotos. Francisco encontra Priscila machucada e ela diz que Val\u00e9ria a atacou. Nicol\u00e1s diz a Artur que eles devem aproveitar o sucesso. Artur responde que Val\u00e9ria n\u00e3o quer ser modelo, que ele usou a foto dela sem autoriza\u00e7\u00e3o. Nicol\u00e1s diz que ele fa\u00e7a o que for preciso, mas Val\u00e9ria tem que ser a imagem. Camila diz a Mar que ela n\u00e3o \u00e9 bem-vinda em sua casa e que vai tornar sua vida imposs\u00edvel para que n\u00e3o volte. Mar, chorando, diz a Of\u00e9lia que n\u00e3o quer ficar na mans\u00e3o.<\/p>\n<p>Val\u00e9ria conta a Amparo que a ex-namorada de Artur a chamou s\u00f3 para avisar que se afastasse dele. Mar sai correndo da mans\u00e3o sem perceber que o carro de Nicol\u00e1s se aproxima e o carro a atropela. Policiais prendem Val\u00e9ria, acusada de agredir Priscila. Francisco diz a Lu\u00eds que, por culpa de Artur, Val\u00e9ria bateu em Priscila e que ela vai pagar. Priscila diz a Artur que Val\u00e9ria foi se exibir dizendo que era a imagem da campanha e que ele era dela. Lu\u00eds e Camila dizem a Artur que ele deve parar de brincar com isso. Artur responde que Val\u00e9ria jamais faria algo assim. Of\u00e9lia, chorando, diz a Artur que Val\u00e9ria \u00e9 inocente e que ele precisa tir\u00e1-la daquele lugar. Artur garante que far\u00e1 o imposs\u00edvel para que Val\u00e9ria seja libertada. Mar discute com Camila e ao sair da casa chorando \u00e9 atropelada por Nicolas.<br \/>\n<!--FIM--><\/p>\n<div style=\"font-size: 120%;\"><h3>Confira tamb\u00e9m<\/h3>\r\n<a href=\"https:\/\/tvnovelas.com.br\/novelas\/\" rel=\"noopener\" target=\"_blank\"><strong>Todos os resumos de novelas<\/strong><\/a><\/br>\r\n<a href=\"https:\/\/www.tvnovelas.com.br\/tvnews\/\" rel=\"noopener\" target=\"_blank\"><strong>\u00daltimas not\u00edcias das novelas<\/strong><\/a><\/br>\r\n<a href=\"https:\/\/www.tvnovelas.com.br\/filmes\/\" target=\"_blank\" rel=\"noopener noreferrer\"><strong>Programa\u00e7\u00e3o de filmes na TV aberta<\/strong><\/a><\/br>\r\n<a href=\"https:\/\/caetenews.com.br\/semana\/filmes-da-globo-na-sessao-da-tarde-desta-semana\/\" target=\"_blank\" rel=\"noopener\"><strong>Confira os filmes da semana na Sess\u00e3o da Tarde<\/strong><\/a><\/br>\r\n<a href=\"https:\/\/classindportal.mj.gov.br\/consulta-filmes\" target=\"_blank\" rel=\"noopener\"><strong>Consulte a classifica\u00e7\u00e3o indicativa dos filmes e novelas<\/strong><\/a><\/br><\/div>\n","protected":false},"excerpt":{"rendered":"<p>As Filhas da Senhora Garcia: Val\u00e9ria \u00e9 presa por arma\u00e7\u00e3o de Priscila&#8230; No cap\u00edtulo de As Filhas da Senhora Garcia desta segunda, dia 04, Francisco procura&#8230;<\/p>\n","protected":false},"author":1,"featured_media":80241,"comment_status":"closed","ping_status":"closed","sticky":false,"template":"","format":"standard","meta":{"_uf_show_specific_survey":0,"_uf_disable_surveys":false,"_jetpack_memberships_contains_paid_content":false,"footnotes":"","_wp_rev_ctl_limit":""},"categories":[930],"tags":[931,64,13],"class_list":["post-80238","post","type-post","status-publish","format-standard","has-post-thumbnail","hentry","category-as-filhas-da-senhora-garcia","tag-as-filhas-da-senhora-garcia","tag-novelas","tag-sbt","wpcat-930-id"],"aioseo_notices":[],"jetpack_featured_media_url":"https:\/\/i0.wp.com\/www.tvnovelas.com.br\/tvnews\/wp-content\/uploads\/2025\/08\/11693.jpg?fit=728%2C409&ssl=1","jetpack_shortlink":"https:\/\/wp.me\/pdP2BO-kSa","jetpack_sharing_enabled":true,"_links":{"self":[{"href":"https:\/\/www.tvnovelas.com.br\/tvnews\/wp-json\/wp\/v2\/posts\/80238","targetHints":{"allow":["GET"]}}],"collection":[{"href":"https:\/\/www.tvnovelas.com.br\/tvnews\/wp-json\/wp\/v2\/posts"}],"about":[{"href":"https:\/\/www.tvnovelas.com.br\/tvnews\/wp-json\/wp\/v2\/types\/post"}],"author":[{"embeddable":true,"href":"https:\/\/www.tvnovelas.com.br\/tvnews\/wp-json\/wp\/v2\/users\/1"}],"replies":[{"embeddable":true,"href":"https:\/\/www.tvnovelas.com.br\/tvnews\/wp-json\/wp\/v2\/comments?post=80238"}],"version-history":[{"count":2,"href":"https:\/\/www.tvnovelas.com.br\/tvnews\/wp-json\/wp\/v2\/posts\/80238\/revisions"}],"predecessor-version":[{"id":80242,"href":"https:\/\/www.tvnovelas.com.br\/tvnews\/wp-json\/wp\/v2\/posts\/80238\/revisions\/80242"}],"wp:featuredmedia":[{"embeddable":true,"href":"https:\/\/www.tvnovelas.com.br\/tvnews\/wp-json\/wp\/v2\/media\/80241"}],"wp:attachment":[{"href":"https:\/\/www.tvnovelas.com.br\/tvnews\/wp-json\/wp\/v2\/media?parent=80238"}],"wp:term":[{"taxonomy":"category","embeddable":true,"href":"https:\/\/www.tvnovelas.com.br\/tvnews\/wp-json\/wp\/v2\/categories?post=80238"},{"taxonomy":"post_tag","embeddable":true,"href":"https:\/\/www.tvnovelas.com.br\/tvnews\/wp-json\/wp\/v2\/tags?post=80238"}],"curies":[{"name":"wp","href":"https:\/\/api.w.org\/{rel}","templated":true}]}}