{"id":80272,"date":"2025-08-05T08:21:40","date_gmt":"2025-08-05T11:21:40","guid":{"rendered":"https:\/\/www.tvnovelas.com.br\/tvnews\/?p=80272"},"modified":"2025-08-05T08:21:40","modified_gmt":"2025-08-05T11:21:40","slug":"dona-de-mim-vanderson-abandona-sofia-na-praia","status":"publish","type":"post","link":"https:\/\/www.tvnovelas.com.br\/tvnews\/dona-de-mim-vanderson-abandona-sofia-na-praia\/","title":{"rendered":"Dona de Mim: Vanderson abandona Sofia na praia"},"content":{"rendered":"<figure id=\"attachment_80273\" aria-describedby=\"caption-attachment-80273\" style=\"width: 727px\" class=\"wp-caption alignnone\"><img data-recalc-dims=\"1\" decoding=\"async\" class=\"wp-image-80273 size-full\" title=\"(Foto: TV Globo\/Dona de Mim)\" src=\"https:\/\/i0.wp.com\/www.tvnovelas.com.br\/tvnews\/wp-content\/uploads\/2025\/08\/11696.jpg?resize=727%2C410&#038;ssl=1\" alt=\"Foto em Dona de Mim: Vanderson abandona Sofia na praia\" width=\"727\" height=\"410\" srcset=\"https:\/\/i0.wp.com\/www.tvnovelas.com.br\/tvnews\/wp-content\/uploads\/2025\/08\/11696.jpg?w=727&amp;ssl=1 727w, https:\/\/i0.wp.com\/www.tvnovelas.com.br\/tvnews\/wp-content\/uploads\/2025\/08\/11696.jpg?resize=250%2C141&amp;ssl=1 250w\" sizes=\"(max-width: 727px) 100vw, 727px\" \/><figcaption id=\"caption-attachment-80273\" class=\"wp-caption-text\">Dona de Mim: Vanderson abandona Sofia na praia<\/figcaption><\/figure>\n<p>Em Dona de Mim, Vanderson (Armando Babaioff) trancou Leo (Clara Moneke) e levou Sofia (Elis Cabral) de carro para Grumari para \u201ctroc\u00e1-la\u201d por uma mala de dinheiro com Abel (Tony Ramos). Mas o golpista ir\u00e1 ficar nervoso com a demora do dono da Boaz. E, ap\u00f3s uma liga\u00e7\u00e3o de Jaques, Vanderson vai largar a filha biol\u00f3gica sozinha na praia.<\/p>\n<p>\u201cSeu papai preferido n\u00e3o est\u00e1 me atendendo&#8230; Onde ser\u00e1 que Abel se meteu?\u201d, questiona Vanderson.<\/p>\n<p>\u201cPapai disse que vinha me buscar. Quero que o papai chegue logo\u201d, diz a menina, com medo.<\/p>\n<p>\u201cEu tamb\u00e9m, estou ansioso por isso\u201d, afirma Vanderson.<\/p>\n<p>Depois, Vanderson ir\u00e1 perceber que Sofia levou o celular de Leo e ir\u00e1 brigar com a filha.<\/p>\n<p>\u201cQuem mandou voc\u00ea trazer isso aqui, garota? De quem \u00e9 esse telefone?\u201d, pergunta ele.<\/p>\n<p>\u201cDa Leo. Estava vendo o desfile e trouxe\u201d, reage a menina, espontaneamente.<\/p>\n<p>De repente, uma liga\u00e7\u00e3o de Jaques (Marcello Novaes) mudar\u00e1 tudo. Vanderson acordar\u00e1 Sofia, que dormia no banco de tr\u00e1s do carro, e dir\u00e1 \u00e0 filha que precisar\u00e1 ir embora.<\/p>\n<p>\u201cPapai Abel chegou? Cad\u00ea ele?\u201d, pergunta ela.<\/p>\n<p>\u201cEle est\u00e1 atrasado. Mas eu preciso ir nessa\u201d, afirma.<\/p>\n<p>Vanderson, ent\u00e3o, dar\u00e1 uma \u00faltima orienta\u00e7\u00e3o a Sofia e mandar\u00e1 a menina sair do carro.<\/p>\n<p>\u201cSe voc\u00ea apertar esse bot\u00e3o por um tempo desbloqueia o celular pra fazer uma chamada de emerg\u00eancia, 190. Depois que eu for embora, voc\u00ea conta at\u00e9 dez, faz isso fala seu nome e diz que est\u00e1 na praia de Grumari. Agora sai do carro, por favor.\u201d<\/p>\n<p>\u201cN\u00e3o vai embora! N\u00e3o me deixa sozinha! Pai Vanderson! Me espera!\u201d, grita Sofia.<br \/>\n<!--FIM--><br \/>\n<strong>Sobre a novela<\/strong><br \/>\n<a href=\"https:\/\/wp.me\/pfspD2-UO\" target=\"_blank\" rel=\"noopener\">Dona de Mim: A trama da novela<\/a><br \/>\n<a href=\"https:\/\/wp.me\/pfspD2-UG\" target=\"_blank\" rel=\"noopener\">Dona de Mim: A fam\u00edlia Boaz e seu imp\u00e9rio de lingerie<\/a><\/p>\n<div style=\"font-size: 120%;\"><h3>Confira tamb\u00e9m<\/h3>\r\n<a href=\"https:\/\/tvnovelas.com.br\/novelas\/\" rel=\"noopener\" target=\"_blank\"><strong>Todos os resumos de novelas<\/strong><\/a><\/br>\r\n<a href=\"https:\/\/www.tvnovelas.com.br\/tvnews\/\" rel=\"noopener\" target=\"_blank\"><strong>\u00daltimas not\u00edcias das novelas<\/strong><\/a><\/br>\r\n<a href=\"https:\/\/www.tvnovelas.com.br\/filmes\/\" target=\"_blank\" rel=\"noopener noreferrer\"><strong>Programa\u00e7\u00e3o de filmes na TV aberta<\/strong><\/a><\/br>\r\n<a href=\"https:\/\/caetenews.com.br\/semana\/filmes-da-globo-na-sessao-da-tarde-desta-semana\/\" target=\"_blank\" rel=\"noopener\"><strong>Confira os filmes da semana na Sess\u00e3o da Tarde<\/strong><\/a><\/br>\r\n<a href=\"https:\/\/classindportal.mj.gov.br\/consulta-filmes\" target=\"_blank\" rel=\"noopener\"><strong>Consulte a classifica\u00e7\u00e3o indicativa dos filmes e novelas<\/strong><\/a><\/br><\/div>\n","protected":false},"excerpt":{"rendered":"<p>Dona de Mim: Vanderson abandona Sofia na praia&#8230; Em Dona de Mim, Vanderson (Armando Babaioff) trancou Leo (Clara Moneke) e levou Sofia&#8230;<\/p>\n","protected":false},"author":1,"featured_media":80273,"comment_status":"closed","ping_status":"closed","sticky":false,"template":"","format":"standard","meta":{"_uf_show_specific_survey":0,"_uf_disable_surveys":false,"_jetpack_memberships_contains_paid_content":false,"footnotes":"","_wp_rev_ctl_limit":""},"categories":[884],"tags":[883,5,64],"class_list":["post-80272","post","type-post","status-publish","format-standard","has-post-thumbnail","hentry","category-dona-de-mim","tag-dona-de-mim","tag-globo","tag-novelas","wpcat-884-id"],"aioseo_notices":[],"jetpack_featured_media_url":"https:\/\/i0.wp.com\/www.tvnovelas.com.br\/tvnews\/wp-content\/uploads\/2025\/08\/11696.jpg?fit=727%2C410&ssl=1","jetpack_shortlink":"https:\/\/wp.me\/pdP2BO-kSI","jetpack_sharing_enabled":true,"_links":{"self":[{"href":"https:\/\/www.tvnovelas.com.br\/tvnews\/wp-json\/wp\/v2\/posts\/80272","targetHints":{"allow":["GET"]}}],"collection":[{"href":"https:\/\/www.tvnovelas.com.br\/tvnews\/wp-json\/wp\/v2\/posts"}],"about":[{"href":"https:\/\/www.tvnovelas.com.br\/tvnews\/wp-json\/wp\/v2\/types\/post"}],"author":[{"embeddable":true,"href":"https:\/\/www.tvnovelas.com.br\/tvnews\/wp-json\/wp\/v2\/users\/1"}],"replies":[{"embeddable":true,"href":"https:\/\/www.tvnovelas.com.br\/tvnews\/wp-json\/wp\/v2\/comments?post=80272"}],"version-history":[{"count":1,"href":"https:\/\/www.tvnovelas.com.br\/tvnews\/wp-json\/wp\/v2\/posts\/80272\/revisions"}],"predecessor-version":[{"id":80274,"href":"https:\/\/www.tvnovelas.com.br\/tvnews\/wp-json\/wp\/v2\/posts\/80272\/revisions\/80274"}],"wp:featuredmedia":[{"embeddable":true,"href":"https:\/\/www.tvnovelas.com.br\/tvnews\/wp-json\/wp\/v2\/media\/80273"}],"wp:attachment":[{"href":"https:\/\/www.tvnovelas.com.br\/tvnews\/wp-json\/wp\/v2\/media?parent=80272"}],"wp:term":[{"taxonomy":"category","embeddable":true,"href":"https:\/\/www.tvnovelas.com.br\/tvnews\/wp-json\/wp\/v2\/categories?post=80272"},{"taxonomy":"post_tag","embeddable":true,"href":"https:\/\/www.tvnovelas.com.br\/tvnews\/wp-json\/wp\/v2\/tags?post=80272"}],"curies":[{"name":"wp","href":"https:\/\/api.w.org\/{rel}","templated":true}]}}