{"id":80276,"date":"2025-08-05T08:56:11","date_gmt":"2025-08-05T11:56:11","guid":{"rendered":"https:\/\/www.tvnovelas.com.br\/tvnews\/?p=80276"},"modified":"2025-08-05T08:56:11","modified_gmt":"2025-08-05T11:56:11","slug":"vale-tudo-afonso-e-solange-passam-a-noite-juntos","status":"publish","type":"post","link":"https:\/\/www.tvnovelas.com.br\/tvnews\/vale-tudo-afonso-e-solange-passam-a-noite-juntos\/","title":{"rendered":"Vale Tudo: Afonso e Solange  passam a noite juntos"},"content":{"rendered":"<figure id=\"attachment_80278\" aria-describedby=\"caption-attachment-80278\" style=\"width: 728px\" class=\"wp-caption alignnone\"><img data-recalc-dims=\"1\" decoding=\"async\" class=\"wp-image-80278 size-full\" title=\"(Foto: TV Globo\/Vale Tudo)\" src=\"https:\/\/i0.wp.com\/www.tvnovelas.com.br\/tvnews\/wp-content\/uploads\/2025\/08\/11697.jpg?resize=728%2C410&#038;ssl=1\" alt=\"Foto em Vale Tudo: Afonso e Solange passam a noite juntos\" width=\"728\" height=\"410\" srcset=\"https:\/\/i0.wp.com\/www.tvnovelas.com.br\/tvnews\/wp-content\/uploads\/2025\/08\/11697.jpg?w=728&amp;ssl=1 728w, https:\/\/i0.wp.com\/www.tvnovelas.com.br\/tvnews\/wp-content\/uploads\/2025\/08\/11697.jpg?resize=250%2C141&amp;ssl=1 250w\" sizes=\"(max-width: 728px) 100vw, 728px\" \/><figcaption id=\"caption-attachment-80278\" class=\"wp-caption-text\">Vale Tudo: Afonso e Solange passam a noite juntos<\/figcaption><\/figure>\n<p>Em Vale Tudo, uma festa que vai agitar. F\u00e1tima (Bella Campos) e Afonso (Humberto Carr\u00e3o), C\u00e9sar (Cau\u00e3 Reymond) muito bem acompanhado, Sardinha (Lucas Leto) e Solange (Alice Wegmann). J\u00e1 d\u00e1 para sentir o clima&#8230;.<\/p>\n<p>F\u00e1tima, que j\u00e1 n\u00e3o estava muito a fim de ir, vai ficar furiosa ao ver C\u00e9sar acompanhado. O modelo n\u00e3o vai dar a menor a import\u00e2ncia para a amante. Furiosa, ela decide ir embora e deixa Afonso, que j\u00e1 andou bebendo demais, sozinho na balada. Quer dizer, sozinho n\u00e3o, com Solange, que tamb\u00e9m \u00e9 \u201cabandonada\u201d por Sardinha.<\/p>\n<p>Na sa\u00edda, os dois se encontram e Solange percebe que Afonso n\u00e3o est\u00e1 em condi\u00e7\u00f5es de ir embora sozinho.<\/p>\n<p>\u201cEu acabei de pedir um carro pra mim, mas posso botar pra ele te deixar depois.\u201d<\/p>\n<p>Afonso aceita a proposta, mas pede para tomar um caf\u00e9 na casa da ex antes de ir para casa.<\/p>\n<p>\u201cAh, tanto tempo que a gente n\u00e3o se v\u00ea. De repente a gente conversa um pouco. Assim que eu melhorar, eu vou pra casa.\u201d<\/p>\n<p>Solange topa e o caf\u00e9 acaba virando uma noite de recorda\u00e7\u00f5es entre os dois, que n\u00e3o resistem e v\u00e3o para a cama. S\u00f3 que no dia seguinte, Afonso acorda assustado e n\u00e3o tem l\u00e1 uma atitude muito legal com ela.<\/p>\n<p>\u201cSolange, eu sei que vai soar meio&#8230; Mas eu n\u00e3o tive inten\u00e7\u00e3o nenhuma de&#8230;\u201d<\/p>\n<p>\u201cPra mim, voc\u00ea n\u00e3o precisa dar explica\u00e7\u00e3o nenhuma, viu Afonso? Eu n\u00e3o sei o que estava passando pela minha cabe\u00e7a pra&#8230;\u201d<\/p>\n<p>\u201cQuer dizer, eu sou casado, n\u00e3o deveria ter acontecido. Mas&#8230; S\u00f3 n\u00e3o pode acontecer de novo.\u201d<\/p>\n<p>\u201cClaro que n\u00e3o. Quem disse que eu quero te ver de novo? Melhor voc\u00ea correr.\u201d<br \/>\n<!--FIM--><br \/>\n<strong>Sobre a novela<\/strong><br \/>\n<a href=\"https:\/\/wp.me\/pfspD2-U7\" target=\"_blank\" rel=\"noopener\">Vale Tudo: Conflitos de princ\u00edpios e valores (Sinopse)<\/a><\/p>\n<p><a href=\"https:\/\/wp.me\/pfspD2-oI\" target=\"_blank\" rel=\"noopener\">Vale Tudo: Invers\u00e3o de valores no final dos anos 1980<\/a> (Sinopse)<\/p>\n<div style=\"font-size: 120%;\"><h3>Confira tamb\u00e9m<\/h3>\r\n<a href=\"https:\/\/tvnovelas.com.br\/novelas\/\" rel=\"noopener\" target=\"_blank\"><strong>Todos os resumos de novelas<\/strong><\/a><\/br>\r\n<a href=\"https:\/\/www.tvnovelas.com.br\/tvnews\/\" rel=\"noopener\" target=\"_blank\"><strong>\u00daltimas not\u00edcias das novelas<\/strong><\/a><\/br>\r\n<a href=\"https:\/\/www.tvnovelas.com.br\/filmes\/\" target=\"_blank\" rel=\"noopener noreferrer\"><strong>Programa\u00e7\u00e3o de filmes na TV aberta<\/strong><\/a><\/br>\r\n<a href=\"https:\/\/caetenews.com.br\/semana\/filmes-da-globo-na-sessao-da-tarde-desta-semana\/\" target=\"_blank\" rel=\"noopener\"><strong>Confira os filmes da semana na Sess\u00e3o da Tarde<\/strong><\/a><\/br>\r\n<a href=\"https:\/\/classindportal.mj.gov.br\/consulta-filmes\" target=\"_blank\" rel=\"noopener\"><strong>Consulte a classifica\u00e7\u00e3o indicativa dos filmes e novelas<\/strong><\/a><\/br><br \/>\n&lt;\/div<\/div>\n","protected":false},"excerpt":{"rendered":"<p>Vale Tudo: Afonso e Solange  passam a noite juntos&#8230; Em Vale Tudo, uma festa que vai agitar. F\u00e1tima (Bella Campos) e Afonso (Humberto Carr\u00e3o), C\u00e9sar&#8230;<\/p>\n","protected":false},"author":1,"featured_media":80278,"comment_status":"closed","ping_status":"closed","sticky":false,"template":"","format":"standard","meta":{"_uf_show_specific_survey":0,"_uf_disable_surveys":false,"_jetpack_memberships_contains_paid_content":false,"footnotes":"","_wp_rev_ctl_limit":""},"categories":[871],"tags":[5,64,801],"class_list":["post-80276","post","type-post","status-publish","format-standard","has-post-thumbnail","hentry","category-vale-tudo","tag-globo","tag-novelas","tag-vale-tudo","wpcat-871-id"],"aioseo_notices":[],"jetpack_featured_media_url":"https:\/\/i0.wp.com\/www.tvnovelas.com.br\/tvnews\/wp-content\/uploads\/2025\/08\/11697.jpg?fit=728%2C410&ssl=1","jetpack_shortlink":"https:\/\/wp.me\/pdP2BO-kSM","jetpack_sharing_enabled":true,"_links":{"self":[{"href":"https:\/\/www.tvnovelas.com.br\/tvnews\/wp-json\/wp\/v2\/posts\/80276","targetHints":{"allow":["GET"]}}],"collection":[{"href":"https:\/\/www.tvnovelas.com.br\/tvnews\/wp-json\/wp\/v2\/posts"}],"about":[{"href":"https:\/\/www.tvnovelas.com.br\/tvnews\/wp-json\/wp\/v2\/types\/post"}],"author":[{"embeddable":true,"href":"https:\/\/www.tvnovelas.com.br\/tvnews\/wp-json\/wp\/v2\/users\/1"}],"replies":[{"embeddable":true,"href":"https:\/\/www.tvnovelas.com.br\/tvnews\/wp-json\/wp\/v2\/comments?post=80276"}],"version-history":[{"count":2,"href":"https:\/\/www.tvnovelas.com.br\/tvnews\/wp-json\/wp\/v2\/posts\/80276\/revisions"}],"predecessor-version":[{"id":80280,"href":"https:\/\/www.tvnovelas.com.br\/tvnews\/wp-json\/wp\/v2\/posts\/80276\/revisions\/80280"}],"wp:featuredmedia":[{"embeddable":true,"href":"https:\/\/www.tvnovelas.com.br\/tvnews\/wp-json\/wp\/v2\/media\/80278"}],"wp:attachment":[{"href":"https:\/\/www.tvnovelas.com.br\/tvnews\/wp-json\/wp\/v2\/media?parent=80276"}],"wp:term":[{"taxonomy":"category","embeddable":true,"href":"https:\/\/www.tvnovelas.com.br\/tvnews\/wp-json\/wp\/v2\/categories?post=80276"},{"taxonomy":"post_tag","embeddable":true,"href":"https:\/\/www.tvnovelas.com.br\/tvnews\/wp-json\/wp\/v2\/tags?post=80276"}],"curies":[{"name":"wp","href":"https:\/\/api.w.org\/{rel}","templated":true}]}}