{"id":80295,"date":"2025-08-05T11:23:48","date_gmt":"2025-08-05T14:23:48","guid":{"rendered":"https:\/\/www.tvnovelas.com.br\/tvnews\/?p=80295"},"modified":"2025-08-05T11:23:48","modified_gmt":"2025-08-05T14:23:48","slug":"eta-mundo-melhor-assalto-de-zulma-e-zenaidee-da-errado","status":"publish","type":"post","link":"https:\/\/www.tvnovelas.com.br\/tvnews\/eta-mundo-melhor-assalto-de-zulma-e-zenaidee-da-errado\/","title":{"rendered":"\u00cata Mundo Melhor!: Assalto de Zulma e Zenaidee d\u00e1 errado"},"content":{"rendered":"<figure id=\"attachment_80296\" aria-describedby=\"caption-attachment-80296\" style=\"width: 728px\" class=\"wp-caption alignnone\"><img data-recalc-dims=\"1\" decoding=\"async\" class=\"wp-image-80296 size-full\" title=\"(Foto: TV Globo\/\u00cata Mundo Melhor!)\" src=\"https:\/\/i0.wp.com\/www.tvnovelas.com.br\/tvnews\/wp-content\/uploads\/2025\/08\/11700.jpg?resize=728%2C410&#038;ssl=1\" alt=\"Foto em \u00cata Mundo Melhor!: Assalto de Zulma e Zenaidee d\u00e1 errado\" width=\"728\" height=\"410\" srcset=\"https:\/\/i0.wp.com\/www.tvnovelas.com.br\/tvnews\/wp-content\/uploads\/2025\/08\/11700.jpg?w=728&amp;ssl=1 728w, https:\/\/i0.wp.com\/www.tvnovelas.com.br\/tvnews\/wp-content\/uploads\/2025\/08\/11700.jpg?resize=250%2C141&amp;ssl=1 250w\" sizes=\"(max-width: 728px) 100vw, 728px\" \/><figcaption id=\"caption-attachment-80296\" class=\"wp-caption-text\">\u00cata Mundo Melhor!: Assalto de Zulma e Zenaidee d\u00e1 errado<\/figcaption><\/figure>\n<p>Em \u00cata Mundo Melhor!, Candinho (Sergio Guiz\u00e9) est\u00e1 preparando uma grande festa de anivers\u00e1rio para Samir (Davi Malizia) e todo o orfanato foi convidado. Mas tem um detalhe: as crian\u00e7as n\u00e3o t\u00eam roupas apropriadas para o evento. Para dar um jeito nisso, Zulma (Heloisa P\u00e9riss\u00e9) vai at\u00e9 a uma loja de roupas e, acompanhada de Zenaide (Evelyn Castro), tenta conseguir as pe\u00e7as no trambique.<\/p>\n<p>Fingindo ser uma vendedora, Zulma oferece um livro ao funcion\u00e1rio para tentar distra\u00ed-lo:<\/p>\n<p>&#8220;Bom dia, meu senhor. Hoje \u00e9 o seu dia de sorte. Estou aqui para vender o Livro do Cora\u00e7\u00e3o. E o pre\u00e7o est\u00e1 uma pechincha!&#8221;<\/p>\n<p>Enquanto isso, Zenaide faz a limpa na loja e rouba v\u00e1rias roupas, incluindo, gravatas para os meninos. Depois, as duas se despedem do homem e v\u00e3o na dire\u00e7\u00e3o da porta. Contudo, Zenaide deixa a sacola cair e as pe\u00e7as s\u00e3o reveladas.<\/p>\n<p>&#8220;Mas o que \u00e9 isso? Est\u00e3o me roubando!&#8221;, acusa o vendedor.<\/p>\n<p>&#8220;Corre, Zenaide!&#8221;, ordena Zulma.<\/p>\n<p>Mas a fuga n\u00e3o acontece de forma tranquila e um policial aparece em frente \u00e0 loja, apitando para a dupla.<\/p>\n<p>Mas a dupla consegue escapar&#8230;.<br \/>\n<!--FIM--><\/p>\n<h2>Sobre a novela:<\/h2>\n<p><a href=\"https:\/\/tvnovelas.com.br\/page2\/arquivo\/eta-mundo-melhor-a-volta-de-candinho-e-policarpo\/&quot;\" target=\"_blank\" rel=\"noopener\">\u00cata Mundo Melhor!: A volta de Candinho e Policarpo<\/a> (Sinopse)<br \/>\n<a href=\"https:\/\/pt.wikipedia.org\/wiki\/%C3%8Ata_Mundo_Melhor!\" target=\"_blank\" rel=\"noopener\">Sobre \u00cata Mundo Melhor!, na Wikipedia<\/a><\/p>\n<div style=\"font-size: 120%;\"><h3>Confira tamb\u00e9m<\/h3>\r\n<a href=\"https:\/\/tvnovelas.com.br\/novelas\/\" rel=\"noopener\" target=\"_blank\"><strong>Todos os resumos de novelas<\/strong><\/a><\/br>\r\n<a href=\"https:\/\/www.tvnovelas.com.br\/tvnews\/\" rel=\"noopener\" target=\"_blank\"><strong>\u00daltimas not\u00edcias das novelas<\/strong><\/a><\/br>\r\n<a href=\"https:\/\/www.tvnovelas.com.br\/filmes\/\" target=\"_blank\" rel=\"noopener noreferrer\"><strong>Programa\u00e7\u00e3o de filmes na TV aberta<\/strong><\/a><\/br>\r\n<a href=\"https:\/\/caetenews.com.br\/semana\/filmes-da-globo-na-sessao-da-tarde-desta-semana\/\" target=\"_blank\" rel=\"noopener\"><strong>Confira os filmes da semana na Sess\u00e3o da Tarde<\/strong><\/a><\/br>\r\n<a href=\"https:\/\/classindportal.mj.gov.br\/consulta-filmes\" target=\"_blank\" rel=\"noopener\"><strong>Consulte a classifica\u00e7\u00e3o indicativa dos filmes e novelas<\/strong><\/a><\/br><\/div>\n","protected":false},"excerpt":{"rendered":"<p>\u00cata Mundo Melhor!: Assalto de Zulma e Zenaidee d\u00e1 errado&#8230; Em \u00cata Mundo Melhor!, Candinho (Sergio Guiz\u00e9) est\u00e1 preparando uma grande festa&#8230;<\/p>\n","protected":false},"author":1,"featured_media":80296,"comment_status":"closed","ping_status":"closed","sticky":false,"template":"","format":"standard","meta":{"_uf_show_specific_survey":0,"_uf_disable_surveys":false,"_jetpack_memberships_contains_paid_content":false,"footnotes":"","_wp_rev_ctl_limit":""},"categories":[920],"tags":[921,5,64],"class_list":["post-80295","post","type-post","status-publish","format-standard","has-post-thumbnail","hentry","category-eta-mundo-melhor","tag-eta-mundo-melhor","tag-globo","tag-novelas","wpcat-920-id"],"aioseo_notices":[],"jetpack_featured_media_url":"https:\/\/i0.wp.com\/www.tvnovelas.com.br\/tvnews\/wp-content\/uploads\/2025\/08\/11700.jpg?fit=728%2C410&ssl=1","jetpack_shortlink":"https:\/\/wp.me\/pdP2BO-kT5","jetpack_sharing_enabled":true,"_links":{"self":[{"href":"https:\/\/www.tvnovelas.com.br\/tvnews\/wp-json\/wp\/v2\/posts\/80295","targetHints":{"allow":["GET"]}}],"collection":[{"href":"https:\/\/www.tvnovelas.com.br\/tvnews\/wp-json\/wp\/v2\/posts"}],"about":[{"href":"https:\/\/www.tvnovelas.com.br\/tvnews\/wp-json\/wp\/v2\/types\/post"}],"author":[{"embeddable":true,"href":"https:\/\/www.tvnovelas.com.br\/tvnews\/wp-json\/wp\/v2\/users\/1"}],"replies":[{"embeddable":true,"href":"https:\/\/www.tvnovelas.com.br\/tvnews\/wp-json\/wp\/v2\/comments?post=80295"}],"version-history":[{"count":1,"href":"https:\/\/www.tvnovelas.com.br\/tvnews\/wp-json\/wp\/v2\/posts\/80295\/revisions"}],"predecessor-version":[{"id":80297,"href":"https:\/\/www.tvnovelas.com.br\/tvnews\/wp-json\/wp\/v2\/posts\/80295\/revisions\/80297"}],"wp:featuredmedia":[{"embeddable":true,"href":"https:\/\/www.tvnovelas.com.br\/tvnews\/wp-json\/wp\/v2\/media\/80296"}],"wp:attachment":[{"href":"https:\/\/www.tvnovelas.com.br\/tvnews\/wp-json\/wp\/v2\/media?parent=80295"}],"wp:term":[{"taxonomy":"category","embeddable":true,"href":"https:\/\/www.tvnovelas.com.br\/tvnews\/wp-json\/wp\/v2\/categories?post=80295"},{"taxonomy":"post_tag","embeddable":true,"href":"https:\/\/www.tvnovelas.com.br\/tvnews\/wp-json\/wp\/v2\/tags?post=80295"}],"curies":[{"name":"wp","href":"https:\/\/api.w.org\/{rel}","templated":true}]}}