{"id":80301,"date":"2025-08-05T13:02:48","date_gmt":"2025-08-05T16:02:48","guid":{"rendered":"https:\/\/www.tvnovelas.com.br\/tvnews\/?p=80301"},"modified":"2025-08-05T13:02:48","modified_gmt":"2025-08-05T16:02:48","slug":"dona-de-mim-jaques-tenta-incriminar-vanderson-por-sabotagem-no-carro-de-abel","status":"publish","type":"post","link":"https:\/\/www.tvnovelas.com.br\/tvnews\/dona-de-mim-jaques-tenta-incriminar-vanderson-por-sabotagem-no-carro-de-abel\/","title":{"rendered":"Dona de Mim: Jaques tenta incriminar Vanderson por sabotagem no carro de Abel"},"content":{"rendered":"<figure id=\"attachment_80302\" aria-describedby=\"caption-attachment-80302\" style=\"width: 727px\" class=\"wp-caption alignnone\"><img data-recalc-dims=\"1\" decoding=\"async\" class=\"wp-image-80302 size-full\" title=\"(Foto: TV Globo\/Dona de Mim)\" src=\"https:\/\/i0.wp.com\/www.tvnovelas.com.br\/tvnews\/wp-content\/uploads\/2025\/08\/11701.jpg?resize=727%2C410&#038;ssl=1\" alt=\"Foto em Dona de Mim: Jaques tenta incriminar Vanderson por sabotagem no carro de Abel\" width=\"727\" height=\"410\" srcset=\"https:\/\/i0.wp.com\/www.tvnovelas.com.br\/tvnews\/wp-content\/uploads\/2025\/08\/11701.jpg?w=727&amp;ssl=1 727w, https:\/\/i0.wp.com\/www.tvnovelas.com.br\/tvnews\/wp-content\/uploads\/2025\/08\/11701.jpg?resize=250%2C141&amp;ssl=1 250w\" sizes=\"(max-width: 727px) 100vw, 727px\" \/><figcaption id=\"caption-attachment-80302\" class=\"wp-caption-text\">Dona de Mim: Jaques tenta incriminar Vanderson por sabotagem no carro de Abel<\/figcaption><\/figure>\n<p>Em Dona de Mim, Jaques (Marcello Novaes) teve a coragem de cortar os freios do carro usado pelo seu pr\u00f3prio irm\u00e3o, Abel (Tony Ramos). E vai ainda mais longe. Para se livrar do crime, o vil\u00e3o ir\u00e1 plantar uma prova contra Vanderson (Armando Babaioff) no estacionamento da f\u00e1brica para incriminar o ex-comparsa.<\/p>\n<p>Sem se preocupar com o que pode ter acontecido com Abel ap\u00f3s ter sabotado o carro dele, Jaques vai dar um jeito apenas de se livrar da culpa. Em seu apartamento, ele ir\u00e1 encontrar o canivete de Vanderson e ter uma ideia.<\/p>\n<p>\u201cAquele canivete n\u00e3o \u00e9 do Vanderson? Voc\u00ea n\u00e3o tocou nele, tocou?\u201d, pergunta Jaques para T\u00e2nia (Aline Borges).<br \/>\nJaques, ent\u00e3o, enrolar\u00e1 o canivete em um pano e o colocar\u00e1 dentro de um saco pl\u00e1stico com o cuidado de n\u00e3o tocar no objeto pertencente ao golpista.<\/p>\n<p>\u201cEu vou ter que ir at\u00e9 a f\u00e1brica. V\u00e3o ver as c\u00e2meras desligadas na segunda de manh\u00e3. Tem que ser agora\u201d, diz ele.<\/p>\n<p>Logo depois, Jaques chegar\u00e1 \u00e0 Boaz para plantar o canivete no local onde estava o carro de Abel, mas dar\u00e1 de cara com Samuel (Juan Paiva) e Filipa (Cl\u00e1udia Abreu). Ap\u00f3s uma breve discuss\u00e3o, ele pegar\u00e1 o canivete e jogar\u00e1 no local onde haver\u00e1 uma mancha de \u00f3leo.<\/p>\n<p>Depois, Jaques ainda ligar\u00e1 para Vanderson para lhe dar a \u201cnot\u00edcia\u201d de que ele ser\u00e1 incriminado pelo acidente com o carro de Abel.<\/p>\n<p>\u201cVai ser dif\u00edcil explicar pra pol\u00edcia porque o Abel estava indo te encontrar no meio da noite. E vai ser mais chato ainda quando acharem um canivete com as suas digitais na garagem da Boaz\u201d, afirma Jaques, pelo telefone.<\/p>\n<p>\u201cFilho da m\u00e3e\u201d, reage Vanderson.<br \/>\n<!--FIM--><br \/>\n<strong>Sobre a novela<\/strong><br \/>\n<a href=\"https:\/\/wp.me\/pfspD2-UO\" target=\"_blank\" rel=\"noopener\">Dona de Mim: A trama da novela<\/a><br \/>\n<a href=\"https:\/\/wp.me\/pfspD2-UG\" target=\"_blank\" rel=\"noopener\">Dona de Mim: A fam\u00edlia Boaz e seu imp\u00e9rio de lingerie<\/a><\/p>\n<div style=\"font-size: 120%;\"><h3>Confira tamb\u00e9m<\/h3>\r\n<a href=\"https:\/\/tvnovelas.com.br\/novelas\/\" rel=\"noopener\" target=\"_blank\"><strong>Todos os resumos de novelas<\/strong><\/a><\/br>\r\n<a href=\"https:\/\/www.tvnovelas.com.br\/tvnews\/\" rel=\"noopener\" target=\"_blank\"><strong>\u00daltimas not\u00edcias das novelas<\/strong><\/a><\/br>\r\n<a href=\"https:\/\/www.tvnovelas.com.br\/filmes\/\" target=\"_blank\" rel=\"noopener noreferrer\"><strong>Programa\u00e7\u00e3o de filmes na TV aberta<\/strong><\/a><\/br>\r\n<a href=\"https:\/\/caetenews.com.br\/semana\/filmes-da-globo-na-sessao-da-tarde-desta-semana\/\" target=\"_blank\" rel=\"noopener\"><strong>Confira os filmes da semana na Sess\u00e3o da Tarde<\/strong><\/a><\/br>\r\n<a href=\"https:\/\/classindportal.mj.gov.br\/consulta-filmes\" target=\"_blank\" rel=\"noopener\"><strong>Consulte a classifica\u00e7\u00e3o indicativa dos filmes e novelas<\/strong><\/a><\/br><\/div>\n","protected":false},"excerpt":{"rendered":"<p>Dona de Mim: Jaques tenta incriminar Vanderson por sabotagem no carro de Abel&#8230; Em Dona de Mim, Jaques (Marcello Novaes) teve a coragem&#8230;<\/p>\n","protected":false},"author":1,"featured_media":80302,"comment_status":"closed","ping_status":"closed","sticky":false,"template":"","format":"standard","meta":{"_uf_show_specific_survey":0,"_uf_disable_surveys":false,"_jetpack_memberships_contains_paid_content":false,"footnotes":"","_wp_rev_ctl_limit":""},"categories":[884],"tags":[883,5,64],"class_list":["post-80301","post","type-post","status-publish","format-standard","has-post-thumbnail","hentry","category-dona-de-mim","tag-dona-de-mim","tag-globo","tag-novelas","wpcat-884-id"],"aioseo_notices":[],"jetpack_featured_media_url":"https:\/\/i0.wp.com\/www.tvnovelas.com.br\/tvnews\/wp-content\/uploads\/2025\/08\/11701.jpg?fit=727%2C410&ssl=1","jetpack_shortlink":"https:\/\/wp.me\/pdP2BO-kTb","jetpack_sharing_enabled":true,"_links":{"self":[{"href":"https:\/\/www.tvnovelas.com.br\/tvnews\/wp-json\/wp\/v2\/posts\/80301","targetHints":{"allow":["GET"]}}],"collection":[{"href":"https:\/\/www.tvnovelas.com.br\/tvnews\/wp-json\/wp\/v2\/posts"}],"about":[{"href":"https:\/\/www.tvnovelas.com.br\/tvnews\/wp-json\/wp\/v2\/types\/post"}],"author":[{"embeddable":true,"href":"https:\/\/www.tvnovelas.com.br\/tvnews\/wp-json\/wp\/v2\/users\/1"}],"replies":[{"embeddable":true,"href":"https:\/\/www.tvnovelas.com.br\/tvnews\/wp-json\/wp\/v2\/comments?post=80301"}],"version-history":[{"count":1,"href":"https:\/\/www.tvnovelas.com.br\/tvnews\/wp-json\/wp\/v2\/posts\/80301\/revisions"}],"predecessor-version":[{"id":80303,"href":"https:\/\/www.tvnovelas.com.br\/tvnews\/wp-json\/wp\/v2\/posts\/80301\/revisions\/80303"}],"wp:featuredmedia":[{"embeddable":true,"href":"https:\/\/www.tvnovelas.com.br\/tvnews\/wp-json\/wp\/v2\/media\/80302"}],"wp:attachment":[{"href":"https:\/\/www.tvnovelas.com.br\/tvnews\/wp-json\/wp\/v2\/media?parent=80301"}],"wp:term":[{"taxonomy":"category","embeddable":true,"href":"https:\/\/www.tvnovelas.com.br\/tvnews\/wp-json\/wp\/v2\/categories?post=80301"},{"taxonomy":"post_tag","embeddable":true,"href":"https:\/\/www.tvnovelas.com.br\/tvnews\/wp-json\/wp\/v2\/tags?post=80301"}],"curies":[{"name":"wp","href":"https:\/\/api.w.org\/{rel}","templated":true}]}}