{"id":80309,"date":"2025-08-05T13:52:29","date_gmt":"2025-08-05T16:52:29","guid":{"rendered":"https:\/\/www.tvnovelas.com.br\/tvnews\/?p=80309"},"modified":"2025-08-05T13:52:29","modified_gmt":"2025-08-05T16:52:29","slug":"vale-tudo-odete-acaba-com-perfil-de-fatima-nas-redes-sociais","status":"publish","type":"post","link":"https:\/\/www.tvnovelas.com.br\/tvnews\/vale-tudo-odete-acaba-com-perfil-de-fatima-nas-redes-sociais\/","title":{"rendered":"Vale Tudo: Odete acaba com perfil de F\u00e1tima nas redes sociais"},"content":{"rendered":"<figure id=\"attachment_80311\" aria-describedby=\"caption-attachment-80311\" style=\"width: 728px\" class=\"wp-caption alignnone\"><img data-recalc-dims=\"1\" decoding=\"async\" class=\"wp-image-80311 size-full\" title=\"(Foto: TV Globo\/Vale Tudo)\" src=\"https:\/\/i0.wp.com\/www.tvnovelas.com.br\/tvnews\/wp-content\/uploads\/2025\/08\/11703.jpg?resize=728%2C410&#038;ssl=1\" alt=\"Foto em Vale Tudo: Odete acaba com perfil de F\u00e1tima nas redes sociais\" width=\"728\" height=\"410\" srcset=\"https:\/\/i0.wp.com\/www.tvnovelas.com.br\/tvnews\/wp-content\/uploads\/2025\/08\/11703.jpg?w=728&amp;ssl=1 728w, https:\/\/i0.wp.com\/www.tvnovelas.com.br\/tvnews\/wp-content\/uploads\/2025\/08\/11703.jpg?resize=250%2C141&amp;ssl=1 250w\" sizes=\"(max-width: 728px) 100vw, 728px\" \/><figcaption id=\"caption-attachment-80311\" class=\"wp-caption-text\">Vale Tudo: Odete acaba com perfil de F\u00e1tima nas redes sociais<\/figcaption><\/figure>\n<p>Em Vale Tudo, Na sua fixa\u00e7\u00e3o para virar uma influencer de sucesso, F\u00e1tima (Bella Campos) esqueceu apenas de uma li\u00e7\u00e3o b\u00e1sica: nunca incomodar Odete Roitman (Debora Bloch). A gata vai pagar um alto pre\u00e7o por ter tirado a tranquilidade da poderosa da TCA.<\/p>\n<p>F\u00e1tima teve a p\u00e9ssima ideia de postar nas instala\u00e7\u00f5es da TCA. Odete, claro, n\u00e3o gostou nem um pouco da exposi\u00e7\u00e3o e obrigou a nora apagar a publica\u00e7\u00e3o. Furiosa, a vil\u00e3 decidiu fazer um post contra a \u201ccensura\u201d que sofreu dentro da pr\u00f3pria fam\u00edlia. \u00c9 claro que a poderosa do cl\u00e3 vai gostar menos ainda.<\/p>\n<p>\u201cEu n\u00e3o t\u00f4 desafiando ningu\u00e9m, Odete. Isso \u00e9 uma brincadeira!\u201d, vai se defender F\u00e1tima.<\/p>\n<p>\u201cBrincadeira de p\u00e9ssimo gosto. E voc\u00ea vai apagar agora\u201d, ordena Odete.<\/p>\n<p>\u201cApagar o meu post?! Mas eu&#8230;\u201d<\/p>\n<p>Odete interrompe F\u00e1tima para esclarecer sua ordem:<\/p>\n<p>\u201cN\u00e3o \u00e9 o post que voc\u00ea vai apagar n\u00e3o, F\u00e1tima, \u00e9 o perfil inteiro!\u201d<\/p>\n<p>F\u00e1tima tenta usar todos os seus argumentos para fazer a sogra mudar de ideia. Vendo que perdeu o jogo, ela logo \u201cmuda de ideia\u201d.<\/p>\n<p>\u201cSabe que eu acho que a senhora tem raz\u00e3o, dona Odete&#8230; E pensando por esse lado, n\u00e3o estava mais me fazendo bem mesmo.\u201d<br \/>\n\u201cEu gosto de voc\u00ea, F\u00e1tima, porque voc\u00ea \u00e9 r\u00e1pida\u201d, elogia Odete.<br \/>\n<!--FIM--><br \/>\n<strong>Sobre a novela<\/strong><br \/>\n<a href=\"https:\/\/wp.me\/pfspD2-U7\" target=\"_blank\" rel=\"noopener\">Vale Tudo: Conflitos de princ\u00edpios e valores (Sinopse)<\/a><\/p>\n<p><a href=\"https:\/\/wp.me\/pfspD2-oI\" target=\"_blank\" rel=\"noopener\">Vale Tudo: Invers\u00e3o de valores no final dos anos 1980<\/a> (Sinopse)<\/p>\n<div style=\"font-size: 120%;\"><h3>Confira tamb\u00e9m<\/h3>\r\n<a href=\"https:\/\/tvnovelas.com.br\/novelas\/\" rel=\"noopener\" target=\"_blank\"><strong>Todos os resumos de novelas<\/strong><\/a><\/br>\r\n<a href=\"https:\/\/www.tvnovelas.com.br\/tvnews\/\" rel=\"noopener\" target=\"_blank\"><strong>\u00daltimas not\u00edcias das novelas<\/strong><\/a><\/br>\r\n<a href=\"https:\/\/www.tvnovelas.com.br\/filmes\/\" target=\"_blank\" rel=\"noopener noreferrer\"><strong>Programa\u00e7\u00e3o de filmes na TV aberta<\/strong><\/a><\/br>\r\n<a href=\"https:\/\/caetenews.com.br\/semana\/filmes-da-globo-na-sessao-da-tarde-desta-semana\/\" target=\"_blank\" rel=\"noopener\"><strong>Confira os filmes da semana na Sess\u00e3o da Tarde<\/strong><\/a><\/br>\r\n<a href=\"https:\/\/classindportal.mj.gov.br\/consulta-filmes\" target=\"_blank\" rel=\"noopener\"><strong>Consulte a classifica\u00e7\u00e3o indicativa dos filmes e novelas<\/strong><\/a><\/br><br \/>\n&lt;\/div<\/div>\n","protected":false},"excerpt":{"rendered":"<p>Vale Tudo: Odete acaba com perfil de F\u00e1tima nas redes sociais&#8230; Em Vale Tudo, Na sua fixa\u00e7\u00e3o para virar uma influencer de sucesso, F\u00e1tima&#8230;<\/p>\n","protected":false},"author":1,"featured_media":80311,"comment_status":"closed","ping_status":"closed","sticky":false,"template":"","format":"standard","meta":{"_uf_show_specific_survey":0,"_uf_disable_surveys":false,"_jetpack_memberships_contains_paid_content":false,"footnotes":"","_wp_rev_ctl_limit":""},"categories":[871],"tags":[5,64,801],"class_list":["post-80309","post","type-post","status-publish","format-standard","has-post-thumbnail","hentry","category-vale-tudo","tag-globo","tag-novelas","tag-vale-tudo","wpcat-871-id"],"aioseo_notices":[],"jetpack_featured_media_url":"https:\/\/i0.wp.com\/www.tvnovelas.com.br\/tvnews\/wp-content\/uploads\/2025\/08\/11703.jpg?fit=728%2C410&ssl=1","jetpack_shortlink":"https:\/\/wp.me\/pdP2BO-kTj","jetpack_sharing_enabled":true,"_links":{"self":[{"href":"https:\/\/www.tvnovelas.com.br\/tvnews\/wp-json\/wp\/v2\/posts\/80309","targetHints":{"allow":["GET"]}}],"collection":[{"href":"https:\/\/www.tvnovelas.com.br\/tvnews\/wp-json\/wp\/v2\/posts"}],"about":[{"href":"https:\/\/www.tvnovelas.com.br\/tvnews\/wp-json\/wp\/v2\/types\/post"}],"author":[{"embeddable":true,"href":"https:\/\/www.tvnovelas.com.br\/tvnews\/wp-json\/wp\/v2\/users\/1"}],"replies":[{"embeddable":true,"href":"https:\/\/www.tvnovelas.com.br\/tvnews\/wp-json\/wp\/v2\/comments?post=80309"}],"version-history":[{"count":1,"href":"https:\/\/www.tvnovelas.com.br\/tvnews\/wp-json\/wp\/v2\/posts\/80309\/revisions"}],"predecessor-version":[{"id":80312,"href":"https:\/\/www.tvnovelas.com.br\/tvnews\/wp-json\/wp\/v2\/posts\/80309\/revisions\/80312"}],"wp:featuredmedia":[{"embeddable":true,"href":"https:\/\/www.tvnovelas.com.br\/tvnews\/wp-json\/wp\/v2\/media\/80311"}],"wp:attachment":[{"href":"https:\/\/www.tvnovelas.com.br\/tvnews\/wp-json\/wp\/v2\/media?parent=80309"}],"wp:term":[{"taxonomy":"category","embeddable":true,"href":"https:\/\/www.tvnovelas.com.br\/tvnews\/wp-json\/wp\/v2\/categories?post=80309"},{"taxonomy":"post_tag","embeddable":true,"href":"https:\/\/www.tvnovelas.com.br\/tvnews\/wp-json\/wp\/v2\/tags?post=80309"}],"curies":[{"name":"wp","href":"https:\/\/api.w.org\/{rel}","templated":true}]}}