{"id":80318,"date":"2025-08-05T15:38:04","date_gmt":"2025-08-05T18:38:04","guid":{"rendered":"https:\/\/www.tvnovelas.com.br\/tvnews\/?p=80318"},"modified":"2025-08-05T15:38:04","modified_gmt":"2025-08-05T18:38:04","slug":"as-filhas-da-senhora-garcia-priscila-poe-preco-para-retirar-queixa-contra-valeria","status":"publish","type":"post","link":"https:\/\/www.tvnovelas.com.br\/tvnews\/as-filhas-da-senhora-garcia-priscila-poe-preco-para-retirar-queixa-contra-valeria\/","title":{"rendered":"As Filhas da Senhora Garcia: Priscila p\u00f5e pre\u00e7o para retirar queixa contra Val\u00e9ria"},"content":{"rendered":"<figure id=\"attachment_80316\" aria-describedby=\"caption-attachment-80316\" style=\"width: 728px\" class=\"wp-caption alignnone\"><img data-recalc-dims=\"1\" decoding=\"async\" class=\"wp-image-80316 size-full\" title=\"(Foto: Televisa\/SBT\/As Filhas da Senhora Garcia)\" src=\"https:\/\/i0.wp.com\/www.tvnovelas.com.br\/tvnews\/wp-content\/uploads\/2025\/08\/11704.jpg?resize=728%2C409&#038;ssl=1\" alt=\"Foto em As Filhas da Senhora Garcia: Priscila p\u00f5e pre\u00e7o para retirar queixa contra Val\u00e9ria\" width=\"728\" height=\"409\" srcset=\"https:\/\/i0.wp.com\/www.tvnovelas.com.br\/tvnews\/wp-content\/uploads\/2025\/08\/11704.jpg?w=728&amp;ssl=1 728w, https:\/\/i0.wp.com\/www.tvnovelas.com.br\/tvnews\/wp-content\/uploads\/2025\/08\/11704.jpg?resize=250%2C140&amp;ssl=1 250w\" sizes=\"(max-width: 728px) 100vw, 728px\" \/><figcaption id=\"caption-attachment-80316\" class=\"wp-caption-text\">As Filhas da Senhora Garcia: Priscila p\u00f5e pre\u00e7o para retirar queixa contra Val\u00e9ria<\/figcaption><\/figure>\n<p>No cap\u00edtulo de As Filhas da Senhora Garcia desta ter\u00e7a, dia 05, Ap\u00f3s a pris\u00e3o de Valeria, acusada de agress\u00e3o, Priscila diz a Camila que Val\u00e9ria estava como louca e exigiu que ela deixasse Artur em paz. Camila responde que n\u00e3o entende o motivo, j\u00e1 que Val\u00e9ria nem d\u00e1 aten\u00e7\u00e3o ao irm\u00e3o. Priscila pergunta se ela est\u00e1 duvidando da sua palavra, e Camila responde que n\u00e3o.<\/p>\n<p>Hector, por sua vez, diz a Nicol\u00e1s que os depoimentos de Priscila n\u00e3o batem, ent\u00e3o tem certeza de que Val\u00e9ria n\u00e3o fez nada contra ela.<\/p>\n<p>Artur diz a Priscila que Val\u00e9ria \u00e9 inocente e que ela precisa retirar a queixa. Priscila responde que far\u00e1 isso com a condi\u00e7\u00e3o de que ele deixe Val\u00e9ria e volte com ela. Artur responde que isso jamais acontecer\u00e1.<\/p>\n<p>Confira o resumo do cap\u00edtulo de hoje:<\/p>\n<h2 style=\"color: #3e5f44;\">Resumo de ter\u00e7a-feira, 05 de agosto<\/h2>\n<p>Artur diz a Mar e Of\u00e9lia que far\u00e1 o que for preciso para que Val\u00e9ria seja libertada. Lu\u00eds diz a Graciela que est\u00e1 preocupado com o fato de Artur ter se envolvido com Val\u00e9ria, e pior ainda, que disse estar apaixonado por ela. Graciela responde que, se a m\u00e3e \u00e9 uma empregada, n\u00e3o \u00e9 de se surpreender que a filha seja como \u00e9, e que isso de Artur \u00e9 s\u00f3 um capricho que logo vai passar. Priscila diz a Camila que Val\u00e9ria estava como louca e exigiu que ela deixasse Artur em paz. Camila responde que n\u00e3o entende o motivo, j\u00e1 que Val\u00e9ria nem d\u00e1 aten\u00e7\u00e3o ao irm\u00e3o. Priscila pergunta se ela est\u00e1 duvidando da sua palavra, e Camila responde que n\u00e3o.<\/p>\n<p>Leonardo diz a Paula que v\u00e3o cancelar a capa da revista. Ela, furiosa, diz que ele tem que impedir isso. Hector diz a Nicol\u00e1s que os depoimentos de Priscila n\u00e3o batem, ent\u00e3o tem certeza de que Val\u00e9ria n\u00e3o fez nada contra ela. Val\u00e9ria se surpreende ao ver Artur na cela; ele diz que violou um pouco a lei para poder falar com ela, que sabe que \u00e9 inocente e que n\u00e3o vai deix\u00e1-la sozinha. Os Portilla se surpreendem ao saber que Artur foi detido. Lu\u00eds diz a Graciela que vai ajud\u00e1-lo a sair, mas que ser\u00e1 a \u00faltima coisa que far\u00e1 por ele. Artur diz a Of\u00e9lia que infringiu algumas leis para estar com Val\u00e9ria e cuidar dela, porque sua filha \u00e9 muito importante para ele. Artur diz a Priscila que Val\u00e9ria \u00e9 inocente e que ela precisa retirar a queixa. Priscila responde que far\u00e1 isso com a condi\u00e7\u00e3o de que ele deixe Val\u00e9ria e volte com ela. Artur responde que isso jamais acontecer\u00e1. Paula se enfurece quando Leonardo diz que seu pai cancelou a campanha e, por isso, ela n\u00e3o sair\u00e1 mais na capa da revista. Ela diz que ele sempre a decepciona.<br \/>\n<!--FIM--><\/p>\n<div style=\"font-size: 120%;\"><h3>Confira tamb\u00e9m<\/h3>\r\n<a href=\"https:\/\/tvnovelas.com.br\/novelas\/\" rel=\"noopener\" target=\"_blank\"><strong>Todos os resumos de novelas<\/strong><\/a><\/br>\r\n<a href=\"https:\/\/www.tvnovelas.com.br\/tvnews\/\" rel=\"noopener\" target=\"_blank\"><strong>\u00daltimas not\u00edcias das novelas<\/strong><\/a><\/br>\r\n<a href=\"https:\/\/www.tvnovelas.com.br\/filmes\/\" target=\"_blank\" rel=\"noopener noreferrer\"><strong>Programa\u00e7\u00e3o de filmes na TV aberta<\/strong><\/a><\/br>\r\n<a href=\"https:\/\/caetenews.com.br\/semana\/filmes-da-globo-na-sessao-da-tarde-desta-semana\/\" target=\"_blank\" rel=\"noopener\"><strong>Confira os filmes da semana na Sess\u00e3o da Tarde<\/strong><\/a><\/br>\r\n<a href=\"https:\/\/classindportal.mj.gov.br\/consulta-filmes\" target=\"_blank\" rel=\"noopener\"><strong>Consulte a classifica\u00e7\u00e3o indicativa dos filmes e novelas<\/strong><\/a><\/br><\/div>\n","protected":false},"excerpt":{"rendered":"<p>As Filhas da Senhora Garcia: Priscila p\u00f5e pre\u00e7o para retirar queixa contra Val\u00e9ria&#8230; No cap\u00edtulo de As Filhas da Senhora Garcia desta ter\u00e7a, dia 05, Ap\u00f3s a pris\u00e3o&#8230;<\/p>\n","protected":false},"author":1,"featured_media":80316,"comment_status":"closed","ping_status":"closed","sticky":false,"template":"","format":"standard","meta":{"_uf_show_specific_survey":0,"_uf_disable_surveys":false,"_jetpack_memberships_contains_paid_content":false,"footnotes":"","_wp_rev_ctl_limit":""},"categories":[930],"tags":[950,64,13],"class_list":["post-80318","post","type-post","status-publish","format-standard","has-post-thumbnail","hentry","category-as-filhas-da-senhora-garcia","tag-as-filhas","tag-novelas","tag-sbt","wpcat-930-id"],"aioseo_notices":[],"jetpack_featured_media_url":"https:\/\/i0.wp.com\/www.tvnovelas.com.br\/tvnews\/wp-content\/uploads\/2025\/08\/11704.jpg?fit=728%2C409&ssl=1","jetpack_shortlink":"https:\/\/wp.me\/pdP2BO-kTs","jetpack_sharing_enabled":true,"_links":{"self":[{"href":"https:\/\/www.tvnovelas.com.br\/tvnews\/wp-json\/wp\/v2\/posts\/80318","targetHints":{"allow":["GET"]}}],"collection":[{"href":"https:\/\/www.tvnovelas.com.br\/tvnews\/wp-json\/wp\/v2\/posts"}],"about":[{"href":"https:\/\/www.tvnovelas.com.br\/tvnews\/wp-json\/wp\/v2\/types\/post"}],"author":[{"embeddable":true,"href":"https:\/\/www.tvnovelas.com.br\/tvnews\/wp-json\/wp\/v2\/users\/1"}],"replies":[{"embeddable":true,"href":"https:\/\/www.tvnovelas.com.br\/tvnews\/wp-json\/wp\/v2\/comments?post=80318"}],"version-history":[{"count":1,"href":"https:\/\/www.tvnovelas.com.br\/tvnews\/wp-json\/wp\/v2\/posts\/80318\/revisions"}],"predecessor-version":[{"id":80319,"href":"https:\/\/www.tvnovelas.com.br\/tvnews\/wp-json\/wp\/v2\/posts\/80318\/revisions\/80319"}],"wp:featuredmedia":[{"embeddable":true,"href":"https:\/\/www.tvnovelas.com.br\/tvnews\/wp-json\/wp\/v2\/media\/80316"}],"wp:attachment":[{"href":"https:\/\/www.tvnovelas.com.br\/tvnews\/wp-json\/wp\/v2\/media?parent=80318"}],"wp:term":[{"taxonomy":"category","embeddable":true,"href":"https:\/\/www.tvnovelas.com.br\/tvnews\/wp-json\/wp\/v2\/categories?post=80318"},{"taxonomy":"post_tag","embeddable":true,"href":"https:\/\/www.tvnovelas.com.br\/tvnews\/wp-json\/wp\/v2\/tags?post=80318"}],"curies":[{"name":"wp","href":"https:\/\/api.w.org\/{rel}","templated":true}]}}