{"id":80358,"date":"2025-08-06T08:22:37","date_gmt":"2025-08-06T11:22:37","guid":{"rendered":"https:\/\/www.tvnovelas.com.br\/tvnews\/?p=80358"},"modified":"2025-08-06T08:22:37","modified_gmt":"2025-08-06T11:22:37","slug":"eta-mundo-melhor-zulma-rouba-joia-de-candinho","status":"publish","type":"post","link":"https:\/\/www.tvnovelas.com.br\/tvnews\/eta-mundo-melhor-zulma-rouba-joia-de-candinho\/","title":{"rendered":"\u00cata Mundo Melhor!: Zulma rouba joia de Candinho"},"content":{"rendered":"<figure id=\"attachment_80359\" aria-describedby=\"caption-attachment-80359\" style=\"width: 728px\" class=\"wp-caption alignnone\"><img data-recalc-dims=\"1\" decoding=\"async\" class=\"wp-image-80359 size-full\" title=\"(Foto: TV Globo\/\u00cata Mundo Melhor!)\" src=\"https:\/\/i0.wp.com\/www.tvnovelas.com.br\/tvnews\/wp-content\/uploads\/2025\/08\/11707.jpg?resize=728%2C409&#038;ssl=1\" alt=\"Foto em \u00cata Mundo Melhor!: Zulma rouba joia de Candinho\" width=\"728\" height=\"409\" srcset=\"https:\/\/i0.wp.com\/www.tvnovelas.com.br\/tvnews\/wp-content\/uploads\/2025\/08\/11707.jpg?w=728&amp;ssl=1 728w, https:\/\/i0.wp.com\/www.tvnovelas.com.br\/tvnews\/wp-content\/uploads\/2025\/08\/11707.jpg?resize=250%2C140&amp;ssl=1 250w\" sizes=\"(max-width: 728px) 100vw, 728px\" \/><figcaption id=\"caption-attachment-80359\" class=\"wp-caption-text\">Foto em \u00cata Mundo Melhor!: Zulma rouba joia de Candinho<\/figcaption><\/figure>\n<p>Em \u00cata Mundo Melhor!, Candinho (Sergio Guiz\u00e9) organizou uma festa para Samir (Davi Malizia) na sua mans\u00e3o e todos os convidados est\u00e3o se divertindo. Menos a Zulma (Heloisa P\u00e9riss\u00e9), que passa a maior parte do tempo pensando em como vai separar pai e filho.<\/p>\n<p>A dona do orfanato mostra otimismo a Celso (Rainer Cadete):<\/p>\n<p>&#8220;Essa festa vai afastar aqueles dois. Eu garanto.&#8221;<\/p>\n<p>Logo depois, ela vai at\u00e9 o quarto de Candinho e procura pelo camafeu que guarda a foto da sua m\u00e3ezinha, a finada Anast\u00e1cia (Eliane Giardini). Zulma acha o objeto e quando coloca a m\u00e3e nele, Estela (Larissa Manoela) aparece.<\/p>\n<p>&#8220;O que faz aqui, Dona Zulma?&#8221;<\/p>\n<p>No susto, a picareta coloca o camafeu na boca e sai correndo. Estela acha que ela est\u00e1 passando mal e n\u00e3o percebe o roubo que acaba de acontecer.<\/p>\n<p>Sozinha no banheiro da mans\u00e3o, Zulma pega o camafeu e diz para si mesma:<\/p>\n<p>&#8220;Voc\u00ea \u00e9 muito esperta, Zulma. E linda, maravilhosa, exuberante&#8230;&#8221;<br \/>\n<!--FIM--><\/p>\n<h2>Sobre a novela:<\/h2>\n<p><a href=\"https:\/\/tvnovelas.com.br\/page2\/arquivo\/eta-mundo-melhor-a-volta-de-candinho-e-policarpo\/&quot;\" target=\"_blank\" rel=\"noopener\">\u00cata Mundo Melhor!: A volta de Candinho e Policarpo<\/a> (Sinopse)<br \/>\n<a href=\"https:\/\/pt.wikipedia.org\/wiki\/%C3%8Ata_Mundo_Melhor!\" target=\"_blank\" rel=\"noopener\">Sobre \u00cata Mundo Melhor!, na Wikipedia<\/a><\/p>\n<div style=\"font-size: 120%;\"><h3>Confira tamb\u00e9m<\/h3>\r\n<a href=\"https:\/\/tvnovelas.com.br\/novelas\/\" rel=\"noopener\" target=\"_blank\"><strong>Todos os resumos de novelas<\/strong><\/a><\/br>\r\n<a href=\"https:\/\/www.tvnovelas.com.br\/tvnews\/\" rel=\"noopener\" target=\"_blank\"><strong>\u00daltimas not\u00edcias das novelas<\/strong><\/a><\/br>\r\n<a href=\"https:\/\/www.tvnovelas.com.br\/filmes\/\" target=\"_blank\" rel=\"noopener noreferrer\"><strong>Programa\u00e7\u00e3o de filmes na TV aberta<\/strong><\/a><\/br>\r\n<a href=\"https:\/\/caetenews.com.br\/semana\/filmes-da-globo-na-sessao-da-tarde-desta-semana\/\" target=\"_blank\" rel=\"noopener\"><strong>Confira os filmes da semana na Sess\u00e3o da Tarde<\/strong><\/a><\/br>\r\n<a href=\"https:\/\/classindportal.mj.gov.br\/consulta-filmes\" target=\"_blank\" rel=\"noopener\"><strong>Consulte a classifica\u00e7\u00e3o indicativa dos filmes e novelas<\/strong><\/a><\/br><\/div>\n","protected":false},"excerpt":{"rendered":"<p>\u00cata Mundo Melhor!: Zulma rouba joia de Candinho&#8230;. Em \u00cata Mundo Melhor!, Candinho (Sergio Guiz\u00e9) organizou uma festa para Samir&#8230;<\/p>\n","protected":false},"author":1,"featured_media":80359,"comment_status":"closed","ping_status":"closed","sticky":false,"template":"","format":"standard","meta":{"_uf_show_specific_survey":0,"_uf_disable_surveys":false,"_jetpack_memberships_contains_paid_content":false,"footnotes":"","_wp_rev_ctl_limit":""},"categories":[920],"tags":[921,5,64],"class_list":["post-80358","post","type-post","status-publish","format-standard","has-post-thumbnail","hentry","category-eta-mundo-melhor","tag-eta-mundo-melhor","tag-globo","tag-novelas","wpcat-920-id"],"aioseo_notices":[],"jetpack_featured_media_url":"https:\/\/i0.wp.com\/www.tvnovelas.com.br\/tvnews\/wp-content\/uploads\/2025\/08\/11707.jpg?fit=728%2C409&ssl=1","jetpack_shortlink":"https:\/\/wp.me\/pdP2BO-kU6","jetpack_sharing_enabled":true,"_links":{"self":[{"href":"https:\/\/www.tvnovelas.com.br\/tvnews\/wp-json\/wp\/v2\/posts\/80358","targetHints":{"allow":["GET"]}}],"collection":[{"href":"https:\/\/www.tvnovelas.com.br\/tvnews\/wp-json\/wp\/v2\/posts"}],"about":[{"href":"https:\/\/www.tvnovelas.com.br\/tvnews\/wp-json\/wp\/v2\/types\/post"}],"author":[{"embeddable":true,"href":"https:\/\/www.tvnovelas.com.br\/tvnews\/wp-json\/wp\/v2\/users\/1"}],"replies":[{"embeddable":true,"href":"https:\/\/www.tvnovelas.com.br\/tvnews\/wp-json\/wp\/v2\/comments?post=80358"}],"version-history":[{"count":1,"href":"https:\/\/www.tvnovelas.com.br\/tvnews\/wp-json\/wp\/v2\/posts\/80358\/revisions"}],"predecessor-version":[{"id":80360,"href":"https:\/\/www.tvnovelas.com.br\/tvnews\/wp-json\/wp\/v2\/posts\/80358\/revisions\/80360"}],"wp:featuredmedia":[{"embeddable":true,"href":"https:\/\/www.tvnovelas.com.br\/tvnews\/wp-json\/wp\/v2\/media\/80359"}],"wp:attachment":[{"href":"https:\/\/www.tvnovelas.com.br\/tvnews\/wp-json\/wp\/v2\/media?parent=80358"}],"wp:term":[{"taxonomy":"category","embeddable":true,"href":"https:\/\/www.tvnovelas.com.br\/tvnews\/wp-json\/wp\/v2\/categories?post=80358"},{"taxonomy":"post_tag","embeddable":true,"href":"https:\/\/www.tvnovelas.com.br\/tvnews\/wp-json\/wp\/v2\/tags?post=80358"}],"curies":[{"name":"wp","href":"https:\/\/api.w.org\/{rel}","templated":true}]}}