{"id":80362,"date":"2025-08-06T08:38:48","date_gmt":"2025-08-06T11:38:48","guid":{"rendered":"https:\/\/www.tvnovelas.com.br\/tvnews\/?p=80362"},"modified":"2025-08-06T08:38:48","modified_gmt":"2025-08-06T11:38:48","slug":"dona-de-mim-carro-de-abel-e-encontrado-no-mar-so-com-um-corpo-de-mulher","status":"publish","type":"post","link":"https:\/\/www.tvnovelas.com.br\/tvnews\/dona-de-mim-carro-de-abel-e-encontrado-no-mar-so-com-um-corpo-de-mulher\/","title":{"rendered":"Dona de Mim: Carro de Abel \u00e9 encontrado no mar s\u00f3 com um corpo de mulher"},"content":{"rendered":"<figure id=\"attachment_80363\" aria-describedby=\"caption-attachment-80363\" style=\"width: 727px\" class=\"wp-caption alignnone\"><img data-recalc-dims=\"1\" decoding=\"async\" class=\"wp-image-80363 size-full\" title=\"(Foto: TV Globo\/Dona de Mim)\" src=\"https:\/\/i0.wp.com\/www.tvnovelas.com.br\/tvnews\/wp-content\/uploads\/2025\/08\/11708.jpg?resize=727%2C406&#038;ssl=1\" alt=\"Foto em Dona de Mim: Carro de Abel \u00e9 encontrado s\u00f3 com um corpo de mulher\" width=\"727\" height=\"406\" srcset=\"https:\/\/i0.wp.com\/www.tvnovelas.com.br\/tvnews\/wp-content\/uploads\/2025\/08\/11708.jpg?w=727&amp;ssl=1 727w, https:\/\/i0.wp.com\/www.tvnovelas.com.br\/tvnews\/wp-content\/uploads\/2025\/08\/11708.jpg?resize=250%2C140&amp;ssl=1 250w\" sizes=\"(max-width: 727px) 100vw, 727px\" \/><figcaption id=\"caption-attachment-80363\" class=\"wp-caption-text\">Dona de Mim: Carro de Abel \u00e9 encontrado s\u00f3 com um corpo de mulher<\/figcaption><\/figure>\n<p>Em Dona de Mim, Abel (Tony Ramos) sofreu um acidente ao lado de Rebeca (Silvia Pfeifer) ap\u00f3s ter o carro sabotado por Jaques (Marcello Novaes), e, horas depois, o clima ser\u00e1 de tens\u00e3o total na mans\u00e3o dos Boaz. At\u00e9 que, O ve\u00edculo ser\u00e1 encontrado e retirado da \u00e1gua. Mas, dentro dele, haver\u00e1 apenas um corpo, o de uma mulher&#8230;<\/p>\n<p>Com Abel desaparecido, v\u00e1rios personagens ir\u00e3o rezar por ele, cada um com sua cren\u00e7a e religi\u00e3o.<\/p>\n<p>\u201cPapai j\u00e1 acordou? Ele j\u00e1 saiu?\u201d, pergunta Sofia (Elis Cabral) ao entrar no quarto do pai.<\/p>\n<p>\u201cN\u00e3o, meu amor, seu pai ainda n\u00e3o chegou\u201d, responde Filipa (Cl\u00e1udia Abreu), triste.<\/p>\n<p>At\u00e9 que o telefone de Leo ir\u00e1 tocar. Ser\u00e1 Marlon (Humberto Morais), com not\u00edcias.<\/p>\n<p>\u201cVoc\u00ea vai ter que ser forte! Teve um acidente e acharam o carro do seu pai dentro do mar. Mas s\u00f3 tinha um corpo dentro\u201d, afirma Marlon.<\/p>\n<p>\u201cComo assim s\u00f3 tinha um corpo? Explica isso direito, Marlon\u201d, pede Samuel.<\/p>\n<p>\u201cEra o corpo de uma mulher. Conversei informalmente com o investigador da pol\u00edcia civil, e ele me disse que ainda \u00e9 cedo pra saber ao certo o que aconteceu, mas foi um acidente, no elevado do Jo\u00e1\u201d, explica Marlon.<\/p>\n<p>\u201cMas se o meu pai ainda est\u00e1 desaparecido, \u00e9 sinal de que ele ainda pode estar vivo\u201d, diz Samuel.<\/p>\n<p>\u201c\u00c9 uma possibilidade. As buscas pelo seu pai continuam nas proximidades onde o carro caiu no mar. Vamos ter f\u00e9!\u201d, acrescenta Marlon.<br \/>\n<!--FIM--><br \/>\n<strong>Sobre a novela<\/strong><br \/>\n<a href=\"https:\/\/wp.me\/pfspD2-UO\" target=\"_blank\" rel=\"noopener\">Dona de Mim: A trama da novela<\/a><br \/>\n<a href=\"https:\/\/wp.me\/pfspD2-UG\" target=\"_blank\" rel=\"noopener\">Dona de Mim: A fam\u00edlia Boaz e seu imp\u00e9rio de lingerie<\/a><\/p>\n<div style=\"font-size: 120%;\"><h3>Confira tamb\u00e9m<\/h3>\r\n<a href=\"https:\/\/tvnovelas.com.br\/novelas\/\" rel=\"noopener\" target=\"_blank\"><strong>Todos os resumos de novelas<\/strong><\/a><\/br>\r\n<a href=\"https:\/\/www.tvnovelas.com.br\/tvnews\/\" rel=\"noopener\" target=\"_blank\"><strong>\u00daltimas not\u00edcias das novelas<\/strong><\/a><\/br>\r\n<a href=\"https:\/\/www.tvnovelas.com.br\/filmes\/\" target=\"_blank\" rel=\"noopener noreferrer\"><strong>Programa\u00e7\u00e3o de filmes na TV aberta<\/strong><\/a><\/br>\r\n<a href=\"https:\/\/caetenews.com.br\/semana\/filmes-da-globo-na-sessao-da-tarde-desta-semana\/\" target=\"_blank\" rel=\"noopener\"><strong>Confira os filmes da semana na Sess\u00e3o da Tarde<\/strong><\/a><\/br>\r\n<a href=\"https:\/\/classindportal.mj.gov.br\/consulta-filmes\" target=\"_blank\" rel=\"noopener\"><strong>Consulte a classifica\u00e7\u00e3o indicativa dos filmes e novelas<\/strong><\/a><\/br><\/div>\n","protected":false},"excerpt":{"rendered":"<p>Dona de Mim: Carro de Abel \u00e9 encontrado&#8230; Em Dona de Mim, Abel (Tony Ramos) sofreu um acidente ao lado de Rebeca (Silvia Pfeifer) ap\u00f3s ter o carro&#8230;<\/p>\n","protected":false},"author":1,"featured_media":80363,"comment_status":"closed","ping_status":"closed","sticky":false,"template":"","format":"standard","meta":{"_uf_show_specific_survey":0,"_uf_disable_surveys":false,"_jetpack_memberships_contains_paid_content":false,"footnotes":"","_wp_rev_ctl_limit":""},"categories":[884],"tags":[883,5,64],"class_list":["post-80362","post","type-post","status-publish","format-standard","has-post-thumbnail","hentry","category-dona-de-mim","tag-dona-de-mim","tag-globo","tag-novelas","wpcat-884-id"],"aioseo_notices":[],"jetpack_featured_media_url":"https:\/\/i0.wp.com\/www.tvnovelas.com.br\/tvnews\/wp-content\/uploads\/2025\/08\/11708.jpg?fit=727%2C406&ssl=1","jetpack_shortlink":"https:\/\/wp.me\/pdP2BO-kUa","jetpack_sharing_enabled":true,"_links":{"self":[{"href":"https:\/\/www.tvnovelas.com.br\/tvnews\/wp-json\/wp\/v2\/posts\/80362","targetHints":{"allow":["GET"]}}],"collection":[{"href":"https:\/\/www.tvnovelas.com.br\/tvnews\/wp-json\/wp\/v2\/posts"}],"about":[{"href":"https:\/\/www.tvnovelas.com.br\/tvnews\/wp-json\/wp\/v2\/types\/post"}],"author":[{"embeddable":true,"href":"https:\/\/www.tvnovelas.com.br\/tvnews\/wp-json\/wp\/v2\/users\/1"}],"replies":[{"embeddable":true,"href":"https:\/\/www.tvnovelas.com.br\/tvnews\/wp-json\/wp\/v2\/comments?post=80362"}],"version-history":[{"count":1,"href":"https:\/\/www.tvnovelas.com.br\/tvnews\/wp-json\/wp\/v2\/posts\/80362\/revisions"}],"predecessor-version":[{"id":80364,"href":"https:\/\/www.tvnovelas.com.br\/tvnews\/wp-json\/wp\/v2\/posts\/80362\/revisions\/80364"}],"wp:featuredmedia":[{"embeddable":true,"href":"https:\/\/www.tvnovelas.com.br\/tvnews\/wp-json\/wp\/v2\/media\/80363"}],"wp:attachment":[{"href":"https:\/\/www.tvnovelas.com.br\/tvnews\/wp-json\/wp\/v2\/media?parent=80362"}],"wp:term":[{"taxonomy":"category","embeddable":true,"href":"https:\/\/www.tvnovelas.com.br\/tvnews\/wp-json\/wp\/v2\/categories?post=80362"},{"taxonomy":"post_tag","embeddable":true,"href":"https:\/\/www.tvnovelas.com.br\/tvnews\/wp-json\/wp\/v2\/tags?post=80362"}],"curies":[{"name":"wp","href":"https:\/\/api.w.org\/{rel}","templated":true}]}}