{"id":80372,"date":"2025-08-06T09:33:52","date_gmt":"2025-08-06T12:33:52","guid":{"rendered":"https:\/\/www.tvnovelas.com.br\/tvnews\/?p=80372"},"modified":"2025-08-06T09:33:52","modified_gmt":"2025-08-06T12:33:52","slug":"paulo-o-apostolo-gabriela-e-confrontada-pelo-irmao","status":"publish","type":"post","link":"https:\/\/www.tvnovelas.com.br\/tvnews\/paulo-o-apostolo-gabriela-e-confrontada-pelo-irmao\/","title":{"rendered":"Paulo, O Ap\u00f3stolo: Gabriela \u00e9 confrontada pelo irm\u00e3o"},"content":{"rendered":"<figure id=\"attachment_80373\" aria-describedby=\"caption-attachment-80373\" style=\"width: 722px\" class=\"wp-caption alignnone\"><img data-recalc-dims=\"1\" decoding=\"async\" class=\"wp-image-80373 size-full\" title=\"(Foto TV Record\/ Paulo, O Ap\u00f3stolo)\" src=\"https:\/\/i0.wp.com\/www.tvnovelas.com.br\/tvnews\/wp-content\/uploads\/2025\/08\/11710.jpg?resize=722%2C410&#038;ssl=1\" alt=\"Foto em Paulo, O Ap\u00f3stolo: Gabriela \u00e9 confrontada pelo irm\u00e3o \" width=\"722\" height=\"410\" srcset=\"https:\/\/i0.wp.com\/www.tvnovelas.com.br\/tvnews\/wp-content\/uploads\/2025\/08\/11710.jpg?w=722&amp;ssl=1 722w, https:\/\/i0.wp.com\/www.tvnovelas.com.br\/tvnews\/wp-content\/uploads\/2025\/08\/11710.jpg?resize=250%2C142&amp;ssl=1 250w\" sizes=\"(max-width: 722px) 100vw, 722px\" \/><figcaption id=\"caption-attachment-80373\" class=\"wp-caption-text\">Paulo, O Ap\u00f3stolo: Gabriela \u00e9 confrontada pelo irm\u00e3o<\/figcaption><\/figure>\n<p>No cap\u00edtulo da novela Paulo, O Ap\u00f3stolo desta quarta, dia 06, em Jerusal\u00e9m, Gabriela (Anna Melo) \u00e9 confrontada pelo pr\u00f3prio irm\u00e3o, que a pressiona sobre suas recentes escolhas e seu envolvimento com os seguidores do Caminho. Diante da press\u00e3o familiar e emocional, Gabriela se v\u00ea obrigada a tomar uma decis\u00e3o crucial que pode mudar o rumo de sua vida.<\/p>\n<p>Apesar do confronto tenso e das amea\u00e7as veladas, Gabriela reafirma sua convic\u00e7\u00e3o, decidindo n\u00e3o abandonar os ensinamentos que recebeu dos disc\u00edpulos. Com coragem, ela escolhe seguir adiante como seguidora de Cristo, mesmo sabendo que isso pode coloc\u00e1-la em risco diante das autoridades religiosas e de sua pr\u00f3pria fam\u00edlia.<br \/>\n<!--FIM--><\/p>\n<div style=\"font-size: 120%;\"><h3>Confira tamb\u00e9m<\/h3>\r\n<a href=\"https:\/\/tvnovelas.com.br\/novelas\/\" rel=\"noopener\" target=\"_blank\"><strong>Todos os resumos de novelas<\/strong><\/a><\/br>\r\n<a href=\"https:\/\/www.tvnovelas.com.br\/tvnews\/\" rel=\"noopener\" target=\"_blank\"><strong>\u00daltimas not\u00edcias das novelas<\/strong><\/a><\/br>\r\n<a href=\"https:\/\/www.tvnovelas.com.br\/filmes\/\" target=\"_blank\" rel=\"noopener noreferrer\"><strong>Programa\u00e7\u00e3o de filmes na TV aberta<\/strong><\/a><\/br>\r\n<a href=\"https:\/\/caetenews.com.br\/semana\/filmes-da-globo-na-sessao-da-tarde-desta-semana\/\" target=\"_blank\" rel=\"noopener\"><strong>Confira os filmes da semana na Sess\u00e3o da Tarde<\/strong><\/a><\/br>\r\n<a href=\"https:\/\/classindportal.mj.gov.br\/consulta-filmes\" target=\"_blank\" rel=\"noopener\"><strong>Consulte a classifica\u00e7\u00e3o indicativa dos filmes e novelas<\/strong><\/a><\/br><\/div>\n","protected":false},"excerpt":{"rendered":"<p>Paulo, O Ap\u00f3stolo: Gabriela \u00e9 confrontada pelo irm\u00e3o &#8230; No cap\u00edtulo da novela Paulo, O Ap\u00f3stolo desta quarta, dia 06, em Jerusal\u00e9m, Gabriela&#8230;<\/p>\n","protected":false},"author":1,"featured_media":80373,"comment_status":"closed","ping_status":"closed","sticky":false,"template":"","format":"standard","meta":{"_uf_show_specific_survey":0,"_uf_disable_surveys":false,"_jetpack_memberships_contains_paid_content":false,"footnotes":"","_wp_rev_ctl_limit":""},"categories":[925],"tags":[64,932,14],"class_list":["post-80372","post","type-post","status-publish","format-standard","has-post-thumbnail","hentry","category-paulo","tag-novelas","tag-paulo-o-apostolo","tag-record","wpcat-925-id"],"aioseo_notices":[],"jetpack_featured_media_url":"https:\/\/i0.wp.com\/www.tvnovelas.com.br\/tvnews\/wp-content\/uploads\/2025\/08\/11710.jpg?fit=722%2C410&ssl=1","jetpack_shortlink":"https:\/\/wp.me\/pdP2BO-kUk","jetpack_sharing_enabled":true,"_links":{"self":[{"href":"https:\/\/www.tvnovelas.com.br\/tvnews\/wp-json\/wp\/v2\/posts\/80372","targetHints":{"allow":["GET"]}}],"collection":[{"href":"https:\/\/www.tvnovelas.com.br\/tvnews\/wp-json\/wp\/v2\/posts"}],"about":[{"href":"https:\/\/www.tvnovelas.com.br\/tvnews\/wp-json\/wp\/v2\/types\/post"}],"author":[{"embeddable":true,"href":"https:\/\/www.tvnovelas.com.br\/tvnews\/wp-json\/wp\/v2\/users\/1"}],"replies":[{"embeddable":true,"href":"https:\/\/www.tvnovelas.com.br\/tvnews\/wp-json\/wp\/v2\/comments?post=80372"}],"version-history":[{"count":1,"href":"https:\/\/www.tvnovelas.com.br\/tvnews\/wp-json\/wp\/v2\/posts\/80372\/revisions"}],"predecessor-version":[{"id":80374,"href":"https:\/\/www.tvnovelas.com.br\/tvnews\/wp-json\/wp\/v2\/posts\/80372\/revisions\/80374"}],"wp:featuredmedia":[{"embeddable":true,"href":"https:\/\/www.tvnovelas.com.br\/tvnews\/wp-json\/wp\/v2\/media\/80373"}],"wp:attachment":[{"href":"https:\/\/www.tvnovelas.com.br\/tvnews\/wp-json\/wp\/v2\/media?parent=80372"}],"wp:term":[{"taxonomy":"category","embeddable":true,"href":"https:\/\/www.tvnovelas.com.br\/tvnews\/wp-json\/wp\/v2\/categories?post=80372"},{"taxonomy":"post_tag","embeddable":true,"href":"https:\/\/www.tvnovelas.com.br\/tvnews\/wp-json\/wp\/v2\/tags?post=80372"}],"curies":[{"name":"wp","href":"https:\/\/api.w.org\/{rel}","templated":true}]}}