{"id":80414,"date":"2025-08-06T17:40:04","date_gmt":"2025-08-06T20:40:04","guid":{"rendered":"https:\/\/www.tvnovelas.com.br\/tvnews\/?p=80414"},"modified":"2025-08-06T17:40:04","modified_gmt":"2025-08-06T20:40:04","slug":"vale-tudo-afonso-evita-solange-apos-noitada-juntos","status":"publish","type":"post","link":"https:\/\/www.tvnovelas.com.br\/tvnews\/vale-tudo-afonso-evita-solange-apos-noitada-juntos\/","title":{"rendered":"Vale Tudo: Afonso evita Solange ap\u00f3s noitada juntos"},"content":{"rendered":"<figure id=\"attachment_80415\" aria-describedby=\"caption-attachment-80415\" style=\"width: 728px\" class=\"wp-caption alignnone\"><img data-recalc-dims=\"1\" decoding=\"async\" class=\"wp-image-80415 size-full\" title=\"(Foto: TV Globo\/Vale Tudo)\" src=\"https:\/\/i0.wp.com\/www.tvnovelas.com.br\/tvnews\/wp-content\/uploads\/2025\/08\/11715.jpg?resize=728%2C410&#038;ssl=1\" alt=\"Foto em Vale Tudo: Afonso evita Solange ap\u00f3s noitada juntos\" width=\"728\" height=\"410\" srcset=\"https:\/\/i0.wp.com\/www.tvnovelas.com.br\/tvnews\/wp-content\/uploads\/2025\/08\/11715.jpg?w=728&amp;ssl=1 728w, https:\/\/i0.wp.com\/www.tvnovelas.com.br\/tvnews\/wp-content\/uploads\/2025\/08\/11715.jpg?resize=250%2C141&amp;ssl=1 250w\" sizes=\"(max-width: 728px) 100vw, 728px\" \/><figcaption id=\"caption-attachment-80415\" class=\"wp-caption-text\">Vale Tudo: Afonso evita Solange ap\u00f3s noitada juntos<\/figcaption><\/figure>\n<p>Em Vale Tudo, o revival de Solange (Alice Wegmann) e Afonso (Humberto Carr\u00e3o) deixou claro que existe ainda muito sentimento envolvido nos dois lados. Mas todo carinho que ficou evidente n\u00e3o vai ser suficiente para superar a atitude amb\u00edgua que o herdeiro do Roitman vai ter com a ex no dia seguinte.<\/p>\n<p>No meio do turbilh\u00e3o de emo\u00e7\u00f5es da noite, Afonso esqueceu na casa de Solange o colar que estava usando quando eles se encontraram. A diretora da Tomorrow decide entregar a joia pessoalmente a ele na TCA no dia seguinte. Quando ela \u00e9 anunciada, Afonso simplesmente decide n\u00e3o a receber.<\/p>\n<p>\u201cConsu\u00ealo, eu&#8230; Agora eu n\u00e3o posso. Diz que eu estou numa reuni\u00e3o online. Explica isso pra Solange, por favor. E pede pra ela deixar a encomenda com voc\u00ea.\u201d<\/p>\n<p>Solange n\u00e3o esconde o desapontamento quando recebe o recado.<\/p>\n<p>\u201cN\u00e3o estou acreditando nisso. As pessoas, realmente&#8230;\u201d<\/p>\n<p>Para piorar a situa\u00e7\u00e3o, adivinha quem aparece ali? Ela, F\u00e1tima (Bella Campos), que n\u00e3o perdoa ao ver a rival.<\/p>\n<p>\u201cSolange? O que \u00e9 que voc\u00ea est\u00e1 fazendo no trabalho do meu marido? Posso saber?\u201d<br \/>\n<!--FIM--><br \/>\n<strong>Sobre a novela<\/strong><br \/>\n<a href=\"https:\/\/wp.me\/pfspD2-U7\" target=\"_blank\" rel=\"noopener\">Vale Tudo: Conflitos de princ\u00edpios e valores (Sinopse)<\/a><\/p>\n<p><a href=\"https:\/\/wp.me\/pfspD2-oI\" target=\"_blank\" rel=\"noopener\">Vale Tudo: Invers\u00e3o de valores no final dos anos 1980<\/a> (Sinopse)<\/p>\n<div style=\"font-size: 120%;\"><h3>Confira tamb\u00e9m<\/h3>\r\n<a href=\"https:\/\/tvnovelas.com.br\/novelas\/\" rel=\"noopener\" target=\"_blank\"><strong>Todos os resumos de novelas<\/strong><\/a><\/br>\r\n<a href=\"https:\/\/www.tvnovelas.com.br\/tvnews\/\" rel=\"noopener\" target=\"_blank\"><strong>\u00daltimas not\u00edcias das novelas<\/strong><\/a><\/br>\r\n<a href=\"https:\/\/www.tvnovelas.com.br\/filmes\/\" target=\"_blank\" rel=\"noopener noreferrer\"><strong>Programa\u00e7\u00e3o de filmes na TV aberta<\/strong><\/a><\/br>\r\n<a href=\"https:\/\/caetenews.com.br\/semana\/filmes-da-globo-na-sessao-da-tarde-desta-semana\/\" target=\"_blank\" rel=\"noopener\"><strong>Confira os filmes da semana na Sess\u00e3o da Tarde<\/strong><\/a><\/br>\r\n<a href=\"https:\/\/classindportal.mj.gov.br\/consulta-filmes\" target=\"_blank\" rel=\"noopener\"><strong>Consulte a classifica\u00e7\u00e3o indicativa dos filmes e novelas<\/strong><\/a><\/br><br \/>\n&lt;\/div<\/div>\n","protected":false},"excerpt":{"rendered":"<p>Vale Tudo: Afonso evita Solange ap\u00f3s noitada juntos&#8230; Em Vale Tudo, o revival de Solange (Alice Wegmann) e Afonso (Humberto Carr\u00e3o) deixou claro&#8230;<\/p>\n","protected":false},"author":1,"featured_media":80415,"comment_status":"closed","ping_status":"closed","sticky":false,"template":"","format":"standard","meta":{"_uf_show_specific_survey":0,"_uf_disable_surveys":false,"_jetpack_memberships_contains_paid_content":false,"footnotes":"","_wp_rev_ctl_limit":""},"categories":[871],"tags":[5,64,801],"class_list":["post-80414","post","type-post","status-publish","format-standard","has-post-thumbnail","hentry","category-vale-tudo","tag-globo","tag-novelas","tag-vale-tudo","wpcat-871-id"],"aioseo_notices":[],"jetpack_featured_media_url":"https:\/\/i0.wp.com\/www.tvnovelas.com.br\/tvnews\/wp-content\/uploads\/2025\/08\/11715.jpg?fit=728%2C410&ssl=1","jetpack_shortlink":"https:\/\/wp.me\/pdP2BO-kV0","jetpack_sharing_enabled":true,"_links":{"self":[{"href":"https:\/\/www.tvnovelas.com.br\/tvnews\/wp-json\/wp\/v2\/posts\/80414","targetHints":{"allow":["GET"]}}],"collection":[{"href":"https:\/\/www.tvnovelas.com.br\/tvnews\/wp-json\/wp\/v2\/posts"}],"about":[{"href":"https:\/\/www.tvnovelas.com.br\/tvnews\/wp-json\/wp\/v2\/types\/post"}],"author":[{"embeddable":true,"href":"https:\/\/www.tvnovelas.com.br\/tvnews\/wp-json\/wp\/v2\/users\/1"}],"replies":[{"embeddable":true,"href":"https:\/\/www.tvnovelas.com.br\/tvnews\/wp-json\/wp\/v2\/comments?post=80414"}],"version-history":[{"count":2,"href":"https:\/\/www.tvnovelas.com.br\/tvnews\/wp-json\/wp\/v2\/posts\/80414\/revisions"}],"predecessor-version":[{"id":80418,"href":"https:\/\/www.tvnovelas.com.br\/tvnews\/wp-json\/wp\/v2\/posts\/80414\/revisions\/80418"}],"wp:featuredmedia":[{"embeddable":true,"href":"https:\/\/www.tvnovelas.com.br\/tvnews\/wp-json\/wp\/v2\/media\/80415"}],"wp:attachment":[{"href":"https:\/\/www.tvnovelas.com.br\/tvnews\/wp-json\/wp\/v2\/media?parent=80414"}],"wp:term":[{"taxonomy":"category","embeddable":true,"href":"https:\/\/www.tvnovelas.com.br\/tvnews\/wp-json\/wp\/v2\/categories?post=80414"},{"taxonomy":"post_tag","embeddable":true,"href":"https:\/\/www.tvnovelas.com.br\/tvnews\/wp-json\/wp\/v2\/tags?post=80414"}],"curies":[{"name":"wp","href":"https:\/\/api.w.org\/{rel}","templated":true}]}}