{"id":80420,"date":"2025-08-06T21:03:01","date_gmt":"2025-08-07T00:03:01","guid":{"rendered":"https:\/\/www.tvnovelas.com.br\/tvnews\/?p=80420"},"modified":"2025-08-06T21:03:01","modified_gmt":"2025-08-07T00:03:01","slug":"globo-reprisa-terra-nostra-a-partir-de-setembro","status":"publish","type":"post","link":"https:\/\/www.tvnovelas.com.br\/tvnews\/globo-reprisa-terra-nostra-a-partir-de-setembro\/","title":{"rendered":"Globo reprisa \u2018Terra Nostra\u2019 a partir de setembro"},"content":{"rendered":"<p><figure id=\"attachment_80421\" aria-describedby=\"caption-attachment-80421\" style=\"width: 728px\" class=\"wp-caption alignnone\"><img data-recalc-dims=\"1\" decoding=\"async\" src=\"https:\/\/i0.wp.com\/www.tvnovelas.com.br\/tvnews\/wp-content\/uploads\/2025\/08\/11716.jpg?resize=728%2C410&#038;ssl=1\" alt=\"Foto em Globo reprisa \u2018Terra Nostra\u2019 a partir de setembro\" width=\"728\" height=\"410\" class=\"size-full wp-image-80421\" srcset=\"https:\/\/i0.wp.com\/www.tvnovelas.com.br\/tvnews\/wp-content\/uploads\/2025\/08\/11716.jpg?w=728&amp;ssl=1 728w, https:\/\/i0.wp.com\/www.tvnovelas.com.br\/tvnews\/wp-content\/uploads\/2025\/08\/11716.jpg?resize=250%2C141&amp;ssl=1 250w\" sizes=\"(max-width: 728px) 100vw, 728px\" \/><figcaption id=\"caption-attachment-80421\" class=\"wp-caption-text\">Globo reprisa \u2018Terra Nostra\u2019 a partir de setembro<\/figcaption><\/figure><br \/>\nUma das maiores produ\u00e7\u00f5es do hor\u00e1rio nobre da teledramaturgia brasileira, \u2018Terra Nostra\u2019 volta \u00e0s telas da TV Globo em setembro. Exibida originalmente em 1999, a novela \u00e9 o primeiro t\u00edtulo da faixa das 21h a ser reprisado no \u2018Edi\u00e7\u00e3o Especial\u2019, embora j\u00e1 tenha exiida no Vale a Pena Ver de Novo. <\/p>\n<p>Escrita por Benedito Ruy Barbosa \u2013 respons\u00e1vel por t\u00edtulos que retratam fam\u00edlias e viv\u00eancias rurais que marcaram gera\u00e7\u00f5es de brasileiros, como \u2018Renascer\u2019 (1993) e \u2018O Rei do Gado\u2019 (1996) \u2013, a trama tem como pano de fundo a saga da imigra\u00e7\u00e3o italiana no final do s\u00e9culo XIX e seus efeitos na forma\u00e7\u00e3o da sociedade brasileira nas d\u00e9cadas seguintes. Ambientada em S\u00e3o Paulo, a obra narra essa hist\u00f3ria a partir do romance entre um jovem casal de italianos, Matteo e Giuliana, interpretados por Thiago Lacerda e Ana Paula Ar\u00f3sio.<\/p>\n<p>Tudo come\u00e7a em 1894, quando milhares de camponeses italianos fugiam da grave crise econ\u00f4mica que assolava a Europa para tentar a sorte em terras brasileiras. Entre os imigrantes est\u00e1 o casal Julio (Gianfrancesco Guarnieri) e Ana (Bete Mendes), acompanhados da filha, a rom\u00e2ntica Giuliana (Ana Paula Ar\u00f3sio). A bordo do navio em que viajam, a jovem conhece Matteo (Thiago Lacerda)<\/p>\n<p><strong>Saiba mais em <\/strong><br \/>\n<a href=\"https:\/\/wp.me\/pfspD2-Cl\" rel=\"noopener\" target=\"_blank\"><strong>&#8216;Terra Nostra&#8217;: Sotaque e sabores da It\u00e1lia<\/strong><\/a><br \/>\n<!--FIM--><\/p>\n<div style=\"font-size: 120%;\">\n<h3>Confira tamb\u00e9m<\/h3>\r\n<a href=\"https:\/\/tvnovelas.com.br\/novelas\/\" rel=\"noopener\" target=\"_blank\"><strong>Todos os resumos de novelas<\/strong><\/a><\/br>\r\n<a href=\"https:\/\/www.tvnovelas.com.br\/tvnews\/\" rel=\"noopener\" target=\"_blank\"><strong>\u00daltimas not\u00edcias das novelas<\/strong><\/a><\/br>\r\n<a href=\"https:\/\/www.tvnovelas.com.br\/filmes\/\" target=\"_blank\" rel=\"noopener noreferrer\"><strong>Programa\u00e7\u00e3o de filmes na TV aberta<\/strong><\/a><\/br>\r\n<a href=\"https:\/\/caetenews.com.br\/semana\/filmes-da-globo-na-sessao-da-tarde-desta-semana\/\" target=\"_blank\" rel=\"noopener\"><strong>Confira os filmes da semana na Sess\u00e3o da Tarde<\/strong><\/a><\/br>\r\n<a href=\"https:\/\/classindportal.mj.gov.br\/consulta-filmes\" target=\"_blank\" rel=\"noopener\"><strong>Consulte a classifica\u00e7\u00e3o indicativa dos filmes e novelas<\/strong><\/a><\/br>\n<\/div>\n","protected":false},"excerpt":{"rendered":"<p>Globo reprisa \u2018Terra Nostra\u2019 a partir de setembro&#8230;.<\/p>\n","protected":false},"author":1,"featured_media":80421,"comment_status":"closed","ping_status":"closed","sticky":false,"template":"","format":"standard","meta":{"_uf_show_specific_survey":0,"_uf_disable_surveys":false,"_jetpack_memberships_contains_paid_content":false,"footnotes":"","_wp_rev_ctl_limit":""},"categories":[236,208],"tags":[5,64,954],"class_list":["post-80420","post","type-post","status-publish","format-standard","has-post-thumbnail","hentry","category-globo","category-vale-a-pena-ver-de-novo","tag-globo","tag-novelas","tag-terra-nostra","wpcat-236-id","wpcat-208-id"],"aioseo_notices":[],"jetpack_featured_media_url":"https:\/\/i0.wp.com\/www.tvnovelas.com.br\/tvnews\/wp-content\/uploads\/2025\/08\/11716.jpg?fit=728%2C410&ssl=1","jetpack_shortlink":"https:\/\/wp.me\/pdP2BO-kV6","jetpack_sharing_enabled":true,"_links":{"self":[{"href":"https:\/\/www.tvnovelas.com.br\/tvnews\/wp-json\/wp\/v2\/posts\/80420","targetHints":{"allow":["GET"]}}],"collection":[{"href":"https:\/\/www.tvnovelas.com.br\/tvnews\/wp-json\/wp\/v2\/posts"}],"about":[{"href":"https:\/\/www.tvnovelas.com.br\/tvnews\/wp-json\/wp\/v2\/types\/post"}],"author":[{"embeddable":true,"href":"https:\/\/www.tvnovelas.com.br\/tvnews\/wp-json\/wp\/v2\/users\/1"}],"replies":[{"embeddable":true,"href":"https:\/\/www.tvnovelas.com.br\/tvnews\/wp-json\/wp\/v2\/comments?post=80420"}],"version-history":[{"count":2,"href":"https:\/\/www.tvnovelas.com.br\/tvnews\/wp-json\/wp\/v2\/posts\/80420\/revisions"}],"predecessor-version":[{"id":80423,"href":"https:\/\/www.tvnovelas.com.br\/tvnews\/wp-json\/wp\/v2\/posts\/80420\/revisions\/80423"}],"wp:featuredmedia":[{"embeddable":true,"href":"https:\/\/www.tvnovelas.com.br\/tvnews\/wp-json\/wp\/v2\/media\/80421"}],"wp:attachment":[{"href":"https:\/\/www.tvnovelas.com.br\/tvnews\/wp-json\/wp\/v2\/media?parent=80420"}],"wp:term":[{"taxonomy":"category","embeddable":true,"href":"https:\/\/www.tvnovelas.com.br\/tvnews\/wp-json\/wp\/v2\/categories?post=80420"},{"taxonomy":"post_tag","embeddable":true,"href":"https:\/\/www.tvnovelas.com.br\/tvnews\/wp-json\/wp\/v2\/tags?post=80420"}],"curies":[{"name":"wp","href":"https:\/\/api.w.org\/{rel}","templated":true}]}}