{"id":80426,"date":"2025-08-07T07:51:41","date_gmt":"2025-08-07T10:51:41","guid":{"rendered":"https:\/\/www.tvnovelas.com.br\/tvnews\/?p=80426"},"modified":"2025-08-07T07:51:41","modified_gmt":"2025-08-07T10:51:41","slug":"eta-mundo-melhor-acusado-de-roubo-samir-e-humilhado-e-desaparece","status":"publish","type":"post","link":"https:\/\/www.tvnovelas.com.br\/tvnews\/eta-mundo-melhor-acusado-de-roubo-samir-e-humilhado-e-desaparece\/","title":{"rendered":"\u00cata Mundo Melhor!: Acusado de roubo, Samir \u00e9 humilhado e desaparece"},"content":{"rendered":"<figure id=\"attachment_80427\" aria-describedby=\"caption-attachment-80427\" style=\"width: 728px\" class=\"wp-caption alignnone\"><img data-recalc-dims=\"1\" decoding=\"async\" class=\"wp-image-80427 size-full\" title=\"(Foto: TV Globo\/\u00cata Mundo Melhor!)\" src=\"https:\/\/i0.wp.com\/www.tvnovelas.com.br\/tvnews\/wp-content\/uploads\/2025\/08\/11717.jpg?resize=728%2C409&#038;ssl=1\" alt=\"Foto em \u00cata Mundo Melhor!: Acusado de roubo, Samir \u00e9 humilhado e desaparece\" width=\"728\" height=\"409\" srcset=\"https:\/\/i0.wp.com\/www.tvnovelas.com.br\/tvnews\/wp-content\/uploads\/2025\/08\/11717.jpg?w=728&amp;ssl=1 728w, https:\/\/i0.wp.com\/www.tvnovelas.com.br\/tvnews\/wp-content\/uploads\/2025\/08\/11717.jpg?resize=250%2C140&amp;ssl=1 250w\" sizes=\"(max-width: 728px) 100vw, 728px\" \/><figcaption id=\"caption-attachment-80427\" class=\"wp-caption-text\">\u00cata Mundo Melhor!: Acusado de roubo, Samir \u00e9 humilhado e desaparece<\/figcaption><\/figure>\n<p>Em \u00cata Mundo Melhor!, Zulma (Heloisa P\u00e9riss\u00e9) n\u00e3o perde a oportunidade para fazer suas maldades. Na festa de anivers\u00e1rio que Candinho (Sergio Guiz\u00e9) organizou para Samir (Davi Malizia) na mans\u00e3o, ela armou um plano para separar pai e filho. Para isso, a dona do orfanato roubou um camafeu valioso do anfitri\u00e3o e deu um jeito de colocar no bolso do menino.<\/p>\n<p>Candinho ficar\u00e1 incr\u00e9dulo com a situa\u00e7\u00e3o. E Samir tentar\u00e1 provar a sua inoc\u00eancia diante de todos os convidados.<\/p>\n<p>&#8220;Eu juro! N\u00e3o roubei nada!&#8221;, promete o rapazinho.<\/p>\n<p>&#8220;N\u00e3o minta, Samir! O camafeu estava em seu bolso! Todos viram! [&#8230;] Ai de mim, que dou duro para criar meus anjinhos e o que recebo em troca? Ingratid\u00e3o! Estou muito decepcionada com voc\u00ea, Samir! Muito! &#8220;, diz Zulma.<\/p>\n<p>Celso (Rainer Cadete) bota mais lenha na fogueira e pergunta por que Samir roubou a joia. O garoto continua afirmando que n\u00e3o cometeu nenhum delito, e Candinho sai em sua defesa:<\/p>\n<p>&#8220;Oc\u00eais qu\u00e9 par\u00e1 cum isso, qui o minino num \u00e9 ladr\u00e3o? \u00d4, Samir, se oc\u00ea peg\u00f4 o camafeu, t\u00e1 tudo bem, num v\u00f4 fic\u00e1 bravo!&#8221;<\/p>\n<p>&#8220;N\u00e3o fiz nada disso, Candinho!&#8221;, diz o menino, chateado.<\/p>\n<p>Acuado, Samir sai correndo e deixa todo mundo preocupado com o seu sumi\u00e7o.<br \/>\n<!--FIM--><\/p>\n<h2>Sobre a novela:<\/h2>\n<p><a href=\"https:\/\/tvnovelas.com.br\/page2\/arquivo\/eta-mundo-melhor-a-volta-de-candinho-e-policarpo\/&quot;\" target=\"_blank\" rel=\"noopener\">\u00cata Mundo Melhor!: A volta de Candinho e Policarpo<\/a> (Sinopse)<br \/>\n<a href=\"https:\/\/pt.wikipedia.org\/wiki\/%C3%8Ata_Mundo_Melhor!\" target=\"_blank\" rel=\"noopener\">Sobre \u00cata Mundo Melhor!, na Wikipedia<\/a><\/p>\n<div style=\"font-size: 120%;\"><h3>Confira tamb\u00e9m<\/h3>\r\n<a href=\"https:\/\/tvnovelas.com.br\/novelas\/\" rel=\"noopener\" target=\"_blank\"><strong>Todos os resumos de novelas<\/strong><\/a><\/br>\r\n<a href=\"https:\/\/www.tvnovelas.com.br\/tvnews\/\" rel=\"noopener\" target=\"_blank\"><strong>\u00daltimas not\u00edcias das novelas<\/strong><\/a><\/br>\r\n<a href=\"https:\/\/www.tvnovelas.com.br\/filmes\/\" target=\"_blank\" rel=\"noopener noreferrer\"><strong>Programa\u00e7\u00e3o de filmes na TV aberta<\/strong><\/a><\/br>\r\n<a href=\"https:\/\/caetenews.com.br\/semana\/filmes-da-globo-na-sessao-da-tarde-desta-semana\/\" target=\"_blank\" rel=\"noopener\"><strong>Confira os filmes da semana na Sess\u00e3o da Tarde<\/strong><\/a><\/br>\r\n<a href=\"https:\/\/classindportal.mj.gov.br\/consulta-filmes\" target=\"_blank\" rel=\"noopener\"><strong>Consulte a classifica\u00e7\u00e3o indicativa dos filmes e novelas<\/strong><\/a><\/br><\/div>\n","protected":false},"excerpt":{"rendered":"<p>\u00cata Mundo Melhor!: Acusado de roubo, Samir \u00e9 humilhado e desaparece&#8230; Em \u00cata Mundo Melhor!, Zulma (Heloisa P\u00e9riss\u00e9) n\u00e3o perde a oportunidade&#8230;<\/p>\n","protected":false},"author":1,"featured_media":80427,"comment_status":"closed","ping_status":"closed","sticky":false,"template":"","format":"standard","meta":{"_uf_show_specific_survey":0,"_uf_disable_surveys":false,"_jetpack_memberships_contains_paid_content":false,"footnotes":"","_wp_rev_ctl_limit":""},"categories":[920],"tags":[921,5,64],"class_list":["post-80426","post","type-post","status-publish","format-standard","has-post-thumbnail","hentry","category-eta-mundo-melhor","tag-eta-mundo-melhor","tag-globo","tag-novelas","wpcat-920-id"],"aioseo_notices":[],"jetpack_featured_media_url":"https:\/\/i0.wp.com\/www.tvnovelas.com.br\/tvnews\/wp-content\/uploads\/2025\/08\/11717.jpg?fit=728%2C409&ssl=1","jetpack_shortlink":"https:\/\/wp.me\/pdP2BO-kVc","jetpack_sharing_enabled":true,"_links":{"self":[{"href":"https:\/\/www.tvnovelas.com.br\/tvnews\/wp-json\/wp\/v2\/posts\/80426","targetHints":{"allow":["GET"]}}],"collection":[{"href":"https:\/\/www.tvnovelas.com.br\/tvnews\/wp-json\/wp\/v2\/posts"}],"about":[{"href":"https:\/\/www.tvnovelas.com.br\/tvnews\/wp-json\/wp\/v2\/types\/post"}],"author":[{"embeddable":true,"href":"https:\/\/www.tvnovelas.com.br\/tvnews\/wp-json\/wp\/v2\/users\/1"}],"replies":[{"embeddable":true,"href":"https:\/\/www.tvnovelas.com.br\/tvnews\/wp-json\/wp\/v2\/comments?post=80426"}],"version-history":[{"count":2,"href":"https:\/\/www.tvnovelas.com.br\/tvnews\/wp-json\/wp\/v2\/posts\/80426\/revisions"}],"predecessor-version":[{"id":80429,"href":"https:\/\/www.tvnovelas.com.br\/tvnews\/wp-json\/wp\/v2\/posts\/80426\/revisions\/80429"}],"wp:featuredmedia":[{"embeddable":true,"href":"https:\/\/www.tvnovelas.com.br\/tvnews\/wp-json\/wp\/v2\/media\/80427"}],"wp:attachment":[{"href":"https:\/\/www.tvnovelas.com.br\/tvnews\/wp-json\/wp\/v2\/media?parent=80426"}],"wp:term":[{"taxonomy":"category","embeddable":true,"href":"https:\/\/www.tvnovelas.com.br\/tvnews\/wp-json\/wp\/v2\/categories?post=80426"},{"taxonomy":"post_tag","embeddable":true,"href":"https:\/\/www.tvnovelas.com.br\/tvnews\/wp-json\/wp\/v2\/tags?post=80426"}],"curies":[{"name":"wp","href":"https:\/\/api.w.org\/{rel}","templated":true}]}}