{"id":80435,"date":"2025-08-07T08:35:33","date_gmt":"2025-08-07T11:35:33","guid":{"rendered":"https:\/\/www.tvnovelas.com.br\/tvnews\/?p=80435"},"modified":"2025-08-07T08:35:33","modified_gmt":"2025-08-07T11:35:33","slug":"vale-tudo-afonso-compra-joia-para-fatima","status":"publish","type":"post","link":"https:\/\/www.tvnovelas.com.br\/tvnews\/vale-tudo-afonso-compra-joia-para-fatima\/","title":{"rendered":"Vale Tudo: Afonso compra joia para F\u00e1tima"},"content":{"rendered":"<figure id=\"attachment_80436\" aria-describedby=\"caption-attachment-80436\" style=\"width: 728px\" class=\"wp-caption alignnone\"><img data-recalc-dims=\"1\" decoding=\"async\" class=\"wp-image-80436 size-full\" title=\"(Foto: TV Globo\/Vale Tudo)\" src=\"https:\/\/i0.wp.com\/www.tvnovelas.com.br\/tvnews\/wp-content\/uploads\/2025\/08\/11719.jpg?resize=728%2C410&#038;ssl=1\" alt=\"Foto em Vale Tudo: Afonso compra joia para F\u00e1tima\" width=\"728\" height=\"410\" srcset=\"https:\/\/i0.wp.com\/www.tvnovelas.com.br\/tvnews\/wp-content\/uploads\/2025\/08\/11719.jpg?w=728&amp;ssl=1 728w, https:\/\/i0.wp.com\/www.tvnovelas.com.br\/tvnews\/wp-content\/uploads\/2025\/08\/11719.jpg?resize=250%2C141&amp;ssl=1 250w\" sizes=\"(max-width: 728px) 100vw, 728px\" \/><figcaption id=\"caption-attachment-80436\" class=\"wp-caption-text\">Vale Tudo: Afonso compra joia para F\u00e1tima<\/figcaption><\/figure>\n<p>Em Vale Tudo, Em Vale Tudo, Afonso (Humberto Carr\u00e3o) est\u00e1 fazendo de tudo para retomar a normalidade de sua vida, mas est\u00e1 dif\u00edcil esquecer a noite que passou com Solange (Alice Wegmann). F\u00e1tima (Bella Campos) j\u00e1 est\u00e1 notando que o marido ainda estranho e vai ficar ainda mais desconfiada com uma atitude cheia de culpa que ele ter\u00e1.<\/p>\n<p>A dondoca est\u00e1 fazendo aquilo que faz de melhor que \u00e9 pensar em si mesma e nota o marido a\u00e9reo. Quando ele volta a si, tenta surpreender a amada com um presente.<\/p>\n<p>\u201cEu tenho uma surpresa para voc\u00ea\u201d, diz, dando uma caixinha para ela.<\/p>\n<p>\u201cA surpresa vem nessa caixinha? J\u00e1 gostei.\u201d<\/p>\n<p>Ela gosta ainda mais quando v\u00ea que dentro da caixinha tem um par de brincos car\u00edssimos.<\/p>\n<p>\u201cO que eu fiz pra merecer uma surpresa dessas?\u201d<\/p>\n<p>\u201cVoc\u00ea faz todo dia. Eu te amo.\u201d<\/p>\n<p>F\u00e1tima, logicamente, ama os brincos, mas sente o cheiro de trai\u00e7\u00e3o no ar. E ela fica mais preocupada quando visita C\u00e9sar (Cau\u00e3 Reymond), que alerta:<\/p>\n<p>\u201cJoia, de presente, sem mais nem menos? Isso \u00e9 o pr\u00e9-prim\u00e1rio da culpa.\u201d<\/p>\n<p>Quando ela conta a vers\u00e3o de Afonso, de que dormiu fora cuidando do amigo b\u00eabado, o modelo acerta em cheio o palpite:<\/p>\n<p>\u201cSei bem quem era esse amigo b\u00eabado&#8230;\u201d<\/p>\n<p>\u201cT\u00e1 insinuando o qu\u00ea?\u201d<\/p>\n<p>\u201cQue esse amiguinho \u00e9 a sua ex-amiga Solange.\u201d<br \/>\n<!--FIM--><br \/>\n<strong>Sobre a novela<\/strong><br \/>\n<a href=\"https:\/\/wp.me\/pfspD2-U7\" target=\"_blank\" rel=\"noopener\">Vale Tudo: Conflitos de princ\u00edpios e valores (Sinopse)<\/a><\/p>\n<p><a href=\"https:\/\/wp.me\/pfspD2-oI\" target=\"_blank\" rel=\"noopener\">Vale Tudo: Invers\u00e3o de valores no final dos anos 1980<\/a> (Sinopse)<\/p>\n<div style=\"font-size: 120%;\"><h3>Confira tamb\u00e9m<\/h3>\r\n<a href=\"https:\/\/tvnovelas.com.br\/novelas\/\" rel=\"noopener\" target=\"_blank\"><strong>Todos os resumos de novelas<\/strong><\/a><\/br>\r\n<a href=\"https:\/\/www.tvnovelas.com.br\/tvnews\/\" rel=\"noopener\" target=\"_blank\"><strong>\u00daltimas not\u00edcias das novelas<\/strong><\/a><\/br>\r\n<a href=\"https:\/\/www.tvnovelas.com.br\/filmes\/\" target=\"_blank\" rel=\"noopener noreferrer\"><strong>Programa\u00e7\u00e3o de filmes na TV aberta<\/strong><\/a><\/br>\r\n<a href=\"https:\/\/caetenews.com.br\/semana\/filmes-da-globo-na-sessao-da-tarde-desta-semana\/\" target=\"_blank\" rel=\"noopener\"><strong>Confira os filmes da semana na Sess\u00e3o da Tarde<\/strong><\/a><\/br>\r\n<a href=\"https:\/\/classindportal.mj.gov.br\/consulta-filmes\" target=\"_blank\" rel=\"noopener\"><strong>Consulte a classifica\u00e7\u00e3o indicativa dos filmes e novelas<\/strong><\/a><\/br><br \/>\n&lt;\/div<\/div>\n","protected":false},"excerpt":{"rendered":"<p>Vale Tudo: Afonso compra joia para F\u00e1tima&#8230; Em Vale Tudo, Em Vale Tudo, Afonso (Humberto Carr\u00e3o) est\u00e1 fazendo de tudo para retomar a normalidade&#8230;<\/p>\n","protected":false},"author":1,"featured_media":80436,"comment_status":"closed","ping_status":"closed","sticky":false,"template":"","format":"standard","meta":{"_uf_show_specific_survey":0,"_uf_disable_surveys":false,"_jetpack_memberships_contains_paid_content":false,"footnotes":"","_wp_rev_ctl_limit":""},"categories":[871],"tags":[5,64,801],"class_list":["post-80435","post","type-post","status-publish","format-standard","has-post-thumbnail","hentry","category-vale-tudo","tag-globo","tag-novelas","tag-vale-tudo","wpcat-871-id"],"aioseo_notices":[],"jetpack_featured_media_url":"https:\/\/i0.wp.com\/www.tvnovelas.com.br\/tvnews\/wp-content\/uploads\/2025\/08\/11719.jpg?fit=728%2C410&ssl=1","jetpack_shortlink":"https:\/\/wp.me\/pdP2BO-kVl","jetpack_sharing_enabled":true,"_links":{"self":[{"href":"https:\/\/www.tvnovelas.com.br\/tvnews\/wp-json\/wp\/v2\/posts\/80435","targetHints":{"allow":["GET"]}}],"collection":[{"href":"https:\/\/www.tvnovelas.com.br\/tvnews\/wp-json\/wp\/v2\/posts"}],"about":[{"href":"https:\/\/www.tvnovelas.com.br\/tvnews\/wp-json\/wp\/v2\/types\/post"}],"author":[{"embeddable":true,"href":"https:\/\/www.tvnovelas.com.br\/tvnews\/wp-json\/wp\/v2\/users\/1"}],"replies":[{"embeddable":true,"href":"https:\/\/www.tvnovelas.com.br\/tvnews\/wp-json\/wp\/v2\/comments?post=80435"}],"version-history":[{"count":1,"href":"https:\/\/www.tvnovelas.com.br\/tvnews\/wp-json\/wp\/v2\/posts\/80435\/revisions"}],"predecessor-version":[{"id":80437,"href":"https:\/\/www.tvnovelas.com.br\/tvnews\/wp-json\/wp\/v2\/posts\/80435\/revisions\/80437"}],"wp:featuredmedia":[{"embeddable":true,"href":"https:\/\/www.tvnovelas.com.br\/tvnews\/wp-json\/wp\/v2\/media\/80436"}],"wp:attachment":[{"href":"https:\/\/www.tvnovelas.com.br\/tvnews\/wp-json\/wp\/v2\/media?parent=80435"}],"wp:term":[{"taxonomy":"category","embeddable":true,"href":"https:\/\/www.tvnovelas.com.br\/tvnews\/wp-json\/wp\/v2\/categories?post=80435"},{"taxonomy":"post_tag","embeddable":true,"href":"https:\/\/www.tvnovelas.com.br\/tvnews\/wp-json\/wp\/v2\/tags?post=80435"}],"curies":[{"name":"wp","href":"https:\/\/api.w.org\/{rel}","templated":true}]}}