{"id":80442,"date":"2025-08-07T09:18:21","date_gmt":"2025-08-07T12:18:21","guid":{"rendered":"https:\/\/www.tvnovelas.com.br\/tvnews\/?p=80442"},"modified":"2025-08-07T09:21:11","modified_gmt":"2025-08-07T12:21:11","slug":"80442-2","status":"publish","type":"post","link":"https:\/\/www.tvnovelas.com.br\/tvnews\/80442-2\/","title":{"rendered":"Sangue Oculto:  Vanda \u00e9 v\u00edtima da vingan\u00e7a de Patr\u00edcia"},"content":{"rendered":"<figure id=\"attachment_80443\" aria-describedby=\"caption-attachment-80443\" style=\"width: 728px\" class=\"wp-caption alignnone\"><img data-recalc-dims=\"1\" decoding=\"async\" class=\"wp-image-80443 size-full\" title=\"(Foto: TV Brasil\/Sangue Oculto)\" src=\"https:\/\/i0.wp.com\/www.tvnovelas.com.br\/tvnews\/wp-content\/uploads\/2025\/08\/11720.jpg?resize=728%2C409&#038;ssl=1\" alt=\"Foto em Sangue Oculto: Vanda \u00e9 v\u00edtima da vingan\u00e7a de Patr\u00edcia\" width=\"728\" height=\"409\" srcset=\"https:\/\/i0.wp.com\/www.tvnovelas.com.br\/tvnews\/wp-content\/uploads\/2025\/08\/11720.jpg?w=728&amp;ssl=1 728w, https:\/\/i0.wp.com\/www.tvnovelas.com.br\/tvnews\/wp-content\/uploads\/2025\/08\/11720.jpg?resize=250%2C140&amp;ssl=1 250w\" sizes=\"(max-width: 728px) 100vw, 728px\" \/><figcaption id=\"caption-attachment-80443\" class=\"wp-caption-text\">Sangue Oculto: Vanda \u00e9 v\u00edtima da vingan\u00e7a de Patr\u00edcia<\/figcaption><\/figure>\n<p>No \u00faltimo cap\u00edtulo de Sangue Oculto, nesta quinta, dia 07, Vanda (Luana Piovani) finalmente paga por todos os crimes que cometeu ao longo da hist\u00f3ria \u2013 e o golpe final vem justamente de quem ela menos esperava: Patr\u00edcia (Madalena Arag\u00e3o).<\/p>\n<p>Ap\u00f3s manipula\u00e7\u00f5es, sequestros e alian\u00e7as perigosas, Vanda acreditava estar no controle da situa\u00e7\u00e3o. No entanto, Patr\u00edcia \u2013 que havia jurado vingan\u00e7a ap\u00f3s ser tra\u00edda e usada por Vanda \u2013 arma uma emboscada para desmascar\u00e1-la de uma vez por todas. Em um confronto decisivo, Patr\u00edcia grava uma confiss\u00e3o de Vanda e entrega todas as provas \u00e0s autoridades.<\/p>\n<p>A vil\u00e3 tenta fugir, mas \u00e9 capturada diante de todos, encerrando sua trajet\u00f3ria com a pris\u00e3o. A cena foi marcada por tens\u00e3o e aplausos dos personagens que sofreram em suas m\u00e3os, incluindo Teresa, Benedita e Carmo.<\/p>\n<h2 style=\"color: #3e5f44;\">Resumo de quinta-feira, 07 de agosto<\/h2>\n<p><strong>\u00daltimo cap\u00edtulo<\/strong><br \/>\nA pol\u00edcia consegue impedir Vanda de atentar contra as g\u00eameas. O local onde Olavo e Teresa est\u00e3o presos \u00e9 descoberto e eles s\u00e3o resgatados. Vanda \u00e9 presa. A fam\u00edlia de Olavo e Teresa se re\u00fane novamente. Vanda \u00e9 v\u00edtima da vingan\u00e7a de Patr\u00edcia. Carolina surpreende Tiago. E Benedita e Pedro t\u00eam planos profissionais.<\/p>\n<h2>Saiba mais<\/h2>\n<p><a href=\"https:\/\/wp.me\/pfspD2-TZ\" target=\"_blank\" rel=\"noopener\">Sangue Oculto: G\u00eameas que nunca se viram<\/a><\/p>\n<div style=\"font-size: 120%;\"><h3>Confira tamb\u00e9m<\/h3>\r\n<a href=\"https:\/\/tvnovelas.com.br\/novelas\/\" rel=\"noopener\" target=\"_blank\"><strong>Todos os resumos de novelas<\/strong><\/a><\/br>\r\n<a href=\"https:\/\/www.tvnovelas.com.br\/tvnews\/\" rel=\"noopener\" target=\"_blank\"><strong>\u00daltimas not\u00edcias das novelas<\/strong><\/a><\/br>\r\n<a href=\"https:\/\/www.tvnovelas.com.br\/filmes\/\" target=\"_blank\" rel=\"noopener noreferrer\"><strong>Programa\u00e7\u00e3o de filmes na TV aberta<\/strong><\/a><\/br>\r\n<a href=\"https:\/\/caetenews.com.br\/semana\/filmes-da-globo-na-sessao-da-tarde-desta-semana\/\" target=\"_blank\" rel=\"noopener\"><strong>Confira os filmes da semana na Sess\u00e3o da Tarde<\/strong><\/a><\/br>\r\n<a href=\"https:\/\/classindportal.mj.gov.br\/consulta-filmes\" target=\"_blank\" rel=\"noopener\"><strong>Consulte a classifica\u00e7\u00e3o indicativa dos filmes e novelas<\/strong><\/a><\/br><\/div>\n","protected":false},"excerpt":{"rendered":"<p>Sangue Oculto:  Vanda \u00e9 v\u00edtima da vingan\u00e7a de Patr\u00edcia&#8230; Vanda (Luana Piovani) finalmente paga por todos os crimes que cometeu ao longo da hist\u00f3ria&#8230;<\/p>\n","protected":false},"author":1,"featured_media":80443,"comment_status":"closed","ping_status":"closed","sticky":false,"template":"","format":"standard","meta":{"_uf_show_specific_survey":0,"_uf_disable_surveys":false,"_jetpack_memberships_contains_paid_content":false,"footnotes":"","_wp_rev_ctl_limit":""},"categories":[351],"tags":[64,870,255],"class_list":["post-80442","post","type-post","status-publish","format-standard","has-post-thumbnail","hentry","category-tv-brasil","tag-novelas","tag-sangue-oculto","tag-tv-brasil","wpcat-351-id"],"aioseo_notices":[],"jetpack_featured_media_url":"https:\/\/i0.wp.com\/www.tvnovelas.com.br\/tvnews\/wp-content\/uploads\/2025\/08\/11720.jpg?fit=728%2C409&ssl=1","jetpack_shortlink":"https:\/\/wp.me\/pdP2BO-kVs","jetpack_sharing_enabled":true,"_links":{"self":[{"href":"https:\/\/www.tvnovelas.com.br\/tvnews\/wp-json\/wp\/v2\/posts\/80442","targetHints":{"allow":["GET"]}}],"collection":[{"href":"https:\/\/www.tvnovelas.com.br\/tvnews\/wp-json\/wp\/v2\/posts"}],"about":[{"href":"https:\/\/www.tvnovelas.com.br\/tvnews\/wp-json\/wp\/v2\/types\/post"}],"author":[{"embeddable":true,"href":"https:\/\/www.tvnovelas.com.br\/tvnews\/wp-json\/wp\/v2\/users\/1"}],"replies":[{"embeddable":true,"href":"https:\/\/www.tvnovelas.com.br\/tvnews\/wp-json\/wp\/v2\/comments?post=80442"}],"version-history":[{"count":4,"href":"https:\/\/www.tvnovelas.com.br\/tvnews\/wp-json\/wp\/v2\/posts\/80442\/revisions"}],"predecessor-version":[{"id":80447,"href":"https:\/\/www.tvnovelas.com.br\/tvnews\/wp-json\/wp\/v2\/posts\/80442\/revisions\/80447"}],"wp:featuredmedia":[{"embeddable":true,"href":"https:\/\/www.tvnovelas.com.br\/tvnews\/wp-json\/wp\/v2\/media\/80443"}],"wp:attachment":[{"href":"https:\/\/www.tvnovelas.com.br\/tvnews\/wp-json\/wp\/v2\/media?parent=80442"}],"wp:term":[{"taxonomy":"category","embeddable":true,"href":"https:\/\/www.tvnovelas.com.br\/tvnews\/wp-json\/wp\/v2\/categories?post=80442"},{"taxonomy":"post_tag","embeddable":true,"href":"https:\/\/www.tvnovelas.com.br\/tvnews\/wp-json\/wp\/v2\/tags?post=80442"}],"curies":[{"name":"wp","href":"https:\/\/api.w.org\/{rel}","templated":true}]}}