{"id":80450,"date":"2025-08-07T09:56:18","date_gmt":"2025-08-07T12:56:18","guid":{"rendered":"https:\/\/www.tvnovelas.com.br\/tvnews\/?p=80450"},"modified":"2025-08-07T09:56:18","modified_gmt":"2025-08-07T12:56:18","slug":"paulo-o-apostolo-um-reencontro-surpreende-paulo","status":"publish","type":"post","link":"https:\/\/www.tvnovelas.com.br\/tvnews\/paulo-o-apostolo-um-reencontro-surpreende-paulo\/","title":{"rendered":"Paulo, O Ap\u00f3stolo: Um reencontro surpreende Paulo"},"content":{"rendered":"<figure id=\"attachment_80451\" aria-describedby=\"caption-attachment-80451\" style=\"width: 728px\" class=\"wp-caption alignnone\"><img data-recalc-dims=\"1\" decoding=\"async\" class=\"wp-image-80451 size-full\" title=\"(Foto TV Record\/ Paulo, O Ap\u00f3stolo)\" src=\"https:\/\/i0.wp.com\/www.tvnovelas.com.br\/tvnews\/wp-content\/uploads\/2025\/08\/11721.jpg?resize=728%2C410&#038;ssl=1\" alt=\"Foto em Paulo, O Ap\u00f3stolo: Um reencontro surpreende Paulo\" width=\"728\" height=\"410\" srcset=\"https:\/\/i0.wp.com\/www.tvnovelas.com.br\/tvnews\/wp-content\/uploads\/2025\/08\/11721.jpg?w=728&amp;ssl=1 728w, https:\/\/i0.wp.com\/www.tvnovelas.com.br\/tvnews\/wp-content\/uploads\/2025\/08\/11721.jpg?resize=250%2C141&amp;ssl=1 250w\" sizes=\"(max-width: 728px) 100vw, 728px\" \/><figcaption id=\"caption-attachment-80451\" class=\"wp-caption-text\">Paulo, O Ap\u00f3stolo: Um reencontro surpreende Paulo<\/figcaption><\/figure>\n<p>No cap\u00edtulo da novela Paulo, O Ap\u00f3stolo desta quinta, dia 07, em meio ao teatro lotado pela multid\u00e3o, Paulo (Murilo Cezar) \u00e9 surpreendido por um reencontro inesperado que abala suas emo\u00e7\u00f5es e o faz relembrar momentos marcantes de sua jornada.<\/p>\n<p>O reencontro ocorre em um momento crucial, quando Paulo se prepara para mais uma prega\u00e7\u00e3o diante do p\u00fablico. A apari\u00e7\u00e3o de Barnab\u00e9 (Caetano O\u2019Maihlan) deixa o ap\u00f3stolo comovido e reflexivo, despertando sentimentos adormecidos e lembran\u00e7as intensas de sua trajet\u00f3ria de f\u00e9, luta e transforma\u00e7\u00e3o.<br \/>\n<!--FIM--><\/p>\n<div style=\"font-size: 120%;\"><h3>Confira tamb\u00e9m<\/h3>\r\n<a href=\"https:\/\/tvnovelas.com.br\/novelas\/\" rel=\"noopener\" target=\"_blank\"><strong>Todos os resumos de novelas<\/strong><\/a><\/br>\r\n<a href=\"https:\/\/www.tvnovelas.com.br\/tvnews\/\" rel=\"noopener\" target=\"_blank\"><strong>\u00daltimas not\u00edcias das novelas<\/strong><\/a><\/br>\r\n<a href=\"https:\/\/www.tvnovelas.com.br\/filmes\/\" target=\"_blank\" rel=\"noopener noreferrer\"><strong>Programa\u00e7\u00e3o de filmes na TV aberta<\/strong><\/a><\/br>\r\n<a href=\"https:\/\/caetenews.com.br\/semana\/filmes-da-globo-na-sessao-da-tarde-desta-semana\/\" target=\"_blank\" rel=\"noopener\"><strong>Confira os filmes da semana na Sess\u00e3o da Tarde<\/strong><\/a><\/br>\r\n<a href=\"https:\/\/classindportal.mj.gov.br\/consulta-filmes\" target=\"_blank\" rel=\"noopener\"><strong>Consulte a classifica\u00e7\u00e3o indicativa dos filmes e novelas<\/strong><\/a><\/br><\/div>\n","protected":false},"excerpt":{"rendered":"<p>Paulo, O Ap\u00f3stolo: Um reencontro surpreende Paulo&#8230;. No cap\u00edtulo da novela Paulo, O Ap\u00f3stolo desta quinta, dia 07, em meio ao teatro lotado&#8230;<\/p>\n","protected":false},"author":1,"featured_media":80451,"comment_status":"closed","ping_status":"closed","sticky":false,"template":"","format":"standard","meta":{"_uf_show_specific_survey":0,"_uf_disable_surveys":false,"_jetpack_memberships_contains_paid_content":false,"footnotes":"","_wp_rev_ctl_limit":""},"categories":[925],"tags":[64,932,14],"class_list":["post-80450","post","type-post","status-publish","format-standard","has-post-thumbnail","hentry","category-paulo","tag-novelas","tag-paulo-o-apostolo","tag-record","wpcat-925-id"],"aioseo_notices":[],"jetpack_featured_media_url":"https:\/\/i0.wp.com\/www.tvnovelas.com.br\/tvnews\/wp-content\/uploads\/2025\/08\/11721.jpg?fit=728%2C410&ssl=1","jetpack_shortlink":"https:\/\/wp.me\/pdP2BO-kVA","jetpack_sharing_enabled":true,"_links":{"self":[{"href":"https:\/\/www.tvnovelas.com.br\/tvnews\/wp-json\/wp\/v2\/posts\/80450","targetHints":{"allow":["GET"]}}],"collection":[{"href":"https:\/\/www.tvnovelas.com.br\/tvnews\/wp-json\/wp\/v2\/posts"}],"about":[{"href":"https:\/\/www.tvnovelas.com.br\/tvnews\/wp-json\/wp\/v2\/types\/post"}],"author":[{"embeddable":true,"href":"https:\/\/www.tvnovelas.com.br\/tvnews\/wp-json\/wp\/v2\/users\/1"}],"replies":[{"embeddable":true,"href":"https:\/\/www.tvnovelas.com.br\/tvnews\/wp-json\/wp\/v2\/comments?post=80450"}],"version-history":[{"count":1,"href":"https:\/\/www.tvnovelas.com.br\/tvnews\/wp-json\/wp\/v2\/posts\/80450\/revisions"}],"predecessor-version":[{"id":80452,"href":"https:\/\/www.tvnovelas.com.br\/tvnews\/wp-json\/wp\/v2\/posts\/80450\/revisions\/80452"}],"wp:featuredmedia":[{"embeddable":true,"href":"https:\/\/www.tvnovelas.com.br\/tvnews\/wp-json\/wp\/v2\/media\/80451"}],"wp:attachment":[{"href":"https:\/\/www.tvnovelas.com.br\/tvnews\/wp-json\/wp\/v2\/media?parent=80450"}],"wp:term":[{"taxonomy":"category","embeddable":true,"href":"https:\/\/www.tvnovelas.com.br\/tvnews\/wp-json\/wp\/v2\/categories?post=80450"},{"taxonomy":"post_tag","embeddable":true,"href":"https:\/\/www.tvnovelas.com.br\/tvnews\/wp-json\/wp\/v2\/tags?post=80450"}],"curies":[{"name":"wp","href":"https:\/\/api.w.org\/{rel}","templated":true}]}}