{"id":80460,"date":"2025-08-08T08:20:29","date_gmt":"2025-08-08T11:20:29","guid":{"rendered":"https:\/\/www.tvnovelas.com.br\/tvnews\/?p=80460"},"modified":"2025-08-08T08:20:29","modified_gmt":"2025-08-08T11:20:29","slug":"eta-mundo-melhor-candinho-faz-pacto-com-samir","status":"publish","type":"post","link":"https:\/\/www.tvnovelas.com.br\/tvnews\/eta-mundo-melhor-candinho-faz-pacto-com-samir\/","title":{"rendered":"\u00cata Mundo Melhor!: Candinho faz pacto com Samir"},"content":{"rendered":"<figure id=\"attachment_80462\" aria-describedby=\"caption-attachment-80462\" style=\"width: 728px\" class=\"wp-caption alignnone\"><img data-recalc-dims=\"1\" decoding=\"async\" class=\"wp-image-80462 size-full\" title=\"(Foto: TV Globo\/\u00cata Mundo Melhor!)\" src=\"https:\/\/i0.wp.com\/www.tvnovelas.com.br\/tvnews\/wp-content\/uploads\/2025\/08\/11723.jpg?resize=728%2C409&#038;ssl=1\" alt=\"Foto em \u00cata Mundo Melhor!: Candinho faz pacto com Samir\" width=\"728\" height=\"409\" srcset=\"https:\/\/i0.wp.com\/www.tvnovelas.com.br\/tvnews\/wp-content\/uploads\/2025\/08\/11723.jpg?w=728&amp;ssl=1 728w, https:\/\/i0.wp.com\/www.tvnovelas.com.br\/tvnews\/wp-content\/uploads\/2025\/08\/11723.jpg?resize=250%2C140&amp;ssl=1 250w\" sizes=\"(max-width: 728px) 100vw, 728px\" \/><figcaption id=\"caption-attachment-80462\" class=\"wp-caption-text\">\u00cata Mundo Melhor!: Candinho faz pacto com Samir<\/figcaption><\/figure>\n<p>Em \u00cata Mundo Melhor!, Zulma (Heloisa P\u00e9riss\u00e9) aproveitou a festa que Candinho (Sergio Guiz\u00e9) organizou para Samir (Davi Malazia) para tentar separar pai e filho. No evento, que aconteceu na mans\u00e3o, ela roubou o camafeu do anfitri\u00e3o e colocou no bolso do menino, revelando o &#8220;roubo&#8221; diante de todos os convidados. Sentindo-se humilhado, Samir jurou que n\u00e3o foi ele e depois fugiu.<\/p>\n<p>Depois de ficar preocupado com o sumi\u00e7o do menino, Candinho ficar\u00e1 aliviado ao encontrar o jovenzinho no est\u00e1bulo do Policarpo. No reencontro, Samir volta a falar que n\u00e3o pegou o camafeu:<\/p>\n<p>&#8220;Pensam mal de mim porque sou \u00f3rf\u00e3o. N\u00e3o tenho pai nem m\u00e3e pra me defender.&#8221;<\/p>\n<p>Penalizado, Candinho d\u00e1 um abra\u00e7o apertado em Samir:<\/p>\n<p>&#8220;Oc\u00ea tem eu, Samir. Num s\u00f4 seu pai, mais nunca v\u00f4 dex\u00e1 nada de ruim acontic\u00ea proc\u00ea.&#8221;<\/p>\n<p>Samir confessa a Candinho que n\u00e3o deseja voltar ao orfanato, afinal, Zulma vai castig\u00e1-lo por achar que ele roubou o camafeu. O dono da f\u00e1brica de biscoitos, ent\u00e3o, faz um pacto com o menino: ele promete acompanh\u00e1-lo at\u00e9 o abrigo e s\u00f3 deix\u00e1-lo l\u00e1 caso ela prometa que n\u00e3o far\u00e1 nada.<\/p>\n<p>O garoto diz que tem um pressentimento:<\/p>\n<p>&#8220;Policarpo acha que algu\u00e9m escondeu o medalh\u00e3o no meu bolso porque queria ver voc\u00ea triste comigo.&#8221;<\/p>\n<p>Candinho garante que se isso realmente aconteceu, que n\u00e3o adiantou nada:<\/p>\n<p>&#8220;Si foi isso, se deu foi mar, qui fiquemo inda mais amigo. Tudo de ruim que acontece na vida da gente&#8230;&#8221;<\/p>\n<p>&#8220;\u00c9 pra meior\u00e1!&#8221;, completa Samir.<\/p>\n<p>Candinho convence a crian\u00e7a e os dois v\u00e3o em dire\u00e7\u00e3o ao orfanato. Chegando l\u00e1, Zulma recebe o menino com impaci\u00eancia. Samir pergunta se ser\u00e1 castigado, e a mulher responde, com falsidade:<\/p>\n<p>&#8220;Claro que n\u00e3o, meu anjo de candura! Luz de minha vida!&#8221;<\/p>\n<p>Aliviado, Candinho se despede de Samir, mas antes, percebe os p\u00e9s de algu\u00e9m atr\u00e1s da cortina. Sem imaginar que \u00e9 Celso (Rainer Cadete), ele avisa:<\/p>\n<p>&#8220;Eita qui eu vi arguma coisa mexendo atr\u00e1is da curtina. Acho que tem argu\u00e9m iscundido ali!&#8221;<br \/>\n<!--FIM--><\/p>\n<h2>Sobre a novela:<\/h2>\n<p><a href=\"https:\/\/tvnovelas.com.br\/page2\/arquivo\/eta-mundo-melhor-a-volta-de-candinho-e-policarpo\/&quot;\" target=\"_blank\" rel=\"noopener\">\u00cata Mundo Melhor!: A volta de Candinho e Policarpo<\/a> (Sinopse)<br \/>\n<a href=\"https:\/\/pt.wikipedia.org\/wiki\/%C3%8Ata_Mundo_Melhor!\" target=\"_blank\" rel=\"noopener\">Sobre \u00cata Mundo Melhor!, na Wikipedia<\/a><\/p>\n<div style=\"font-size: 120%;\"><h3>Confira tamb\u00e9m<\/h3>\r\n<a href=\"https:\/\/tvnovelas.com.br\/novelas\/\" rel=\"noopener\" target=\"_blank\"><strong>Todos os resumos de novelas<\/strong><\/a><\/br>\r\n<a href=\"https:\/\/www.tvnovelas.com.br\/tvnews\/\" rel=\"noopener\" target=\"_blank\"><strong>\u00daltimas not\u00edcias das novelas<\/strong><\/a><\/br>\r\n<a href=\"https:\/\/www.tvnovelas.com.br\/filmes\/\" target=\"_blank\" rel=\"noopener noreferrer\"><strong>Programa\u00e7\u00e3o de filmes na TV aberta<\/strong><\/a><\/br>\r\n<a href=\"https:\/\/caetenews.com.br\/semana\/filmes-da-globo-na-sessao-da-tarde-desta-semana\/\" target=\"_blank\" rel=\"noopener\"><strong>Confira os filmes da semana na Sess\u00e3o da Tarde<\/strong><\/a><\/br>\r\n<a href=\"https:\/\/classindportal.mj.gov.br\/consulta-filmes\" target=\"_blank\" rel=\"noopener\"><strong>Consulte a classifica\u00e7\u00e3o indicativa dos filmes e novelas<\/strong><\/a><\/br><\/div>\n","protected":false},"excerpt":{"rendered":"<p>\u00cata Mundo Melhor!: Candinho faz pacto com Samir&#8230; Em \u00cata Mundo Melhor!, Zulma (Heloisa P\u00e9riss\u00e9) aproveitou a festa que Candinho&#8230;<\/p>\n","protected":false},"author":1,"featured_media":80462,"comment_status":"closed","ping_status":"closed","sticky":false,"template":"","format":"standard","meta":{"_uf_show_specific_survey":0,"_uf_disable_surveys":false,"_jetpack_memberships_contains_paid_content":false,"footnotes":"","_wp_rev_ctl_limit":""},"categories":[920],"tags":[921,5,64],"class_list":["post-80460","post","type-post","status-publish","format-standard","has-post-thumbnail","hentry","category-eta-mundo-melhor","tag-eta-mundo-melhor","tag-globo","tag-novelas","wpcat-920-id"],"aioseo_notices":[],"jetpack_featured_media_url":"https:\/\/i0.wp.com\/www.tvnovelas.com.br\/tvnews\/wp-content\/uploads\/2025\/08\/11723.jpg?fit=728%2C409&ssl=1","jetpack_shortlink":"https:\/\/wp.me\/pdP2BO-kVK","jetpack_sharing_enabled":true,"_links":{"self":[{"href":"https:\/\/www.tvnovelas.com.br\/tvnews\/wp-json\/wp\/v2\/posts\/80460","targetHints":{"allow":["GET"]}}],"collection":[{"href":"https:\/\/www.tvnovelas.com.br\/tvnews\/wp-json\/wp\/v2\/posts"}],"about":[{"href":"https:\/\/www.tvnovelas.com.br\/tvnews\/wp-json\/wp\/v2\/types\/post"}],"author":[{"embeddable":true,"href":"https:\/\/www.tvnovelas.com.br\/tvnews\/wp-json\/wp\/v2\/users\/1"}],"replies":[{"embeddable":true,"href":"https:\/\/www.tvnovelas.com.br\/tvnews\/wp-json\/wp\/v2\/comments?post=80460"}],"version-history":[{"count":1,"href":"https:\/\/www.tvnovelas.com.br\/tvnews\/wp-json\/wp\/v2\/posts\/80460\/revisions"}],"predecessor-version":[{"id":80463,"href":"https:\/\/www.tvnovelas.com.br\/tvnews\/wp-json\/wp\/v2\/posts\/80460\/revisions\/80463"}],"wp:featuredmedia":[{"embeddable":true,"href":"https:\/\/www.tvnovelas.com.br\/tvnews\/wp-json\/wp\/v2\/media\/80462"}],"wp:attachment":[{"href":"https:\/\/www.tvnovelas.com.br\/tvnews\/wp-json\/wp\/v2\/media?parent=80460"}],"wp:term":[{"taxonomy":"category","embeddable":true,"href":"https:\/\/www.tvnovelas.com.br\/tvnews\/wp-json\/wp\/v2\/categories?post=80460"},{"taxonomy":"post_tag","embeddable":true,"href":"https:\/\/www.tvnovelas.com.br\/tvnews\/wp-json\/wp\/v2\/tags?post=80460"}],"curies":[{"name":"wp","href":"https:\/\/api.w.org\/{rel}","templated":true}]}}