{"id":80465,"date":"2025-08-08T08:43:02","date_gmt":"2025-08-08T11:43:02","guid":{"rendered":"https:\/\/www.tvnovelas.com.br\/tvnews\/?p=80465"},"modified":"2025-08-08T08:43:02","modified_gmt":"2025-08-08T11:43:02","slug":"dona-de-mim-apos-morte-de-abel-inventario-surpreende-a-familia","status":"publish","type":"post","link":"https:\/\/www.tvnovelas.com.br\/tvnews\/dona-de-mim-apos-morte-de-abel-inventario-surpreende-a-familia\/","title":{"rendered":"Dona de Mim: Ap\u00f3s morte de Abel, invent\u00e1rio surpreende a fam\u00edlia"},"content":{"rendered":"<figure id=\"attachment_80466\" aria-describedby=\"caption-attachment-80466\" style=\"width: 728px\" class=\"wp-caption alignnone\"><img data-recalc-dims=\"1\" decoding=\"async\" class=\"wp-image-80466 size-full\" title=\"(Foto: TV Globo\/Dona de Mim)\" src=\"https:\/\/i0.wp.com\/www.tvnovelas.com.br\/tvnews\/wp-content\/uploads\/2025\/08\/11724.jpg?resize=728%2C410&#038;ssl=1\" alt=\"Foto em Dona de Mim: Ap\u00f3s morte de Abel, invent\u00e1rio surpreende a fam\u00edlia\" width=\"728\" height=\"410\" srcset=\"https:\/\/i0.wp.com\/www.tvnovelas.com.br\/tvnews\/wp-content\/uploads\/2025\/08\/11724.jpg?w=728&amp;ssl=1 728w, https:\/\/i0.wp.com\/www.tvnovelas.com.br\/tvnews\/wp-content\/uploads\/2025\/08\/11724.jpg?resize=250%2C141&amp;ssl=1 250w\" sizes=\"(max-width: 728px) 100vw, 728px\" \/><figcaption id=\"caption-attachment-80466\" class=\"wp-caption-text\">Dona de Mim: Ap\u00f3s morte de Abel, invent\u00e1rio surpreende a fam\u00edlia<\/figcaption><\/figure>\n<p>Em Dona de Mim, Abel (Tony Ramos) sofreu um grave acidente de carro provocado por Jaques (Marcello Novaes). O corpo do dono da Boaz foi encontrado pela pol\u00edcia. Assim ser\u00e1 lido o invent\u00e1rio de Abel, uma vez que ele n\u00e3o deixar\u00e1 testamento, e toda a fam\u00edlia Boaz ficar\u00e1 surpresa com o conte\u00fado.<\/p>\n<p>Ap\u00f3s a confirma\u00e7\u00e3o da morte de Abel, um advogado ir\u00e1 at\u00e9 a mans\u00e3o da fam\u00edlia para ler o invent\u00e1rio dos bens dele. Estar\u00e3o presentes a m\u00e3e Rosa (Suely Franco), a esposa Filipa (Cl\u00e1udia Abreu), os filhos Samuel (Juan Paiva), Davi (Rafael Vitti) e Ayla (Bel Lima), al\u00e9m do irm\u00e3o Jaques.<\/p>\n<p>\u201cComo o falecido Abel Rubin Boaz n\u00e3o deixou testamento, daremos in\u00edcio aos procedimentos do invent\u00e1rio de seus bens e a respectiva divis\u00e3o entre os herdeiros necess\u00e1rios, que s\u00e3o sua esposa, Filipa Lopes Guimar\u00e3es, e seus filhos, Ayla Levy Boaz, Davi Levy Boaz e Samuel Levy Boaz\u201d, diz o advogado.<\/p>\n<p>\u201cE a Sofia? Ela tamb\u00e9m \u00e9 filha\u201d, questiona Rosa.<\/p>\n<p>\u201cPor decis\u00e3o judicial, o nome do Abel foi retirado da certid\u00e3o de nascimento da menor. Ela n\u00e3o pode ser relacionada como herdeira\u201d, lembra o profissional.<\/p>\n<p>O advogado dir\u00e1 ainda que as a\u00e7\u00f5es da Boaz j\u00e1 haviam sido partilhadas por Abel entre os filhos e, agora, eles ir\u00e3o assumir o comando delas e ter direito a voto.<\/p>\n<p>\u201c\u00c9, Filipa, da Boaz voc\u00ea n\u00e3o ganha nada\u201d, debocha Jaques.<\/p>\n<p>E a surpresa vir\u00e1 no fim. O advogado dir\u00e1 que Abel ter\u00e1 deixado 25% da mans\u00e3o para seus herdeiros, mas tamb\u00e9m contas vazias e uma d\u00edvida que precisar\u00e1 ser paga.<\/p>\n<p>\u201cNos \u00faltimos dias Abel retirou praticamente todo o dinheiro e deixou pendente uma imensa d\u00edvida, que dever\u00e1 ser paga. A d\u00edvida \u00e9 saldada pelo esp\u00f3lio. Ou seja, a d\u00edvida ser\u00e1 abatida do valor da mans\u00e3o\u201d, avisa.<\/p>\n<p>\u201cFoi o dinheiro do empr\u00e9stimo pra pagar o Vanderson\u201d, lembra Samuel.<\/p>\n<p>\u201cN\u00f3s vamos penhorar nossa casa?\u201d, se desespera Rosa.<\/p>\n<p>E, ent\u00e3o, a solu\u00e7\u00e3o vir\u00e1 de onde menos se espera.<\/p>\n<p>\u201cN\u00e3o, m\u00e3ezinha. N\u00e3o se preocupe. Eu compro a parte do Abel na mans\u00e3o e saldo a d\u00edvida\u201d, garante Jaques.<br \/>\n<!--FIM--><br \/>\n<strong>Sobre a novela<\/strong><br \/>\n<a href=\"https:\/\/wp.me\/pfspD2-UO\" target=\"_blank\" rel=\"noopener\">Dona de Mim: A trama da novela<\/a><br \/>\n<a href=\"https:\/\/wp.me\/pfspD2-UG\" target=\"_blank\" rel=\"noopener\">Dona de Mim: A fam\u00edlia Boaz e seu imp\u00e9rio de lingerie<\/a><\/p>\n<div style=\"font-size: 120%;\"><h3>Confira tamb\u00e9m<\/h3>\r\n<a href=\"https:\/\/tvnovelas.com.br\/novelas\/\" rel=\"noopener\" target=\"_blank\"><strong>Todos os resumos de novelas<\/strong><\/a><\/br>\r\n<a href=\"https:\/\/www.tvnovelas.com.br\/tvnews\/\" rel=\"noopener\" target=\"_blank\"><strong>\u00daltimas not\u00edcias das novelas<\/strong><\/a><\/br>\r\n<a href=\"https:\/\/www.tvnovelas.com.br\/filmes\/\" target=\"_blank\" rel=\"noopener noreferrer\"><strong>Programa\u00e7\u00e3o de filmes na TV aberta<\/strong><\/a><\/br>\r\n<a href=\"https:\/\/caetenews.com.br\/semana\/filmes-da-globo-na-sessao-da-tarde-desta-semana\/\" target=\"_blank\" rel=\"noopener\"><strong>Confira os filmes da semana na Sess\u00e3o da Tarde<\/strong><\/a><\/br>\r\n<a href=\"https:\/\/classindportal.mj.gov.br\/consulta-filmes\" target=\"_blank\" rel=\"noopener\"><strong>Consulte a classifica\u00e7\u00e3o indicativa dos filmes e novelas<\/strong><\/a><\/br><\/div>\n","protected":false},"excerpt":{"rendered":"<p>Dona de Mim: Ap\u00f3s morte de Abel, invent\u00e1rio surpreende a fam\u00edlia&#8230; Em Dona de Mim, Abel (Tony Ramos) sofreu um grave acidente de carro provocado&#8230;<\/p>\n","protected":false},"author":1,"featured_media":80466,"comment_status":"closed","ping_status":"closed","sticky":false,"template":"","format":"standard","meta":{"_uf_show_specific_survey":0,"_uf_disable_surveys":false,"_jetpack_memberships_contains_paid_content":false,"footnotes":"","_wp_rev_ctl_limit":""},"categories":[884],"tags":[883,5],"class_list":["post-80465","post","type-post","status-publish","format-standard","has-post-thumbnail","hentry","category-dona-de-mim","tag-dona-de-mim","tag-globo","wpcat-884-id"],"aioseo_notices":[],"jetpack_featured_media_url":"https:\/\/i0.wp.com\/www.tvnovelas.com.br\/tvnews\/wp-content\/uploads\/2025\/08\/11724.jpg?fit=728%2C410&ssl=1","jetpack_shortlink":"https:\/\/wp.me\/pdP2BO-kVP","jetpack_sharing_enabled":true,"_links":{"self":[{"href":"https:\/\/www.tvnovelas.com.br\/tvnews\/wp-json\/wp\/v2\/posts\/80465","targetHints":{"allow":["GET"]}}],"collection":[{"href":"https:\/\/www.tvnovelas.com.br\/tvnews\/wp-json\/wp\/v2\/posts"}],"about":[{"href":"https:\/\/www.tvnovelas.com.br\/tvnews\/wp-json\/wp\/v2\/types\/post"}],"author":[{"embeddable":true,"href":"https:\/\/www.tvnovelas.com.br\/tvnews\/wp-json\/wp\/v2\/users\/1"}],"replies":[{"embeddable":true,"href":"https:\/\/www.tvnovelas.com.br\/tvnews\/wp-json\/wp\/v2\/comments?post=80465"}],"version-history":[{"count":2,"href":"https:\/\/www.tvnovelas.com.br\/tvnews\/wp-json\/wp\/v2\/posts\/80465\/revisions"}],"predecessor-version":[{"id":80468,"href":"https:\/\/www.tvnovelas.com.br\/tvnews\/wp-json\/wp\/v2\/posts\/80465\/revisions\/80468"}],"wp:featuredmedia":[{"embeddable":true,"href":"https:\/\/www.tvnovelas.com.br\/tvnews\/wp-json\/wp\/v2\/media\/80466"}],"wp:attachment":[{"href":"https:\/\/www.tvnovelas.com.br\/tvnews\/wp-json\/wp\/v2\/media?parent=80465"}],"wp:term":[{"taxonomy":"category","embeddable":true,"href":"https:\/\/www.tvnovelas.com.br\/tvnews\/wp-json\/wp\/v2\/categories?post=80465"},{"taxonomy":"post_tag","embeddable":true,"href":"https:\/\/www.tvnovelas.com.br\/tvnews\/wp-json\/wp\/v2\/tags?post=80465"}],"curies":[{"name":"wp","href":"https:\/\/api.w.org\/{rel}","templated":true}]}}