{"id":80480,"date":"2025-08-08T17:00:17","date_gmt":"2025-08-08T20:00:17","guid":{"rendered":"https:\/\/www.tvnovelas.com.br\/tvnews\/?p=80480"},"modified":"2025-08-09T09:13:21","modified_gmt":"2025-08-09T12:13:21","slug":"o-que-acontece-em-vale-tudo-na-semana-11-a-16-8","status":"publish","type":"post","link":"https:\/\/www.tvnovelas.com.br\/tvnews\/o-que-acontece-em-vale-tudo-na-semana-11-a-16-8\/","title":{"rendered":"O que acontece em Vale Tudo na semana 11 a 16\/8"},"content":{"rendered":"<p><em>Vale Tudo na semana 11 a 16\/8<\/em><\/p>\n<div style=\"background-color: #fbf3d5; border-style: solid; border-width: 0px 0px 10px 0px; solid green; border-radius: 30px; padding: 10px; font-size: 125%; text-align: justify;\">.<\/p>\n<p><figure id=\"attachment_80481\" aria-describedby=\"caption-attachment-80481\" style=\"width: 728px\" class=\"wp-caption aligncenter\"><img data-recalc-dims=\"1\" decoding=\"async\" class=\"wp-image-80481 size-full\" title=\"Vale Tudo na semana 11 a 16\/8\" src=\"https:\/\/i0.wp.com\/www.tvnovelas.com.br\/tvnews\/wp-content\/uploads\/2025\/08\/11726vt.jpg?resize=728%2C409&#038;ssl=1\" alt=\"Foto em Vale Tudo na semana 11 a 16\/8\" width=\"728\" height=\"409\" srcset=\"https:\/\/i0.wp.com\/www.tvnovelas.com.br\/tvnews\/wp-content\/uploads\/2025\/08\/11726vt.jpg?w=728&amp;ssl=1 728w, https:\/\/i0.wp.com\/www.tvnovelas.com.br\/tvnews\/wp-content\/uploads\/2025\/08\/11726vt.jpg?resize=250%2C140&amp;ssl=1 250w\" sizes=\"(max-width: 728px) 100vw, 728px\" \/><figcaption id=\"caption-attachment-80481\" class=\"wp-caption-text\">Vale Tudo na semana 11 a 16\/8<\/figcaption><\/figure><br \/>\n<strong style=\"color: #001bb7;\">Nos pr\u00f3ximos cap\u00edtulos de Vale Tudo, <\/strong>Walter consegue sabotar a comida da Paladar; Gilda confronta Walter sobre sua presen\u00e7a \u00e0 noite na Paladar; Poliana e Raquel confrontam Odete; Eug\u00eanio avisa a todos que Heleninha sumiu; Maria de F\u00e1tima descobre que Celina \u00e9 s\u00f3cia de Raquel na Paladar e a amea\u00e7a&#8230;<\/div>\n<h2 style=\"color: #001bb7;\">Resumo de segunda-feira, 11 de agosto<\/h2>\n<p>Walter consegue sabotar a comida da Paladar. Alde\u00edde conversa com Raquel sobre seu envolvimento com Andr\u00e9. Ocorre um apag\u00e3o na cidade. Lucimar come a maionese contaminada e passa mal. Raquel fica sabendo por Celina que foi Odete quem contaminou a maionese da Paladar e organiza um mutir\u00e3o entre os funcion\u00e1rios para recolhimento do produto. Gilda confronta Walter sobre sua presen\u00e7a \u00e0 noite na Paladar.<\/p>\n<h2 style=\"color: #001bb7;\">Resumo de ter\u00e7a-feira, 12 de agosto<\/h2>\n<p>Walter \u00e9 interrogado por todos da Paladar. Pascoal e Gilda decidem seguir Walter. Solange avisa a Sardinha que n\u00e3o quer contar a ningu\u00e9m que est\u00e1 gr\u00e1vida. Solange fica presa no elevador da TCA com Afonso. Pascoal e Gilda descobrem que Walter e Odete s\u00e3o um casal. Odete termina o relacionamento com Walter, e C\u00e9sar se interessa. Poliana e Raquel confrontam Odete. Lucimar e Jorginho gostam de saber que Vasco conseguiu uma quitinete no pr\u00e9dio em que eles moram. Celina confessa a Raquel seu temor de ser descoberta por Odete como s\u00f3cia da Paladar. Eug\u00eanio avisa a todos que Heleninha sumiu.<\/p>\n<h2 style=\"color: #001bb7;\">Resumo de quarta-feira, 13 de agosto<\/h2>\n<p>Celina fica desesperada com o sumi\u00e7o de Heleninha. C\u00e9sar e Odete passam a noite juntos. Tiago encontra Heleninha na rua em estado deplor\u00e1vel e toma uma atitude dr\u00e1stica para dar uma li\u00e7\u00e3o na m\u00e3e. Renato leva Heleninha para casa. Heleninha diz a Celina que Tiago sumiu. Renato e Marco Aur\u00e9lio saem em busca de Tiago. Tiago \u00e9 abordado por tr\u00eas jovens, e acaba sendo agredido e roubado por eles. Uma viatura da pol\u00edcia avisa a Marco Aur\u00e9lio que Tiago est\u00e1 no hospital. Marco Aur\u00e9lio culpa Heleninha. Heleninha promete a Tiago que vai parar de beber. Maria de F\u00e1tima nota que C\u00e9sar n\u00e3o passou a noite em casa. Solange conta a Renato que est\u00e1 gr\u00e1vida.<\/p>\n<h2 style=\"color: #001bb7;\">Resumo de quinta-feira, 14 de agosto<\/h2>\n<p>Renato questiona Solange sobre a paternidade de seu beb\u00ea. Poliana diz a Raquel que talvez eles precisem escolher entre continuar como s\u00f3cios de Celina ou brigar com Odete. Heleninha conversa com Afonso sobre sua inten\u00e7\u00e3o de procurar ajuda para parar de beber. Afonso acompanha Heleninha no AA. Ivan comenta com Raquel que pensa em procurar emprego fora da TCA. Maria de F\u00e1tima repara que C\u00e9sar est\u00e1 de roupas novas. Afonso fica sabendo da gravidez de Solange. Odete avisa a Ivan que resolver\u00e1 a dissolu\u00e7\u00e3o do contrato do executivo com a TCA depois que ele ajud\u00e1-la em um problema com a Receita Federal. Raquel alerta Ivan sobre Odete. Celina pergunta a Maria de F\u00e1tima o motivo de a jovem estar mentindo para Afonso. Afonso pergunta a Solange se ele \u00e9 o pai do beb\u00ea que ela espera.<\/p>\n<h2 style=\"color: #001bb7;\">Resumo de sexta-feira, 15 de agosto<\/h2>\n<p>Afonso avisa a Odete que descobrir\u00e1 se h\u00e1 algo de errado na contabilidade da TCA. Maria de F\u00e1tima paga a Marina para descobrir algum segredo de Celina. Ivan hesita ao ser chantageado por Odete para participar da negocia\u00e7\u00e3o com a Receita Federal de forma il\u00edcita. Ivan revela a Raquel seu desejo de se casar com ela. Marina fotografa as multas que Jarbas levou quando estava dirigindo para Celina. Celina segue Maria de F\u00e1tima e descobre que ela aluga um apart hotel. Maria de F\u00e1tima descobre que Celina \u00e9 s\u00f3cia de Raquel na Paladar. Maria de F\u00e1tima amea\u00e7a Celina.<\/p>\n<h2 style=\"color: #001bb7;\">Resumo de s\u00e1bado, 16 de agosto<\/h2>\n<p>Maria de F\u00e1tima avisa a Celina que C\u00e9sar \u00e9 seu amigo. Consu\u00ealo elogia Afonso para Marieta. Maria de F\u00e1tima revela a C\u00e9sar que conseguiu engravidar. Solange descobre que est\u00e1 esperando g\u00eameos. Celina avisa a Maria de F\u00e1tima que Afonso \u00e9 est\u00e9ril, e que Odete e o sobrinho n\u00e3o sabem. Celina amea\u00e7a Maria de F\u00e1tima, sem se importar com a chantagem da jovem. C\u00e9sar sugere que F\u00e1tima interrompa a gravidez. Raquel n\u00e3o se sente confort\u00e1vel em ir \u00e0 \u00f3pera com Ivan, sabendo que \u00e9 um evento patrocinado pela fam\u00edlia Roitman. Raquel se nega a falar com Maria de F\u00e1tima no evento no Teatro Municipal. Maria de F\u00e1tima tem atitude extrema para dar fim a sua gravidez.<br \/>\n<!--FIM--><br \/>\n<strong>Sobre a novela<\/strong><br \/>\n<a href=\"https:\/\/wp.me\/pfspD2-U7\" target=\"_blank\" rel=\"noopener\">Vale Tudo: Conflitos de princ\u00edpios e valores (Sinopse)<\/a><\/p>\n<p><a href=\"https:\/\/wp.me\/pfspD2-oI\" target=\"_blank\" rel=\"noopener\">Vale Tudo: Invers\u00e3o de valores no final dos anos 1980<\/a> (Sinopse)<\/p>\n<div style=\"font-size: 120%;\"><h3>Confira tamb\u00e9m<\/h3>\r\n<a href=\"https:\/\/tvnovelas.com.br\/novelas\/\" rel=\"noopener\" target=\"_blank\"><strong>Todos os resumos de novelas<\/strong><\/a><\/br>\r\n<a href=\"https:\/\/www.tvnovelas.com.br\/tvnews\/\" rel=\"noopener\" target=\"_blank\"><strong>\u00daltimas not\u00edcias das novelas<\/strong><\/a><\/br>\r\n<a href=\"https:\/\/www.tvnovelas.com.br\/filmes\/\" target=\"_blank\" rel=\"noopener noreferrer\"><strong>Programa\u00e7\u00e3o de filmes na TV aberta<\/strong><\/a><\/br>\r\n<a href=\"https:\/\/caetenews.com.br\/semana\/filmes-da-globo-na-sessao-da-tarde-desta-semana\/\" target=\"_blank\" rel=\"noopener\"><strong>Confira os filmes da semana na Sess\u00e3o da Tarde<\/strong><\/a><\/br>\r\n<a href=\"https:\/\/classindportal.mj.gov.br\/consulta-filmes\" target=\"_blank\" rel=\"noopener\"><strong>Consulte a classifica\u00e7\u00e3o indicativa dos filmes e novelas<\/strong><\/a><\/br><br \/>\n&lt;\/div<\/div>\n","protected":false},"excerpt":{"rendered":"<p>Vale Tudo na semana 11 a 16\/8&#8230; Nos pr\u00f3ximos cap\u00edtulos de Vale Tudo, <\/strong>Walter consegue sabotar a comida da Paladar; Gilda confronta Walter sobre sua presen\u00e7a&#8230;<\/p>\n","protected":false},"author":1,"featured_media":80481,"comment_status":"closed","ping_status":"closed","sticky":false,"template":"","format":"standard","meta":{"_uf_show_specific_survey":0,"_uf_disable_surveys":false,"_jetpack_memberships_contains_paid_content":false,"footnotes":"","_wp_rev_ctl_limit":""},"categories":[871],"tags":[5,64,801],"class_list":["post-80480","post","type-post","status-publish","format-standard","has-post-thumbnail","hentry","category-vale-tudo","tag-globo","tag-novelas","tag-vale-tudo","wpcat-871-id"],"aioseo_notices":[],"jetpack_featured_media_url":"https:\/\/i0.wp.com\/www.tvnovelas.com.br\/tvnews\/wp-content\/uploads\/2025\/08\/11726vt.jpg?fit=728%2C409&ssl=1","jetpack_shortlink":"https:\/\/wp.me\/pdP2BO-kW4","jetpack_sharing_enabled":true,"_links":{"self":[{"href":"https:\/\/www.tvnovelas.com.br\/tvnews\/wp-json\/wp\/v2\/posts\/80480","targetHints":{"allow":["GET"]}}],"collection":[{"href":"https:\/\/www.tvnovelas.com.br\/tvnews\/wp-json\/wp\/v2\/posts"}],"about":[{"href":"https:\/\/www.tvnovelas.com.br\/tvnews\/wp-json\/wp\/v2\/types\/post"}],"author":[{"embeddable":true,"href":"https:\/\/www.tvnovelas.com.br\/tvnews\/wp-json\/wp\/v2\/users\/1"}],"replies":[{"embeddable":true,"href":"https:\/\/www.tvnovelas.com.br\/tvnews\/wp-json\/wp\/v2\/comments?post=80480"}],"version-history":[{"count":4,"href":"https:\/\/www.tvnovelas.com.br\/tvnews\/wp-json\/wp\/v2\/posts\/80480\/revisions"}],"predecessor-version":[{"id":80537,"href":"https:\/\/www.tvnovelas.com.br\/tvnews\/wp-json\/wp\/v2\/posts\/80480\/revisions\/80537"}],"wp:featuredmedia":[{"embeddable":true,"href":"https:\/\/www.tvnovelas.com.br\/tvnews\/wp-json\/wp\/v2\/media\/80481"}],"wp:attachment":[{"href":"https:\/\/www.tvnovelas.com.br\/tvnews\/wp-json\/wp\/v2\/media?parent=80480"}],"wp:term":[{"taxonomy":"category","embeddable":true,"href":"https:\/\/www.tvnovelas.com.br\/tvnews\/wp-json\/wp\/v2\/categories?post=80480"},{"taxonomy":"post_tag","embeddable":true,"href":"https:\/\/www.tvnovelas.com.br\/tvnews\/wp-json\/wp\/v2\/tags?post=80480"}],"curies":[{"name":"wp","href":"https:\/\/api.w.org\/{rel}","templated":true}]}}