{"id":80494,"date":"2025-08-08T17:00:42","date_gmt":"2025-08-08T20:00:42","guid":{"rendered":"https:\/\/www.tvnovelas.com.br\/tvnews\/?p=80494"},"modified":"2025-08-08T17:06:13","modified_gmt":"2025-08-08T20:06:13","slug":"o-que-rola-em-a-caverna-encantada-na-semana-11-a-15-8","status":"publish","type":"post","link":"https:\/\/www.tvnovelas.com.br\/tvnews\/o-que-rola-em-a-caverna-encantada-na-semana-11-a-15-8\/","title":{"rendered":"O que rola em A Caverna Encantada na semana 11 a 15\/8"},"content":{"rendered":"<div style=\"background-color: #fbf3d5; border-style: solid; border-width: 0px 0px 10px 0px; solid green; border-radius: 30px; padding: 10px; font-size: 125%; text-align: justify;\">\n.<\/p>\n<p><figure id=\"attachment_80495\" aria-describedby=\"caption-attachment-80495\" style=\"width: 728px\" class=\"wp-caption aligncenter\"><img data-recalc-dims=\"1\" decoding=\"async\" class=\"wp-image-80495 size-full\" title=\"(Foto: SBT\/A Caverna Encantada)\" src=\"https:\/\/i0.wp.com\/www.tvnovelas.com.br\/tvnews\/wp-content\/uploads\/2025\/08\/11729.jpg?resize=728%2C410&#038;ssl=1\" alt=\"Foto em O que rola em A Caverna Encantada na semana 11 a 15\/8\" width=\"728\" height=\"410\" srcset=\"https:\/\/i0.wp.com\/www.tvnovelas.com.br\/tvnews\/wp-content\/uploads\/2025\/08\/11729.jpg?w=728&amp;ssl=1 728w, https:\/\/i0.wp.com\/www.tvnovelas.com.br\/tvnews\/wp-content\/uploads\/2025\/08\/11729.jpg?resize=250%2C141&amp;ssl=1 250w\" sizes=\"(max-width: 728px) 100vw, 728px\" \/><figcaption id=\"caption-attachment-80495\" class=\"wp-caption-text\">O que rola em A Caverna Encantada na semana 11 a 15\/8<\/figcaption><\/figure><br \/>\n<strong style=\"color: #001bb7;\">Nos pr\u00f3ximos cap\u00edtulos de A Caverna Encantada, <\/strong>Norma controla alimenta\u00e7\u00e3o de Goma; Gabriel e Pilar tentam convencer Norma de que C\u00e9sar e Elisa n\u00e3o deveriam morar na biblioteca; As crian\u00e7as desconfiam de uma poss\u00edvel assombra\u00e7\u00e3o no col\u00e9gio; Norma decide que quer expulsar C\u00e9sar do col\u00e9gio; Goma desabafa com C\u00e9sar, dizendo que est\u00e1 cansado da vida de solteiro e revela estar apaixonado por Norma&#8230;<\/div>\n<h2 style=\"color: #001bb7;\">Resumo de segunda-feira, 11 de agosto<\/h2>\n<p>Tonico avisa Thomas que, se ele chatear Mois\u00e9s, ter\u00e1 que se entender com ele. Elisa volta a morar no col\u00e9gio com autoriza\u00e7\u00e3o de Norma, que permite que C\u00e9sar viva com ela. Confuso, Goma pensa em terminar o relacionamento com Norma, mas enfrenta dificuldades. Binho e Benjamin descobrem que o grupo Pequenotts chegou ao fim. Gabriel e Tonico fazem as pazes. Dalete desabafa com Thomas, dizendo que sente que ele n\u00e3o a considera a m\u00e3e de Mois\u00e9s. Norma passa a controlar a alimenta\u00e7\u00e3o de Goma.<\/p>\n<h2 style=\"color: #001bb7;\">Resumo de ter\u00e7a-feira, 12 de agosto<\/h2>\n<p>Elisa e C\u00e9sar transformam a biblioteca do col\u00e9gio no quarto deles, o que incomoda as alunas, pois \u00e9 por ali que se acessa a passagem secreta para a caverna. Emocionada, Anna cai e se machuca. Na cerim\u00f4nia de coroa\u00e7\u00e3o dos Lu\u00edses, Senor, Binho e Benjamin retornam ao grupo, enquanto Felipe e Rui se tornam membros oficiais. Norma chora no ombro de Goma, preocupada com a sa\u00fade dele. Goma confessa a Faf\u00e1 que est\u00e1 desenvolvendo sentimentos reais por Norma. O ver\u00e3o chega \u00e0 cidade de Milagres, anunciando novos tempos.<\/p>\n<h2 style=\"color: #001bb7;\">Resumo de quarta-feira, 13 de agosto<\/h2>\n<p>Betina acusa Thomas de ter arruinado a vida dela, de Cristina e at\u00e9 de Mois\u00e9s. Gabriel e Pilar tentam convencer Norma de que C\u00e9sar e Elisa n\u00e3o deveriam morar na biblioteca. Elisa acusa Pilar de inveja e de querer acabar com seu relacionamento. Para decidir quem ficar\u00e1 com a biblioteca, Norma prop\u00f5e desafios entre os casais. Felipe organiza uma festa no col\u00e9gio, e durante o evento, Pedro mostra uma foto secreta para Isadora, revelando que uma antiga integrante chamada Ana L\u00facia foi uma Lu\u00edses. Os demais membros ficam revoltados com a exposi\u00e7\u00e3o de um segredo. Goma mostra a alian\u00e7a para Faf\u00e1 que comprou para Norma, mas ela cai no ch\u00e3o; ao peg\u00e1-la, Norma v\u00ea a cena e pensa que ele est\u00e1 pedindo Faf\u00e1 em casamento.<\/p>\n<h2 style=\"color: #001bb7;\">Resumo de quinta-feira, 14 de agosto<\/h2>\n<p>Na festa de Felipe, Dalete e Tonico dan\u00e7am juntinhos e as crian\u00e7as percebem o clima de romance. Thomas mexe nos fios de alta tens\u00e3o da casa de Goma, causando um apag\u00e3o em Milagres. Goma se explica para Norma, entrega a alian\u00e7a e, com ajuda de Flora, prepara um jantar para ela. Na escurid\u00e3o, Betina sente medo e se refugia na casa das detetives. As crian\u00e7as desconfiam de uma poss\u00edvel assombra\u00e7\u00e3o no col\u00e9gio. Norma decide que quer expulsar C\u00e9sar do col\u00e9gio.<\/p>\n<h2 style=\"color: #001bb7;\">Resumo de sexta-feira, 15 de agosto<\/h2>\n<p>Cristina retorna oficialmente a Milagres. C\u00e9sar diz a Goma que ele nunca amou Norma nem queria se casar com ela. Goma rebate, alegando que ele tamb\u00e9m nunca quis morar com Elisa. Norma e Elisa ouvem a conversa, ficam indignadas e se afastam deles. Mais tarde, Goma desabafa com C\u00e9sar, dizendo que est\u00e1 cansado da vida de solteiro, revela estar apaixonado por Norma e pede que o amigo amadure\u00e7a e tenha responsabilidade emocional. Cristina lamenta o fim de sua carreira musical. Lav\u00ednia flagra Anna mexendo em uma caixa com objetos de Paulo; Anna pede que ela entregue os itens a Pilar, junto com um recado.<br \/>\n<!--FIM--><\/p>\n<div style=\"font-size: 120%;\"><h3>Confira tamb\u00e9m<\/h3>\r\n<a href=\"https:\/\/tvnovelas.com.br\/novelas\/\" rel=\"noopener\" target=\"_blank\"><strong>Todos os resumos de novelas<\/strong><\/a><\/br>\r\n<a href=\"https:\/\/www.tvnovelas.com.br\/tvnews\/\" rel=\"noopener\" target=\"_blank\"><strong>\u00daltimas not\u00edcias das novelas<\/strong><\/a><\/br>\r\n<a href=\"https:\/\/www.tvnovelas.com.br\/filmes\/\" target=\"_blank\" rel=\"noopener noreferrer\"><strong>Programa\u00e7\u00e3o de filmes na TV aberta<\/strong><\/a><\/br>\r\n<a href=\"https:\/\/caetenews.com.br\/semana\/filmes-da-globo-na-sessao-da-tarde-desta-semana\/\" target=\"_blank\" rel=\"noopener\"><strong>Confira os filmes da semana na Sess\u00e3o da Tarde<\/strong><\/a><\/br>\r\n<a href=\"https:\/\/classindportal.mj.gov.br\/consulta-filmes\" target=\"_blank\" rel=\"noopener\"><strong>Consulte a classifica\u00e7\u00e3o indicativa dos filmes e novelas<\/strong><\/a><\/br><\/div>\n","protected":false},"excerpt":{"rendered":"<p>O que rola em A Caverna Encantada na semana 11 a 15\/8&#8230;. Nos pr\u00f3ximos cap\u00edtulos de A Caverna Encantada, Norma controla alimenta\u00e7\u00e3o de Goma; Gabriel e Pilar&#8230;<\/p>\n","protected":false},"author":1,"featured_media":80495,"comment_status":"closed","ping_status":"closed","sticky":false,"template":"","format":"standard","meta":{"_uf_show_specific_survey":0,"_uf_disable_surveys":false,"_jetpack_memberships_contains_paid_content":false,"footnotes":"","_wp_rev_ctl_limit":""},"categories":[766],"tags":[767,64],"class_list":["post-80494","post","type-post","status-publish","format-standard","has-post-thumbnail","hentry","category-a-caverna-encantada","tag-a-caverna-encantada","tag-novelas","wpcat-766-id"],"aioseo_notices":[],"jetpack_featured_media_url":"https:\/\/i0.wp.com\/www.tvnovelas.com.br\/tvnews\/wp-content\/uploads\/2025\/08\/11729.jpg?fit=728%2C410&ssl=1","jetpack_shortlink":"https:\/\/wp.me\/pdP2BO-kWi","jetpack_sharing_enabled":true,"_links":{"self":[{"href":"https:\/\/www.tvnovelas.com.br\/tvnews\/wp-json\/wp\/v2\/posts\/80494","targetHints":{"allow":["GET"]}}],"collection":[{"href":"https:\/\/www.tvnovelas.com.br\/tvnews\/wp-json\/wp\/v2\/posts"}],"about":[{"href":"https:\/\/www.tvnovelas.com.br\/tvnews\/wp-json\/wp\/v2\/types\/post"}],"author":[{"embeddable":true,"href":"https:\/\/www.tvnovelas.com.br\/tvnews\/wp-json\/wp\/v2\/users\/1"}],"replies":[{"embeddable":true,"href":"https:\/\/www.tvnovelas.com.br\/tvnews\/wp-json\/wp\/v2\/comments?post=80494"}],"version-history":[{"count":3,"href":"https:\/\/www.tvnovelas.com.br\/tvnews\/wp-json\/wp\/v2\/posts\/80494\/revisions"}],"predecessor-version":[{"id":80535,"href":"https:\/\/www.tvnovelas.com.br\/tvnews\/wp-json\/wp\/v2\/posts\/80494\/revisions\/80535"}],"wp:featuredmedia":[{"embeddable":true,"href":"https:\/\/www.tvnovelas.com.br\/tvnews\/wp-json\/wp\/v2\/media\/80495"}],"wp:attachment":[{"href":"https:\/\/www.tvnovelas.com.br\/tvnews\/wp-json\/wp\/v2\/media?parent=80494"}],"wp:term":[{"taxonomy":"category","embeddable":true,"href":"https:\/\/www.tvnovelas.com.br\/tvnews\/wp-json\/wp\/v2\/categories?post=80494"},{"taxonomy":"post_tag","embeddable":true,"href":"https:\/\/www.tvnovelas.com.br\/tvnews\/wp-json\/wp\/v2\/tags?post=80494"}],"curies":[{"name":"wp","href":"https:\/\/api.w.org\/{rel}","templated":true}]}}